{"id":40453,"date":"2020-02-03T18:26:13","date_gmt":"2020-02-03T17:26:13","guid":{"rendered":"http:\/\/www.raccontinellarete.it\/?p=40453"},"modified":"2020-02-13T12:41:59","modified_gmt":"2020-02-13T11:41:59","slug":"sabato-8-febbraio-racconti-nella-rete-a-firenze","status":"publish","type":"post","link":"https:\/\/www.raccontinellarete.it\/?p=40453","title":{"rendered":"Sabato 8 febbraio Racconti nella Rete a Firenze"},"content":{"rendered":"\n<p>FIRENZE \u2013 SABATO 8 FEBBRAIO alle 17 alla libreria IBS LIBRACCIO, via de Cerretani \u2013 Firenze, \u00e8 in programma la presentazione dell\u2019antologia Racconti nella Rete (Castelvecchi) alla presenza di alcuni vincitori del premio letterario Racconti nella Rete. <br>Con Demetrio Brandi, presidente del premio, intervengono Monica Menzogni, Silvia Schiavo, Luca Bonacina, Cinzia Montagna, Silvia Bello Molteni, Laura Florio, Danilo Nucci. Con la partecipazione di Elena Marchini.<br>L\u2019antologia \u00e8 arricchita dalla copertina realizzata da Bruno Cannucciari e dalla prefazione di Alice Cappagli. <br>Il volume raccoglie i 25 racconti vincitori della diciottesima edizione del premio, che si svolge ogni anno nel sito www.raccontinellarete.it . Scrigno di piccole storie compiute, l\u2019antologia diventa testimonianza del tempo in cui viviamo ed espressione di tematiche sociali affrontate a volte con leggerezza altre volte con passione, sensibilit\u00e0 e rabbia. Espressione di una qualit\u00e0 letteraria in continua crescita, i racconti si caratterizzano per una prosa sempre pi\u00f9 raffinata e variegata e con stili narrativi originali. Durante l\u2019incontro verr\u00e0 presentata la nuova edizione del premio, riservato a racconti brevi e soggetti per cortometraggi. Il concorso, che prevede anche una sezione dedicata ai racconti per bambini, \u00e8 in pieno svolgimento nel sito www.raccontinellarete.it e si concluder\u00e0 il 31 maggio. Dopo ci sar\u00e0 la selezione dei racconti, la pubblicazione e la premiazione a Lucca, nell\u2019ambito del Festival LuccAutori. <br> Il vincitore della sezione corti vede realizzato il proprio cortometraggio in collaborazione con la scuola di cinema Immagina di Firenze. Il Premio letterario \u201cRacconti nella Rete\u201d viene considerato il pi\u00f9 grande premio nazionale per inediti online. <br> Una piattaforma di confronto per chi desidera mettersi alla prova con le parole, per quanti non temono di mettere a nudo i propri sentimenti sottoponendo i propri scritti al giudizio di altri lettori e scrittori. <br> La peculiarit\u00e0 del premio consiste nella pubblicazione nel sito di tutti racconti in concorso e nella possibilit\u00e0 che questi vengano letti e commentati dagli utenti.<\/p>\n\n\n\n<figure class=\"wp-block-image\"><img loading=\"lazy\" decoding=\"async\" width=\"1024\" height=\"576\" src=\"https:\/\/www.raccontinellarete.it\/301\/wp-content\/uploads\/2020\/02\/X-1024x576.jpg\" alt=\"\" class=\"wp-image-40513\" srcset=\"https:\/\/www.raccontinellarete.it\/301\/wp-content\/uploads\/2020\/02\/X-1024x576.jpg 1024w, https:\/\/www.raccontinellarete.it\/301\/wp-content\/uploads\/2020\/02\/X-344x193.jpg 344w, https:\/\/www.raccontinellarete.it\/301\/wp-content\/uploads\/2020\/02\/X-768x432.jpg 768w, https:\/\/www.raccontinellarete.it\/301\/wp-content\/uploads\/2020\/02\/X.jpg 1599w\" sizes=\"(max-width: 1024px) 100vw, 1024px\" \/><\/figure>\n<div class=\"pvc_clear\"><\/div><p id=\"pvc_stats_40453\" class=\"pvc_stats all  \" data-element-id=\"40453\" style=\"\"><i class=\"pvc-stats-icon medium\" aria-hidden=\"true\"><svg aria-hidden=\"true\" focusable=\"false\" data-prefix=\"far\" data-icon=\"chart-bar\" role=\"img\" xmlns=\"http:\/\/www.w3.org\/2000\/svg\" viewBox=\"0 0 512 512\" class=\"svg-inline--fa fa-chart-bar fa-w-16 fa-2x\"><path fill=\"currentColor\" d=\"M396.8 352h22.4c6.4 0 12.8-6.4 12.8-12.8V108.8c0-6.4-6.4-12.8-12.8-12.8h-22.4c-6.4 0-12.8 6.4-12.8 12.8v230.4c0 6.4 6.4 12.8 12.8 12.8zm-192 0h22.4c6.4 0 12.8-6.4 12.8-12.8V140.8c0-6.4-6.4-12.8-12.8-12.8h-22.4c-6.4 0-12.8 6.4-12.8 12.8v198.4c0 6.4 6.4 12.8 12.8 12.8zm96 0h22.4c6.4 0 12.8-6.4 12.8-12.8V204.8c0-6.4-6.4-12.8-12.8-12.8h-22.4c-6.4 0-12.8 6.4-12.8 12.8v134.4c0 6.4 6.4 12.8 12.8 12.8zM496 400H48V80c0-8.84-7.16-16-16-16H16C7.16 64 0 71.16 0 80v336c0 17.67 14.33 32 32 32h464c8.84 0 16-7.16 16-16v-16c0-8.84-7.16-16-16-16zm-387.2-48h22.4c6.4 0 12.8-6.4 12.8-12.8v-70.4c0-6.4-6.4-12.8-12.8-12.8h-22.4c-6.4 0-12.8 6.4-12.8 12.8v70.4c0 6.4 6.4 12.8 12.8 12.8z\" class=\"\"><\/path><\/svg><\/i> <img loading=\"lazy\" decoding=\"async\" width=\"16\" height=\"16\" alt=\"Loading\" src=\"https:\/\/www.raccontinellarete.it\/301\/wp-content\/plugins\/page-views-count\/ajax-loader-2x.gif\" border=0 \/><\/p><div class=\"pvc_clear\"><\/div>","protected":false},"excerpt":{"rendered":"<p>FIRENZE \u2013 SABATO 8 FEBBRAIO alle 17 alla libreria IBS LIBRACCIO, via de Cerretani \u2013 Firenze, \u00e8 in programma la presentazione dell\u2019antologia Racconti nella Rete (Castelvecchi) alla presenza di alcuni vincitori del premio letterario Racconti nella Rete. Con Demetrio Brandi, presidente del premio, intervengono Monica Menzogni, Silvia Schiavo, Luca Bonacina, Cinzia Montagna, Silvia Bello Molteni, [&hellip;]<\/p>\n<div class=\"pvc_clear\"><\/div>\n<p id=\"pvc_stats_40453\" class=\"pvc_stats all  \" data-element-id=\"40453\" style=\"\"><i class=\"pvc-stats-icon medium\" aria-hidden=\"true\"><svg aria-hidden=\"true\" focusable=\"false\" data-prefix=\"far\" data-icon=\"chart-bar\" role=\"img\" xmlns=\"http:\/\/www.w3.org\/2000\/svg\" viewBox=\"0 0 512 512\" class=\"svg-inline--fa fa-chart-bar fa-w-16 fa-2x\"><path fill=\"currentColor\" d=\"M396.8 352h22.4c6.4 0 12.8-6.4 12.8-12.8V108.8c0-6.4-6.4-12.8-12.8-12.8h-22.4c-6.4 0-12.8 6.4-12.8 12.8v230.4c0 6.4 6.4 12.8 12.8 12.8zm-192 0h22.4c6.4 0 12.8-6.4 12.8-12.8V140.8c0-6.4-6.4-12.8-12.8-12.8h-22.4c-6.4 0-12.8 6.4-12.8 12.8v198.4c0 6.4 6.4 12.8 12.8 12.8zm96 0h22.4c6.4 0 12.8-6.4 12.8-12.8V204.8c0-6.4-6.4-12.8-12.8-12.8h-22.4c-6.4 0-12.8 6.4-12.8 12.8v134.4c0 6.4 6.4 12.8 12.8 12.8zM496 400H48V80c0-8.84-7.16-16-16-16H16C7.16 64 0 71.16 0 80v336c0 17.67 14.33 32 32 32h464c8.84 0 16-7.16 16-16v-16c0-8.84-7.16-16-16-16zm-387.2-48h22.4c6.4 0 12.8-6.4 12.8-12.8v-70.4c0-6.4-6.4-12.8-12.8-12.8h-22.4c-6.4 0-12.8 6.4-12.8 12.8v70.4c0 6.4 6.4 12.8 12.8 12.8z\" class=\"\"><\/path><\/svg><\/i> <img loading=\"lazy\" decoding=\"async\" width=\"16\" height=\"16\" alt=\"Loading\" src=\"https:\/\/www.raccontinellarete.it\/301\/wp-content\/plugins\/page-views-count\/ajax-loader-2x.gif\" border=0 \/><\/p>\n<div class=\"pvc_clear\"><\/div>\n","protected":false},"author":3,"featured_media":40532,"comment_status":"open","ping_status":"closed","sticky":false,"template":"","format":"standard","meta":{"footnotes":""},"categories":[87,547,543,5],"tags":[],"class_list":["post-40453","post","type-post","status-publish","format-standard","has-post-thumbnail","hentry","category-comunicato-stampa","category-f-o-r-u-m","category-forum-di-racconti-nella-rete","category-racconti-nella-rete"],"_links":{"self":[{"href":"https:\/\/www.raccontinellarete.it\/index.php?rest_route=\/wp\/v2\/posts\/40453"}],"collection":[{"href":"https:\/\/www.raccontinellarete.it\/index.php?rest_route=\/wp\/v2\/posts"}],"about":[{"href":"https:\/\/www.raccontinellarete.it\/index.php?rest_route=\/wp\/v2\/types\/post"}],"author":[{"embeddable":true,"href":"https:\/\/www.raccontinellarete.it\/index.php?rest_route=\/wp\/v2\/users\/3"}],"replies":[{"embeddable":true,"href":"https:\/\/www.raccontinellarete.it\/index.php?rest_route=%2Fwp%2Fv2%2Fcomments&post=40453"}],"version-history":[{"count":3,"href":"https:\/\/www.raccontinellarete.it\/index.php?rest_route=\/wp\/v2\/posts\/40453\/revisions"}],"predecessor-version":[{"id":40547,"href":"https:\/\/www.raccontinellarete.it\/index.php?rest_route=\/wp\/v2\/posts\/40453\/revisions\/40547"}],"wp:featuredmedia":[{"embeddable":true,"href":"https:\/\/www.raccontinellarete.it\/index.php?rest_route=\/wp\/v2\/media\/40532"}],"wp:attachment":[{"href":"https:\/\/www.raccontinellarete.it\/index.php?rest_route=%2Fwp%2Fv2%2Fmedia&parent=40453"}],"wp:term":[{"taxonomy":"category","embeddable":true,"href":"https:\/\/www.raccontinellarete.it\/index.php?rest_route=%2Fwp%2Fv2%2Fcategories&post=40453"},{"taxonomy":"post_tag","embeddable":true,"href":"https:\/\/www.raccontinellarete.it\/index.php?rest_route=%2Fwp%2Fv2%2Ftags&post=40453"}],"curies":[{"name":"wp","href":"https:\/\/api.w.org\/{rel}","templated":true}]}}