{"id":40192,"date":"2019-12-20T18:46:10","date_gmt":"2019-12-20T17:46:10","guid":{"rendered":"http:\/\/www.raccontinellarete.it\/?p=40192"},"modified":"2019-12-30T18:22:56","modified_gmt":"2019-12-30T17:22:56","slug":"buon-natale-e-felice-2020","status":"publish","type":"post","link":"https:\/\/www.raccontinellarete.it\/?p=40192","title":{"rendered":"Buon Natale e felice 2020"},"content":{"rendered":"\n<figure class=\"wp-block-image\"><img loading=\"lazy\" decoding=\"async\" width=\"1024\" height=\"450\" src=\"https:\/\/www.raccontinellarete.it\/301\/wp-content\/uploads\/2019\/12\/auguri-2019-1024x450.jpg\" alt=\"\" class=\"wp-image-40193\" srcset=\"https:\/\/www.raccontinellarete.it\/301\/wp-content\/uploads\/2019\/12\/auguri-2019-1024x450.jpg 1024w, https:\/\/www.raccontinellarete.it\/301\/wp-content\/uploads\/2019\/12\/auguri-2019-344x151.jpg 344w, https:\/\/www.raccontinellarete.it\/301\/wp-content\/uploads\/2019\/12\/auguri-2019-768x337.jpg 768w, https:\/\/www.raccontinellarete.it\/301\/wp-content\/uploads\/2019\/12\/auguri-2019.jpg 1498w\" sizes=\"(max-width: 1024px) 100vw, 1024px\" \/><\/figure>\n\n\n\n<p>Buon Natale e buon anno a tutti gli amici di RACCONTI NELLA RETE. <\/p>\n\n\n\n<p>L&#8217;attivit\u00e0 del premio prosegue anche durante le festivit\u00e0. Inserite i vostri racconti e commentate quelli in concorso.  Il nostro prossimo incontro \u00e8 in programma a <strong>Napoli<\/strong>. <strong> <\/strong><\/p>\n\n\n\n<p><strong>Sabato 25 gennaio ore 18 alla Libreria Mondadori Bookstore, piazza Vanvitelli, \u00e8 in programma la presentazione dell\u2019antologia 2019 di Racconti nella Rete e la proiezione del corto \u201cNon lo faccia\u201d tratto dal soggetto di Katia Colica, vincitrice della sezione corti.<\/strong><\/p>\n\n\n\n<figure class=\"wp-block-image\"><img loading=\"lazy\" decoding=\"async\" width=\"917\" height=\"540\" src=\"https:\/\/www.raccontinellarete.it\/301\/wp-content\/uploads\/2019\/12\/78731208_10221081784694230_818692849053728768_o.jpg\" alt=\"\" class=\"wp-image-40107\" srcset=\"https:\/\/www.raccontinellarete.it\/301\/wp-content\/uploads\/2019\/12\/78731208_10221081784694230_818692849053728768_o.jpg 917w, https:\/\/www.raccontinellarete.it\/301\/wp-content\/uploads\/2019\/12\/78731208_10221081784694230_818692849053728768_o-344x203.jpg 344w, https:\/\/www.raccontinellarete.it\/301\/wp-content\/uploads\/2019\/12\/78731208_10221081784694230_818692849053728768_o-768x452.jpg 768w\" sizes=\"(max-width: 917px) 100vw, 917px\" \/><\/figure>\n\n\n\n<p><strong>Con il presidente del premio, Demetrio Brandi, saranno presenti gli autori Ida Raiola, Vincenzo Rocco, Cinzia Montagna, Marianna Guida, Gianluca Iaccarino, Ottavio Mirra, Piero Fittipaldi, Luigi Giampetraglia, Maria Sordino, Andrea Mauri. Letture di Filippo Zigante.<\/strong><\/p>\n\n\n\n<p>Siete tutti invitati a partecipare. Si parler\u00e0 anche della nuova edizione del premio, la 19^, in corso nel sito&nbsp;<a href=\"https:\/\/www.raccontinellarete.it\/\">www.raccontinellarete.it<\/a>. Vi aspettiamo!<\/p>\n<div class=\"pvc_clear\"><\/div><p id=\"pvc_stats_40192\" class=\"pvc_stats all  \" data-element-id=\"40192\" style=\"\"><i class=\"pvc-stats-icon medium\" aria-hidden=\"true\"><svg aria-hidden=\"true\" focusable=\"false\" data-prefix=\"far\" data-icon=\"chart-bar\" role=\"img\" xmlns=\"http:\/\/www.w3.org\/2000\/svg\" viewBox=\"0 0 512 512\" class=\"svg-inline--fa fa-chart-bar fa-w-16 fa-2x\"><path fill=\"currentColor\" d=\"M396.8 352h22.4c6.4 0 12.8-6.4 12.8-12.8V108.8c0-6.4-6.4-12.8-12.8-12.8h-22.4c-6.4 0-12.8 6.4-12.8 12.8v230.4c0 6.4 6.4 12.8 12.8 12.8zm-192 0h22.4c6.4 0 12.8-6.4 12.8-12.8V140.8c0-6.4-6.4-12.8-12.8-12.8h-22.4c-6.4 0-12.8 6.4-12.8 12.8v198.4c0 6.4 6.4 12.8 12.8 12.8zm96 0h22.4c6.4 0 12.8-6.4 12.8-12.8V204.8c0-6.4-6.4-12.8-12.8-12.8h-22.4c-6.4 0-12.8 6.4-12.8 12.8v134.4c0 6.4 6.4 12.8 12.8 12.8zM496 400H48V80c0-8.84-7.16-16-16-16H16C7.16 64 0 71.16 0 80v336c0 17.67 14.33 32 32 32h464c8.84 0 16-7.16 16-16v-16c0-8.84-7.16-16-16-16zm-387.2-48h22.4c6.4 0 12.8-6.4 12.8-12.8v-70.4c0-6.4-6.4-12.8-12.8-12.8h-22.4c-6.4 0-12.8 6.4-12.8 12.8v70.4c0 6.4 6.4 12.8 12.8 12.8z\" class=\"\"><\/path><\/svg><\/i> <img loading=\"lazy\" decoding=\"async\" width=\"16\" height=\"16\" alt=\"Loading\" src=\"https:\/\/www.raccontinellarete.it\/301\/wp-content\/plugins\/page-views-count\/ajax-loader-2x.gif\" border=0 \/><\/p><div class=\"pvc_clear\"><\/div>","protected":false},"excerpt":{"rendered":"<p>Buon Natale e buon anno a tutti gli amici di RACCONTI NELLA RETE. L&#8217;attivit\u00e0 del premio prosegue anche durante le festivit\u00e0. Inserite i vostri racconti e commentate quelli in concorso. Il nostro prossimo incontro \u00e8 in programma a Napoli. Sabato 25 gennaio ore 18 alla Libreria Mondadori Bookstore, piazza Vanvitelli, \u00e8 in programma la presentazione [&hellip;]<\/p>\n<div class=\"pvc_clear\"><\/div>\n<p id=\"pvc_stats_40192\" class=\"pvc_stats all  \" data-element-id=\"40192\" style=\"\"><i class=\"pvc-stats-icon medium\" aria-hidden=\"true\"><svg aria-hidden=\"true\" focusable=\"false\" data-prefix=\"far\" data-icon=\"chart-bar\" role=\"img\" xmlns=\"http:\/\/www.w3.org\/2000\/svg\" viewBox=\"0 0 512 512\" class=\"svg-inline--fa fa-chart-bar fa-w-16 fa-2x\"><path fill=\"currentColor\" d=\"M396.8 352h22.4c6.4 0 12.8-6.4 12.8-12.8V108.8c0-6.4-6.4-12.8-12.8-12.8h-22.4c-6.4 0-12.8 6.4-12.8 12.8v230.4c0 6.4 6.4 12.8 12.8 12.8zm-192 0h22.4c6.4 0 12.8-6.4 12.8-12.8V140.8c0-6.4-6.4-12.8-12.8-12.8h-22.4c-6.4 0-12.8 6.4-12.8 12.8v198.4c0 6.4 6.4 12.8 12.8 12.8zm96 0h22.4c6.4 0 12.8-6.4 12.8-12.8V204.8c0-6.4-6.4-12.8-12.8-12.8h-22.4c-6.4 0-12.8 6.4-12.8 12.8v134.4c0 6.4 6.4 12.8 12.8 12.8zM496 400H48V80c0-8.84-7.16-16-16-16H16C7.16 64 0 71.16 0 80v336c0 17.67 14.33 32 32 32h464c8.84 0 16-7.16 16-16v-16c0-8.84-7.16-16-16-16zm-387.2-48h22.4c6.4 0 12.8-6.4 12.8-12.8v-70.4c0-6.4-6.4-12.8-12.8-12.8h-22.4c-6.4 0-12.8 6.4-12.8 12.8v70.4c0 6.4 6.4 12.8 12.8 12.8z\" class=\"\"><\/path><\/svg><\/i> <img loading=\"lazy\" decoding=\"async\" width=\"16\" height=\"16\" alt=\"Loading\" src=\"https:\/\/www.raccontinellarete.it\/301\/wp-content\/plugins\/page-views-count\/ajax-loader-2x.gif\" border=0 \/><\/p>\n<div class=\"pvc_clear\"><\/div>\n","protected":false},"author":3,"featured_media":40193,"comment_status":"open","ping_status":"closed","sticky":false,"template":"","format":"standard","meta":{"footnotes":""},"categories":[87,547,543,5],"tags":[],"class_list":["post-40192","post","type-post","status-publish","format-standard","has-post-thumbnail","hentry","category-comunicato-stampa","category-f-o-r-u-m","category-forum-di-racconti-nella-rete","category-racconti-nella-rete"],"_links":{"self":[{"href":"https:\/\/www.raccontinellarete.it\/index.php?rest_route=\/wp\/v2\/posts\/40192"}],"collection":[{"href":"https:\/\/www.raccontinellarete.it\/index.php?rest_route=\/wp\/v2\/posts"}],"about":[{"href":"https:\/\/www.raccontinellarete.it\/index.php?rest_route=\/wp\/v2\/types\/post"}],"author":[{"embeddable":true,"href":"https:\/\/www.raccontinellarete.it\/index.php?rest_route=\/wp\/v2\/users\/3"}],"replies":[{"embeddable":true,"href":"https:\/\/www.raccontinellarete.it\/index.php?rest_route=%2Fwp%2Fv2%2Fcomments&post=40192"}],"version-history":[{"count":3,"href":"https:\/\/www.raccontinellarete.it\/index.php?rest_route=\/wp\/v2\/posts\/40192\/revisions"}],"predecessor-version":[{"id":40249,"href":"https:\/\/www.raccontinellarete.it\/index.php?rest_route=\/wp\/v2\/posts\/40192\/revisions\/40249"}],"wp:featuredmedia":[{"embeddable":true,"href":"https:\/\/www.raccontinellarete.it\/index.php?rest_route=\/wp\/v2\/media\/40193"}],"wp:attachment":[{"href":"https:\/\/www.raccontinellarete.it\/index.php?rest_route=%2Fwp%2Fv2%2Fmedia&parent=40192"}],"wp:term":[{"taxonomy":"category","embeddable":true,"href":"https:\/\/www.raccontinellarete.it\/index.php?rest_route=%2Fwp%2Fv2%2Fcategories&post=40192"},{"taxonomy":"post_tag","embeddable":true,"href":"https:\/\/www.raccontinellarete.it\/index.php?rest_route=%2Fwp%2Fv2%2Ftags&post=40192"}],"curies":[{"name":"wp","href":"https:\/\/api.w.org\/{rel}","templated":true}]}}