{"id":40147,"date":"2019-12-12T18:54:26","date_gmt":"2019-12-12T17:54:26","guid":{"rendered":"http:\/\/www.raccontinellarete.it\/?p=40147"},"modified":"2019-12-12T19:18:43","modified_gmt":"2019-12-12T18:18:43","slug":"premio-digital-news-aidr","status":"publish","type":"post","link":"https:\/\/www.raccontinellarete.it\/?p=40147","title":{"rendered":"Premio Digital News &#8211; Aidr"},"content":{"rendered":"\n<p>In occasione della serata di gala del &#8220;<strong>Premio Digital News<\/strong>&#8220;, organizzato a Roma da <a href=\"https:\/\/www.facebook.com\/ItalianDigitalRevolution\/?__tn__=K-R&amp;eid=ARBagVYCnBS4nDPHHWs0OgxplIg9rMFgjdjZYEp2QwQwrBZiruYd0m5zTH4jFfC1Lk8o3ga4iuaA7Bfv&amp;fref=mentions&amp;__xts__%5B0%5D=68.ARA3NJJUsNUZws2melIwX8cOIQ-qx_eH54ciXWxWWGw22XiKl5gZTUCqqMsImWyCkULhFxtnMjfKfLX4lmY1oXUIaJvgyz5s4YlND2TBOJXzxtBKbghfiJmGGkCSpDcI9x4wsEtYvHJRRkfMhTFsyeTIoAHBvQixxlweU60Qs12rOb2xsowYv9WHVmalLh2NHXpWYuKVm3G_aG1lag\">Italian Digital Revolution &#8211; AIDR<\/a> , il premio <strong>Racconti nella Rete<\/strong> \u00e8 stato degnamente rappresentato da due ex vincitori, <strong>Claudia Dalmastri<\/strong> e <strong>Giangiacomo Tedeschi<\/strong>. Nella foto li vediamo  insieme al presidente Aidr, <strong>Mauro Nicastri<\/strong>.<\/p>\n\n\n\n<figure class=\"wp-block-image\"><img loading=\"lazy\" decoding=\"async\" width=\"1024\" height=\"575\" src=\"https:\/\/www.raccontinellarete.it\/301\/wp-content\/uploads\/2019\/12\/1-1024x575.jpg\" alt=\"\" class=\"wp-image-40148\" srcset=\"https:\/\/www.raccontinellarete.it\/301\/wp-content\/uploads\/2019\/12\/1-1024x575.jpg 1024w, https:\/\/www.raccontinellarete.it\/301\/wp-content\/uploads\/2019\/12\/1-344x193.jpg 344w, https:\/\/www.raccontinellarete.it\/301\/wp-content\/uploads\/2019\/12\/1-768x431.jpg 768w, https:\/\/www.raccontinellarete.it\/301\/wp-content\/uploads\/2019\/12\/1.jpg 1600w\" sizes=\"(max-width: 1024px) 100vw, 1024px\" \/><\/figure>\n\n\n\n<p>La collaborazione tra Racconti nella Rete e Aidr si concretizza nel riconoscimento che ogni anno viene assegnato al pi\u00f9 giovane vincitore del premio letterario. Lo scorso ottobre, durante il festival LuccAutori, il premio Aidr \u00e8 stato assegnato alla giovanissima scrittrice calabrese <strong>Martina Scaramuzzino<\/strong>. <\/p>\n\n\n\n<h1 class=\"wp-block-heading\">\u201cDigital News\u201d, ecco i premi Aidr a giornalisti e comunicatori<\/h1>\n\n\n\n<h3 class=\"wp-block-heading\">Cerimonia di consegna ieri presso la sede della Link Campus University<\/h3>\n\n\n\n<figure class=\"wp-block-image\"><img decoding=\"async\" src=\"http:\/\/www.aidr.it\/wp-content\/uploads\/2019\/12\/Digital-news-De-Girolamo-300x199.jpeg\" alt=\"\" class=\"wp-image-5436\"\/><\/figure>\n\n\n\n<h3 class=\"wp-block-heading\">Prima dell\u2019iniziativa, convegno&nbsp;<em>\u201cIndustria turistica: Interazioni digitali e cyber security\u201d<\/em><\/h3>\n\n\n\n<p><strong>Roma, 12 dicembre<\/strong>&nbsp;\u2013&nbsp;<strong>Gaspare Borsellino, Claudio Brachino, Augusto Cantelmi, Barbara Carfagna, Nunzia De Girolamo, Alexander Jakhnagiev, Paolo Liguori, Stefano Pacifici, Andrea Pancani, David Parenzo, Sonia Sarno.&nbsp;<\/strong>Sono loro igiornalisti e i comunicatori distintisi per&nbsp;<em>\u201ccreativit\u00e0, innovazione e pragmatismo, nell\u2019ambito dei contenuti digitali<\/em>\u201d, ai quali sono stati assegnati i premi \u201c<strong>Digital News\u201d<\/strong>, su iniziativa dell\u2019<strong>Aidr<\/strong>&nbsp;\u2013 Associazione italian digital revolution \u2013 e della&nbsp;<strong>Link Campus University,&nbsp;<\/strong>con il patrocinio istituzionale della Commissione europea, dell\u2019Agenzia per l\u2019Italia Digitale, del FormezPA e della Regione Lazio. La cerimonia di consegna \u00e8 avvenuta ieri, presso la sede dell\u2019ateneo, all\u2019interno di una serata di gala che ha avuto come madrina&nbsp;<strong>Maria Antonietta Spadorcia<\/strong>, giornalista Rai e volto noto del&nbsp;<em>Tg2<\/em>. In sala, personalit\u00e0 provenienti dal mondo della politica, dell\u2019economia, della societ\u00e0, dei media e della pubblica amministrazione. La targa del premio \u00e8 stata realizzata dagli studenti del Liceo Artistico \u201cSilvio Lopiano\u201d di Cetraro (Cosenza), guidati dal dirigente Graziano Di Pasqua.<\/p>\n\n\n\n<p><strong>Il convegno<\/strong>. La cerimonia \u00e8 stata preceduta dal convegno&nbsp;<strong><em>\u201cIndustria turistica: Interazioni digitali e cyber security\u201d.&nbsp;<\/em><\/strong>Un appuntamento in cui si \u00e8 avviato il dibattito e si sono analizzati gli aspetti delicati di gestione dell\u2019identit\u00e0 e nuovi pagamenti e la minaccia crescente del cybercrime sulla gestione dei dati sensibili che, nel corso dei viaggi, disseminiamo tra alberghi, ristoranti e shopping.&nbsp;<em>\u201cLa trasformazione digitale sta rivoluzionando l\u2019industria turistica e le nuove forme di pagamento hanno introdotto modalit\u00e0 di interazione con il turista che implicano rischi associati alla sicurezza informatica<\/em>&nbsp;\u2013 ha dichiarato&nbsp;<strong>Edoardo Colombo<\/strong>, responsabile osservatorio turismo digitale di Aidr -.&nbsp;<em>Per rimanere competitivi \u00e8 urgente che il turismo diventi una priorit\u00e0 dell\u2019agenda digitale, al fine di sostenere gli operatori di fronte all\u2019urgenza di aggiornamento<\/em>\u201d.<\/p>\n\n\n\n<figure class=\"wp-block-image\"><img decoding=\"async\" src=\"http:\/\/www.aidr.it\/wp-content\/uploads\/2019\/12\/Digital-news-Liguori-300x199.jpg\" alt=\"\" class=\"wp-image-5437\"\/><\/figure>\n\n\n\n<p><strong>Aidr<\/strong>. \u201c<em>Per noi, come sa bene chi ci segue, la questione della cultura digitale \u00e8 centrale<\/em>&nbsp;\u2013 ha affermato&nbsp;<strong>Mauro Nicastri<\/strong>, dell\u2019Agenzia per l\u2019Italia Digitale e presidente Aidr -.&nbsp;<em>Da ormai quattro anni ci battiamo in lungo e largo per provare a fare in modo che il centro del contendere quando si parla di innovazione digitale siano la cultura e la formazione. Questa iniziativa segna un altro passo importante perch\u00e9 abbiamo voluto, con il convegno sull\u2019industria turistica, trattare gli aspetti delicati di gestione dell\u2019identit\u00e0 digitale, i nuovi pagamenti e la minaccia crescente del Cybercrime sulla gestione dei dati sensibili che nel corso dei viaggi disseminiamo tra alberghi, ristoranti e shopping. Ugualmente, con il Premio Digital News vogliamo collaborare con i giornalisti, che si distinguono per creativit\u00e0, innovazione e pragmaticit\u00e0, affinch\u00e9 la comunicazione possa orientare i cittadini in modo consapevole dentro alla rivoluzione digitale\u201d.<\/em><\/p>\n\n\n\n<p><strong>Link Campus University<\/strong><em>. \u201cSono particolarmente soddisfatto della collaborazione con Aidr perch\u00e9 sta dimostrando che \u00e8 possibile lavorare sulla diffusione della cultura digitale in un Paese che fatica a mettere al centro delle proprie strategie l\u2019innovazione e la ricerca<\/em>&nbsp;\u2013 ha affermato&nbsp;<strong>Vincenzo Scotti<\/strong>, presidente della Link Campus University -.&nbsp;<em>La nostra Universit\u00e0, anche attraverso il Centro di ricerca DITES, \u00e8 molto impegnata su questo tema per raggiungere risultati concreti in un mondo in continua trasformazione<\/em>\u201d.<\/p>\n\n\n\n<p>La serata si \u00e8 conclusa con il sorteggio di 2 orologi Locman \u2013 offerti dall\u2019Associazione Ambiente e Societ\u00e0 e dalla stessa Locman \u2013 nell\u2019ambito di una raccolta fondi avviata da Aidr a favore di un centro anti cyber-bullismo.<\/p>\n\n\n\n<p><\/p>\n<div class=\"pvc_clear\"><\/div><p id=\"pvc_stats_40147\" class=\"pvc_stats all  \" data-element-id=\"40147\" style=\"\"><i class=\"pvc-stats-icon medium\" aria-hidden=\"true\"><svg aria-hidden=\"true\" focusable=\"false\" data-prefix=\"far\" data-icon=\"chart-bar\" role=\"img\" xmlns=\"http:\/\/www.w3.org\/2000\/svg\" viewBox=\"0 0 512 512\" class=\"svg-inline--fa fa-chart-bar fa-w-16 fa-2x\"><path fill=\"currentColor\" d=\"M396.8 352h22.4c6.4 0 12.8-6.4 12.8-12.8V108.8c0-6.4-6.4-12.8-12.8-12.8h-22.4c-6.4 0-12.8 6.4-12.8 12.8v230.4c0 6.4 6.4 12.8 12.8 12.8zm-192 0h22.4c6.4 0 12.8-6.4 12.8-12.8V140.8c0-6.4-6.4-12.8-12.8-12.8h-22.4c-6.4 0-12.8 6.4-12.8 12.8v198.4c0 6.4 6.4 12.8 12.8 12.8zm96 0h22.4c6.4 0 12.8-6.4 12.8-12.8V204.8c0-6.4-6.4-12.8-12.8-12.8h-22.4c-6.4 0-12.8 6.4-12.8 12.8v134.4c0 6.4 6.4 12.8 12.8 12.8zM496 400H48V80c0-8.84-7.16-16-16-16H16C7.16 64 0 71.16 0 80v336c0 17.67 14.33 32 32 32h464c8.84 0 16-7.16 16-16v-16c0-8.84-7.16-16-16-16zm-387.2-48h22.4c6.4 0 12.8-6.4 12.8-12.8v-70.4c0-6.4-6.4-12.8-12.8-12.8h-22.4c-6.4 0-12.8 6.4-12.8 12.8v70.4c0 6.4 6.4 12.8 12.8 12.8z\" class=\"\"><\/path><\/svg><\/i> <img loading=\"lazy\" decoding=\"async\" width=\"16\" height=\"16\" alt=\"Loading\" src=\"https:\/\/www.raccontinellarete.it\/301\/wp-content\/plugins\/page-views-count\/ajax-loader-2x.gif\" border=0 \/><\/p><div class=\"pvc_clear\"><\/div>","protected":false},"excerpt":{"rendered":"<p>In occasione della serata di gala del &#8220;Premio Digital News&#8220;, organizzato a Roma da Italian Digital Revolution &#8211; AIDR , il premio Racconti nella Rete \u00e8 stato degnamente rappresentato da due ex vincitori, Claudia Dalmastri e Giangiacomo Tedeschi. Nella foto li vediamo insieme al presidente Aidr, Mauro Nicastri. La collaborazione tra Racconti nella Rete e [&hellip;]<\/p>\n<div class=\"pvc_clear\"><\/div>\n<p id=\"pvc_stats_40147\" class=\"pvc_stats all  \" data-element-id=\"40147\" style=\"\"><i class=\"pvc-stats-icon medium\" aria-hidden=\"true\"><svg aria-hidden=\"true\" focusable=\"false\" data-prefix=\"far\" data-icon=\"chart-bar\" role=\"img\" xmlns=\"http:\/\/www.w3.org\/2000\/svg\" viewBox=\"0 0 512 512\" class=\"svg-inline--fa fa-chart-bar fa-w-16 fa-2x\"><path fill=\"currentColor\" d=\"M396.8 352h22.4c6.4 0 12.8-6.4 12.8-12.8V108.8c0-6.4-6.4-12.8-12.8-12.8h-22.4c-6.4 0-12.8 6.4-12.8 12.8v230.4c0 6.4 6.4 12.8 12.8 12.8zm-192 0h22.4c6.4 0 12.8-6.4 12.8-12.8V140.8c0-6.4-6.4-12.8-12.8-12.8h-22.4c-6.4 0-12.8 6.4-12.8 12.8v198.4c0 6.4 6.4 12.8 12.8 12.8zm96 0h22.4c6.4 0 12.8-6.4 12.8-12.8V204.8c0-6.4-6.4-12.8-12.8-12.8h-22.4c-6.4 0-12.8 6.4-12.8 12.8v134.4c0 6.4 6.4 12.8 12.8 12.8zM496 400H48V80c0-8.84-7.16-16-16-16H16C7.16 64 0 71.16 0 80v336c0 17.67 14.33 32 32 32h464c8.84 0 16-7.16 16-16v-16c0-8.84-7.16-16-16-16zm-387.2-48h22.4c6.4 0 12.8-6.4 12.8-12.8v-70.4c0-6.4-6.4-12.8-12.8-12.8h-22.4c-6.4 0-12.8 6.4-12.8 12.8v70.4c0 6.4 6.4 12.8 12.8 12.8z\" class=\"\"><\/path><\/svg><\/i> <img loading=\"lazy\" decoding=\"async\" width=\"16\" height=\"16\" alt=\"Loading\" src=\"https:\/\/www.raccontinellarete.it\/301\/wp-content\/plugins\/page-views-count\/ajax-loader-2x.gif\" border=0 \/><\/p>\n<div class=\"pvc_clear\"><\/div>\n","protected":false},"author":3,"featured_media":40148,"comment_status":"open","ping_status":"closed","sticky":false,"template":"","format":"standard","meta":{"footnotes":""},"categories":[87,543,5],"tags":[],"class_list":["post-40147","post","type-post","status-publish","format-standard","has-post-thumbnail","hentry","category-comunicato-stampa","category-forum-di-racconti-nella-rete","category-racconti-nella-rete"],"_links":{"self":[{"href":"https:\/\/www.raccontinellarete.it\/index.php?rest_route=\/wp\/v2\/posts\/40147"}],"collection":[{"href":"https:\/\/www.raccontinellarete.it\/index.php?rest_route=\/wp\/v2\/posts"}],"about":[{"href":"https:\/\/www.raccontinellarete.it\/index.php?rest_route=\/wp\/v2\/types\/post"}],"author":[{"embeddable":true,"href":"https:\/\/www.raccontinellarete.it\/index.php?rest_route=\/wp\/v2\/users\/3"}],"replies":[{"embeddable":true,"href":"https:\/\/www.raccontinellarete.it\/index.php?rest_route=%2Fwp%2Fv2%2Fcomments&post=40147"}],"version-history":[{"count":4,"href":"https:\/\/www.raccontinellarete.it\/index.php?rest_route=\/wp\/v2\/posts\/40147\/revisions"}],"predecessor-version":[{"id":40152,"href":"https:\/\/www.raccontinellarete.it\/index.php?rest_route=\/wp\/v2\/posts\/40147\/revisions\/40152"}],"wp:featuredmedia":[{"embeddable":true,"href":"https:\/\/www.raccontinellarete.it\/index.php?rest_route=\/wp\/v2\/media\/40148"}],"wp:attachment":[{"href":"https:\/\/www.raccontinellarete.it\/index.php?rest_route=%2Fwp%2Fv2%2Fmedia&parent=40147"}],"wp:term":[{"taxonomy":"category","embeddable":true,"href":"https:\/\/www.raccontinellarete.it\/index.php?rest_route=%2Fwp%2Fv2%2Fcategories&post=40147"},{"taxonomy":"post_tag","embeddable":true,"href":"https:\/\/www.raccontinellarete.it\/index.php?rest_route=%2Fwp%2Fv2%2Ftags&post=40147"}],"curies":[{"name":"wp","href":"https:\/\/api.w.org\/{rel}","templated":true}]}}