{"id":40084,"date":"2019-12-03T17:46:36","date_gmt":"2019-12-03T16:46:36","guid":{"rendered":"http:\/\/www.raccontinellarete.it\/?p=40084"},"modified":"2019-12-09T17:17:31","modified_gmt":"2019-12-09T16:17:31","slug":"appuntamento-a-piu-liberi-piu-libri","status":"publish","type":"post","link":"https:\/\/www.raccontinellarete.it\/?p=40084","title":{"rendered":"Appuntamento a Roma a &#8220;Pi\u00f9 libri pi\u00f9 liberi&#8221;"},"content":{"rendered":"\n<p><strong>Sabato 7 dicembre<\/strong> alle 16, presso lo stand  C33 di <a href=\"http:\/\/www.castelvecchieditore.com\/\">Castelvecchi<\/a> alla fiera <a href=\"https:\/\/plpl.it\/\">Pi\u00f9 libri pi\u00f9 liberi di Roma<\/a>, \u00e8 in programma l&#8217;ormai tradizionale appuntamento con gli amici del premio letterario <strong>Racconti nella Rete<\/strong>. <\/p>\n\n\n\n<p>I vincitori della 18^ edizione (2019) ed i protagonisti di quelle passate, si ritrovano con il presidente del premio, Demetrio Brandi, per un benaugurale brindisi prenatalizio.   All&#8217;incontro presso lo stand Castelvecchi troverete la nuova antologia del premio.<\/p>\n\n\n\n<p>Vi aspettiamo per parlare del nuovo concorso 2020, sezioni racconti e corti,  e per soddisfare tutte le vostre curiosit\u00e0. <\/p>\n\n\n\n<p>La prossima presentazione del premio e dell&#8217;antologia \u00e8 in programma a <strong>Napoli<\/strong>, <strong>sabato 25 gennaio<\/strong> alle 18 alla libreria Mondadori Bookstore,  in piazza Vanvitelli. <\/p>\n\n\n\n<figure class=\"wp-block-image\"><img loading=\"lazy\" decoding=\"async\" width=\"960\" height=\"540\" src=\"https:\/\/www.raccontinellarete.it\/301\/wp-content\/uploads\/2019\/12\/79588176_10221088999834604_2356725345035485184_o.jpg\" alt=\"\" class=\"wp-image-40108\" srcset=\"https:\/\/www.raccontinellarete.it\/301\/wp-content\/uploads\/2019\/12\/79588176_10221088999834604_2356725345035485184_o.jpg 960w, https:\/\/www.raccontinellarete.it\/301\/wp-content\/uploads\/2019\/12\/79588176_10221088999834604_2356725345035485184_o-344x194.jpg 344w, https:\/\/www.raccontinellarete.it\/301\/wp-content\/uploads\/2019\/12\/79588176_10221088999834604_2356725345035485184_o-768x432.jpg 768w\" sizes=\"(max-width: 960px) 100vw, 960px\" \/><\/figure>\n\n\n\n<figure class=\"wp-block-image\"><img loading=\"lazy\" decoding=\"async\" width=\"732\" height=\"1024\" src=\"https:\/\/www.raccontinellarete.it\/301\/wp-content\/uploads\/2019\/08\/racconti-nella-rete2019-DEFINITIVA-732x1024.jpg\" alt=\"\" class=\"wp-image-39628\" srcset=\"https:\/\/www.raccontinellarete.it\/301\/wp-content\/uploads\/2019\/08\/racconti-nella-rete2019-DEFINITIVA-732x1024.jpg 732w, https:\/\/www.raccontinellarete.it\/301\/wp-content\/uploads\/2019\/08\/racconti-nella-rete2019-DEFINITIVA-179x250.jpg 179w, https:\/\/www.raccontinellarete.it\/301\/wp-content\/uploads\/2019\/08\/racconti-nella-rete2019-DEFINITIVA-768x1075.jpg 768w, https:\/\/www.raccontinellarete.it\/301\/wp-content\/uploads\/2019\/08\/racconti-nella-rete2019-DEFINITIVA.jpg 886w\" sizes=\"(max-width: 732px) 100vw, 732px\" \/><\/figure>\n<div class=\"pvc_clear\"><\/div><p id=\"pvc_stats_40084\" class=\"pvc_stats all  \" data-element-id=\"40084\" style=\"\"><i class=\"pvc-stats-icon medium\" aria-hidden=\"true\"><svg aria-hidden=\"true\" focusable=\"false\" data-prefix=\"far\" data-icon=\"chart-bar\" role=\"img\" xmlns=\"http:\/\/www.w3.org\/2000\/svg\" viewBox=\"0 0 512 512\" class=\"svg-inline--fa fa-chart-bar fa-w-16 fa-2x\"><path fill=\"currentColor\" d=\"M396.8 352h22.4c6.4 0 12.8-6.4 12.8-12.8V108.8c0-6.4-6.4-12.8-12.8-12.8h-22.4c-6.4 0-12.8 6.4-12.8 12.8v230.4c0 6.4 6.4 12.8 12.8 12.8zm-192 0h22.4c6.4 0 12.8-6.4 12.8-12.8V140.8c0-6.4-6.4-12.8-12.8-12.8h-22.4c-6.4 0-12.8 6.4-12.8 12.8v198.4c0 6.4 6.4 12.8 12.8 12.8zm96 0h22.4c6.4 0 12.8-6.4 12.8-12.8V204.8c0-6.4-6.4-12.8-12.8-12.8h-22.4c-6.4 0-12.8 6.4-12.8 12.8v134.4c0 6.4 6.4 12.8 12.8 12.8zM496 400H48V80c0-8.84-7.16-16-16-16H16C7.16 64 0 71.16 0 80v336c0 17.67 14.33 32 32 32h464c8.84 0 16-7.16 16-16v-16c0-8.84-7.16-16-16-16zm-387.2-48h22.4c6.4 0 12.8-6.4 12.8-12.8v-70.4c0-6.4-6.4-12.8-12.8-12.8h-22.4c-6.4 0-12.8 6.4-12.8 12.8v70.4c0 6.4 6.4 12.8 12.8 12.8z\" class=\"\"><\/path><\/svg><\/i> <img loading=\"lazy\" decoding=\"async\" width=\"16\" height=\"16\" alt=\"Loading\" src=\"https:\/\/www.raccontinellarete.it\/301\/wp-content\/plugins\/page-views-count\/ajax-loader-2x.gif\" border=0 \/><\/p><div class=\"pvc_clear\"><\/div>","protected":false},"excerpt":{"rendered":"<p>Sabato 7 dicembre alle 16, presso lo stand C33 di Castelvecchi alla fiera Pi\u00f9 libri pi\u00f9 liberi di Roma, \u00e8 in programma l&#8217;ormai tradizionale appuntamento con gli amici del premio letterario Racconti nella Rete. I vincitori della 18^ edizione (2019) ed i protagonisti di quelle passate, si ritrovano con il presidente del premio, Demetrio Brandi, [&hellip;]<\/p>\n<div class=\"pvc_clear\"><\/div>\n<p id=\"pvc_stats_40084\" class=\"pvc_stats all  \" data-element-id=\"40084\" style=\"\"><i class=\"pvc-stats-icon medium\" aria-hidden=\"true\"><svg aria-hidden=\"true\" focusable=\"false\" data-prefix=\"far\" data-icon=\"chart-bar\" role=\"img\" xmlns=\"http:\/\/www.w3.org\/2000\/svg\" viewBox=\"0 0 512 512\" class=\"svg-inline--fa fa-chart-bar fa-w-16 fa-2x\"><path fill=\"currentColor\" d=\"M396.8 352h22.4c6.4 0 12.8-6.4 12.8-12.8V108.8c0-6.4-6.4-12.8-12.8-12.8h-22.4c-6.4 0-12.8 6.4-12.8 12.8v230.4c0 6.4 6.4 12.8 12.8 12.8zm-192 0h22.4c6.4 0 12.8-6.4 12.8-12.8V140.8c0-6.4-6.4-12.8-12.8-12.8h-22.4c-6.4 0-12.8 6.4-12.8 12.8v198.4c0 6.4 6.4 12.8 12.8 12.8zm96 0h22.4c6.4 0 12.8-6.4 12.8-12.8V204.8c0-6.4-6.4-12.8-12.8-12.8h-22.4c-6.4 0-12.8 6.4-12.8 12.8v134.4c0 6.4 6.4 12.8 12.8 12.8zM496 400H48V80c0-8.84-7.16-16-16-16H16C7.16 64 0 71.16 0 80v336c0 17.67 14.33 32 32 32h464c8.84 0 16-7.16 16-16v-16c0-8.84-7.16-16-16-16zm-387.2-48h22.4c6.4 0 12.8-6.4 12.8-12.8v-70.4c0-6.4-6.4-12.8-12.8-12.8h-22.4c-6.4 0-12.8 6.4-12.8 12.8v70.4c0 6.4 6.4 12.8 12.8 12.8z\" class=\"\"><\/path><\/svg><\/i> <img loading=\"lazy\" decoding=\"async\" width=\"16\" height=\"16\" alt=\"Loading\" src=\"https:\/\/www.raccontinellarete.it\/301\/wp-content\/plugins\/page-views-count\/ajax-loader-2x.gif\" border=0 \/><\/p>\n<div class=\"pvc_clear\"><\/div>\n","protected":false},"author":3,"featured_media":40107,"comment_status":"open","ping_status":"closed","sticky":false,"template":"","format":"standard","meta":{"footnotes":""},"categories":[87,547,543,5],"tags":[],"class_list":["post-40084","post","type-post","status-publish","format-standard","has-post-thumbnail","hentry","category-comunicato-stampa","category-f-o-r-u-m","category-forum-di-racconti-nella-rete","category-racconti-nella-rete"],"_links":{"self":[{"href":"https:\/\/www.raccontinellarete.it\/index.php?rest_route=\/wp\/v2\/posts\/40084"}],"collection":[{"href":"https:\/\/www.raccontinellarete.it\/index.php?rest_route=\/wp\/v2\/posts"}],"about":[{"href":"https:\/\/www.raccontinellarete.it\/index.php?rest_route=\/wp\/v2\/types\/post"}],"author":[{"embeddable":true,"href":"https:\/\/www.raccontinellarete.it\/index.php?rest_route=\/wp\/v2\/users\/3"}],"replies":[{"embeddable":true,"href":"https:\/\/www.raccontinellarete.it\/index.php?rest_route=%2Fwp%2Fv2%2Fcomments&post=40084"}],"version-history":[{"count":9,"href":"https:\/\/www.raccontinellarete.it\/index.php?rest_route=\/wp\/v2\/posts\/40084\/revisions"}],"predecessor-version":[{"id":40109,"href":"https:\/\/www.raccontinellarete.it\/index.php?rest_route=\/wp\/v2\/posts\/40084\/revisions\/40109"}],"wp:featuredmedia":[{"embeddable":true,"href":"https:\/\/www.raccontinellarete.it\/index.php?rest_route=\/wp\/v2\/media\/40107"}],"wp:attachment":[{"href":"https:\/\/www.raccontinellarete.it\/index.php?rest_route=%2Fwp%2Fv2%2Fmedia&parent=40084"}],"wp:term":[{"taxonomy":"category","embeddable":true,"href":"https:\/\/www.raccontinellarete.it\/index.php?rest_route=%2Fwp%2Fv2%2Fcategories&post=40084"},{"taxonomy":"post_tag","embeddable":true,"href":"https:\/\/www.raccontinellarete.it\/index.php?rest_route=%2Fwp%2Fv2%2Ftags&post=40084"}],"curies":[{"name":"wp","href":"https:\/\/api.w.org\/{rel}","templated":true}]}}