{"id":39961,"date":"2019-11-13T11:00:25","date_gmt":"2019-11-13T10:00:25","guid":{"rendered":"http:\/\/www.raccontinellarete.it\/?p=39961"},"modified":"2019-11-13T11:09:57","modified_gmt":"2019-11-13T10:09:57","slug":"buduar-un-concorso-per-i-migliori-racconti-umoristici-sulle-festivita-natalizie","status":"publish","type":"post","link":"https:\/\/www.raccontinellarete.it\/?p=39961","title":{"rendered":"Budu\u00e0r, un concorso per i migliori racconti umoristici sulle festivit\u00e0 natalizie"},"content":{"rendered":"\n<figure class=\"wp-block-image\"><img loading=\"lazy\" decoding=\"async\" width=\"1024\" height=\"676\" src=\"https:\/\/www.raccontinellarete.it\/301\/wp-content\/uploads\/2019\/11\/cid_5F0EF3AC-8E2B-49CF-9394-6FFCAA1996DD-1-1024x676.jpg\" alt=\"\" class=\"wp-image-39965\" srcset=\"https:\/\/www.raccontinellarete.it\/301\/wp-content\/uploads\/2019\/11\/cid_5F0EF3AC-8E2B-49CF-9394-6FFCAA1996DD-1-1024x676.jpg 1024w, https:\/\/www.raccontinellarete.it\/301\/wp-content\/uploads\/2019\/11\/cid_5F0EF3AC-8E2B-49CF-9394-6FFCAA1996DD-1-344x227.jpg 344w, https:\/\/www.raccontinellarete.it\/301\/wp-content\/uploads\/2019\/11\/cid_5F0EF3AC-8E2B-49CF-9394-6FFCAA1996DD-1-768x507.jpg 768w, https:\/\/www.raccontinellarete.it\/301\/wp-content\/uploads\/2019\/11\/cid_5F0EF3AC-8E2B-49CF-9394-6FFCAA1996DD-1.jpg 1684w\" sizes=\"(max-width: 1024px) 100vw, 1024px\" \/><\/figure>\n\n\n\n<p>La rivista online <a href=\"http:\/\/www.buduar.it\">Budu\u00e0r <\/a>&#8211; che gi\u00e0 collabora con il premio  letterario Racconti nella Rete assegnando il Premio Budu\u00e0r per il miglior  racconto umoristico \u2013 anche quest\u2019anno lancia un concorso per un racconto breve  umoristico inedito sul periodo delle festivit\u00e0 natalizie, quindi Natale,  Capodanno ed Epifania.&nbsp; <\/p>\n\n\n\n<p>Il premio per i<strong> cinque migliori racconti<\/strong>, scelti  dal Comitato Centrale della rivista, consister\u00e0 nella pubblicazione sul numero  di Budu\u00e0r che uscir\u00e0 alla fine di Gennaio 2020, e di un diploma. &nbsp; Il concorso \u00e8 aperto anche a tutti i premiati  delle passate edizioni di &#8220;Racconti  nella Rete&#8221;, ma sono <strong>esclusi gli  scrittori che hanno ricevuto il \u201cPremio Budu\u00e0r\u201d<\/strong>.&nbsp; <\/p>\n\n\n\n<p>I brani, inediti e comprensivi di titolo, non potranno  superare le 6000 battute, spazi inclusi, e dovranno pervenire alla redazione di  Budu\u00e0r entro e non oltre il 31 Dicembre 2019. &nbsp; I racconti vanno inviati all\u2019indirizzo  e-mail <a href=\"mailto:redazione@buduar.it\">redazione@buduar.it<\/a>, con la seguente  dicitura: <strong>\u201cConcorso racconto umoristico Extra 2020\u201d<\/strong>, seguita da nome e  cognome dell\u2019autore. Nella email gli  autori dovranno inoltre indicare l\u2019et\u00e0 e i vari recapiti, e fornire una  biografia di un massimo di quattro righe.&nbsp; <\/p>\n<div class=\"pvc_clear\"><\/div><p id=\"pvc_stats_39961\" class=\"pvc_stats all  \" data-element-id=\"39961\" style=\"\"><i class=\"pvc-stats-icon medium\" aria-hidden=\"true\"><svg aria-hidden=\"true\" focusable=\"false\" data-prefix=\"far\" data-icon=\"chart-bar\" role=\"img\" xmlns=\"http:\/\/www.w3.org\/2000\/svg\" viewBox=\"0 0 512 512\" class=\"svg-inline--fa fa-chart-bar fa-w-16 fa-2x\"><path fill=\"currentColor\" d=\"M396.8 352h22.4c6.4 0 12.8-6.4 12.8-12.8V108.8c0-6.4-6.4-12.8-12.8-12.8h-22.4c-6.4 0-12.8 6.4-12.8 12.8v230.4c0 6.4 6.4 12.8 12.8 12.8zm-192 0h22.4c6.4 0 12.8-6.4 12.8-12.8V140.8c0-6.4-6.4-12.8-12.8-12.8h-22.4c-6.4 0-12.8 6.4-12.8 12.8v198.4c0 6.4 6.4 12.8 12.8 12.8zm96 0h22.4c6.4 0 12.8-6.4 12.8-12.8V204.8c0-6.4-6.4-12.8-12.8-12.8h-22.4c-6.4 0-12.8 6.4-12.8 12.8v134.4c0 6.4 6.4 12.8 12.8 12.8zM496 400H48V80c0-8.84-7.16-16-16-16H16C7.16 64 0 71.16 0 80v336c0 17.67 14.33 32 32 32h464c8.84 0 16-7.16 16-16v-16c0-8.84-7.16-16-16-16zm-387.2-48h22.4c6.4 0 12.8-6.4 12.8-12.8v-70.4c0-6.4-6.4-12.8-12.8-12.8h-22.4c-6.4 0-12.8 6.4-12.8 12.8v70.4c0 6.4 6.4 12.8 12.8 12.8z\" class=\"\"><\/path><\/svg><\/i> <img loading=\"lazy\" decoding=\"async\" width=\"16\" height=\"16\" alt=\"Loading\" src=\"https:\/\/www.raccontinellarete.it\/301\/wp-content\/plugins\/page-views-count\/ajax-loader-2x.gif\" border=0 \/><\/p><div class=\"pvc_clear\"><\/div>","protected":false},"excerpt":{"rendered":"<p>La rivista online Budu\u00e0r &#8211; che gi\u00e0 collabora con il premio letterario Racconti nella Rete assegnando il Premio Budu\u00e0r per il miglior racconto umoristico \u2013 anche quest\u2019anno lancia un concorso per un racconto breve umoristico inedito sul periodo delle festivit\u00e0 natalizie, quindi Natale, Capodanno ed Epifania.&nbsp; Il premio per i cinque migliori racconti, scelti dal [&hellip;]<\/p>\n<div class=\"pvc_clear\"><\/div>\n<p id=\"pvc_stats_39961\" class=\"pvc_stats all  \" data-element-id=\"39961\" style=\"\"><i class=\"pvc-stats-icon medium\" aria-hidden=\"true\"><svg aria-hidden=\"true\" focusable=\"false\" data-prefix=\"far\" data-icon=\"chart-bar\" role=\"img\" xmlns=\"http:\/\/www.w3.org\/2000\/svg\" viewBox=\"0 0 512 512\" class=\"svg-inline--fa fa-chart-bar fa-w-16 fa-2x\"><path fill=\"currentColor\" d=\"M396.8 352h22.4c6.4 0 12.8-6.4 12.8-12.8V108.8c0-6.4-6.4-12.8-12.8-12.8h-22.4c-6.4 0-12.8 6.4-12.8 12.8v230.4c0 6.4 6.4 12.8 12.8 12.8zm-192 0h22.4c6.4 0 12.8-6.4 12.8-12.8V140.8c0-6.4-6.4-12.8-12.8-12.8h-22.4c-6.4 0-12.8 6.4-12.8 12.8v198.4c0 6.4 6.4 12.8 12.8 12.8zm96 0h22.4c6.4 0 12.8-6.4 12.8-12.8V204.8c0-6.4-6.4-12.8-12.8-12.8h-22.4c-6.4 0-12.8 6.4-12.8 12.8v134.4c0 6.4 6.4 12.8 12.8 12.8zM496 400H48V80c0-8.84-7.16-16-16-16H16C7.16 64 0 71.16 0 80v336c0 17.67 14.33 32 32 32h464c8.84 0 16-7.16 16-16v-16c0-8.84-7.16-16-16-16zm-387.2-48h22.4c6.4 0 12.8-6.4 12.8-12.8v-70.4c0-6.4-6.4-12.8-12.8-12.8h-22.4c-6.4 0-12.8 6.4-12.8 12.8v70.4c0 6.4 6.4 12.8 12.8 12.8z\" class=\"\"><\/path><\/svg><\/i> <img loading=\"lazy\" decoding=\"async\" width=\"16\" height=\"16\" alt=\"Loading\" src=\"https:\/\/www.raccontinellarete.it\/301\/wp-content\/plugins\/page-views-count\/ajax-loader-2x.gif\" border=0 \/><\/p>\n<div class=\"pvc_clear\"><\/div>\n","protected":false},"author":3,"featured_media":39965,"comment_status":"open","ping_status":"closed","sticky":false,"template":"","format":"standard","meta":{"footnotes":""},"categories":[87,5],"tags":[],"class_list":["post-39961","post","type-post","status-publish","format-standard","has-post-thumbnail","hentry","category-comunicato-stampa","category-racconti-nella-rete"],"_links":{"self":[{"href":"https:\/\/www.raccontinellarete.it\/index.php?rest_route=\/wp\/v2\/posts\/39961"}],"collection":[{"href":"https:\/\/www.raccontinellarete.it\/index.php?rest_route=\/wp\/v2\/posts"}],"about":[{"href":"https:\/\/www.raccontinellarete.it\/index.php?rest_route=\/wp\/v2\/types\/post"}],"author":[{"embeddable":true,"href":"https:\/\/www.raccontinellarete.it\/index.php?rest_route=\/wp\/v2\/users\/3"}],"replies":[{"embeddable":true,"href":"https:\/\/www.raccontinellarete.it\/index.php?rest_route=%2Fwp%2Fv2%2Fcomments&post=39961"}],"version-history":[{"count":3,"href":"https:\/\/www.raccontinellarete.it\/index.php?rest_route=\/wp\/v2\/posts\/39961\/revisions"}],"predecessor-version":[{"id":39966,"href":"https:\/\/www.raccontinellarete.it\/index.php?rest_route=\/wp\/v2\/posts\/39961\/revisions\/39966"}],"wp:featuredmedia":[{"embeddable":true,"href":"https:\/\/www.raccontinellarete.it\/index.php?rest_route=\/wp\/v2\/media\/39965"}],"wp:attachment":[{"href":"https:\/\/www.raccontinellarete.it\/index.php?rest_route=%2Fwp%2Fv2%2Fmedia&parent=39961"}],"wp:term":[{"taxonomy":"category","embeddable":true,"href":"https:\/\/www.raccontinellarete.it\/index.php?rest_route=%2Fwp%2Fv2%2Fcategories&post=39961"},{"taxonomy":"post_tag","embeddable":true,"href":"https:\/\/www.raccontinellarete.it\/index.php?rest_route=%2Fwp%2Fv2%2Ftags&post=39961"}],"curies":[{"name":"wp","href":"https:\/\/api.w.org\/{rel}","templated":true}]}}