{"id":39830,"date":"2019-10-21T17:31:52","date_gmt":"2019-10-21T16:31:52","guid":{"rendered":"http:\/\/www.raccontinellarete.it\/?p=39830"},"modified":"2019-11-11T18:49:45","modified_gmt":"2019-11-11T17:49:45","slug":"autori-allagora-chiara-lico-a-lucca-lunedi-11-novembre","status":"publish","type":"post","link":"https:\/\/www.raccontinellarete.it\/?p=39830","title":{"rendered":"Autori all&#8217;Agor\u00e0 &#8211; Chiara Lico a Lucca luned\u00ec 11 novembre"},"content":{"rendered":"\n<figure class=\"wp-block-embed-youtube wp-block-embed is-type-video is-provider-youtube wp-embed-aspect-16-9 wp-has-aspect-ratio\"><div class=\"wp-block-embed__wrapper\">\n<iframe loading=\"lazy\" title=\"&quot;Mi hanno chiuso la scuola&quot;, il nuovo libro della giornalista Rai Chiara Lico\" width=\"500\" height=\"281\" src=\"https:\/\/www.youtube.com\/embed\/hcz7naP5_mw?feature=oembed\" frameborder=\"0\" allow=\"accelerometer; autoplay; clipboard-write; encrypted-media; gyroscope; picture-in-picture; web-share\" referrerpolicy=\"strict-origin-when-cross-origin\" allowfullscreen><\/iframe>\n<\/div><\/figure>\n\n\n\n<p>Luned\u00ec 11 novembre alle 10 alla Biblioteca Agor\u00e0 di Lucca, nell&#8217;ambito della rassegna <em>Autori all&#8217;Agor\u00e0, <\/em> Chiara Lico presenta il suo nuovo libro dal titolo MI HANNO CHIUSO LA SCUOLA. Illustrazioni di Francesco Fagnani\u00a0 (Lapis Edizioni). Conduce Demetrio Brandi. <\/p>\n\n\n\n<figure class=\"wp-block-image\"><img loading=\"lazy\" decoding=\"async\" width=\"728\" height=\"1024\" src=\"https:\/\/www.raccontinellarete.it\/301\/wp-content\/uploads\/2019\/10\/Locandina-LICO-page-0-728x1024.jpg\" alt=\"\" class=\"wp-image-39831\" srcset=\"https:\/\/www.raccontinellarete.it\/301\/wp-content\/uploads\/2019\/10\/Locandina-LICO-page-0-728x1024.jpg 728w, https:\/\/www.raccontinellarete.it\/301\/wp-content\/uploads\/2019\/10\/Locandina-LICO-page-0-178x250.jpg 178w, https:\/\/www.raccontinellarete.it\/301\/wp-content\/uploads\/2019\/10\/Locandina-LICO-page-0-768x1080.jpg 768w\" sizes=\"(max-width: 728px) 100vw, 728px\" \/><\/figure>\n\n\n\n<p>\u201cVogliono\nchiudermi la scuola. E io devo fermarli. Mi chiamo Moscardino-detto-Mos. Sono\nalto 1 e 53, peso 45 kg, studio poco ma vado bene, gioco a calcio e non faccio\nmai goal (ma questo \u00e8 un altro discorso). Da qualche settimana il mondo mi \u00e8\ncascato addosso e io gli oppongo resistenza\u201d. Moscardino \u00e8 sconvolto: la sua\nscuola presto chiuder\u00e0. Non potr\u00e0 concludere la primaria nello stesso edificio,\ncon i suoi amici. Nonostante le rassicurazioni della famiglia, Moscardino si\nmette a lutto. Vestito di verde dalla testa ai piedi (perch\u00e9 il colore del suo\nlutto \u00e8 il verde non il nero come quello degli adulti) si lancia in una strenua\nresistenza passiva, boicottando le visite alle altre scuole e organizzando una\nraccolta fondi. Quando si trova di fronte a obblighi a cui non vorrebbe\nsottostare si difende cadendo in un sonno letargico neanche fosse Biancaneve\nche ha morso la mela. Tutti pensano che esageri, ma lui \u00e8 l\u2019unico di tutto\nl\u2019Istituto a conoscere la verit\u00e0: la sua scuola diventer\u00e0 molto presto un hotel\ndi lusso.&nbsp; <\/p>\n\n\n\n<figure class=\"wp-block-image\"><img decoding=\"async\" src=\"https:\/\/www.raccontinellarete.it\/301\/wp-content\/uploads\/2019\/10\/cid_ii_k1q764ea2.png\" alt=\"\" class=\"wp-image-39832\"\/><\/figure>\n\n\n\n<p>CHIARA\nLICO &#8211;&nbsp; Giornalista, noto volto del TG2,\nsi occupa di attualit\u00e0.&nbsp; Ha lavorato per\nil Gruppo Editoriale L\u2019Espresso&nbsp; e per\nMediaset (Tg5).&nbsp;&nbsp; Collabora con il blog\nde ilfattoquotidiano.it&nbsp; Dal 2019,\nconduce inoltre il magazine Tg2Italia.&nbsp; Le\nopere di Chiara Lico prendono spunto e nascono&nbsp;\ndal suo lavoro.&nbsp; Nel 2007 ha vinto\nil premio Racconti nella Rete. Nel 2017 ha pubblicato il suo primo romanzo per\nragazzi,&nbsp; Il rischio (Sinnos).<\/p>\n<div class=\"pvc_clear\"><\/div><p id=\"pvc_stats_39830\" class=\"pvc_stats all  \" data-element-id=\"39830\" style=\"\"><i class=\"pvc-stats-icon medium\" aria-hidden=\"true\"><svg aria-hidden=\"true\" focusable=\"false\" data-prefix=\"far\" data-icon=\"chart-bar\" role=\"img\" xmlns=\"http:\/\/www.w3.org\/2000\/svg\" viewBox=\"0 0 512 512\" class=\"svg-inline--fa fa-chart-bar fa-w-16 fa-2x\"><path fill=\"currentColor\" d=\"M396.8 352h22.4c6.4 0 12.8-6.4 12.8-12.8V108.8c0-6.4-6.4-12.8-12.8-12.8h-22.4c-6.4 0-12.8 6.4-12.8 12.8v230.4c0 6.4 6.4 12.8 12.8 12.8zm-192 0h22.4c6.4 0 12.8-6.4 12.8-12.8V140.8c0-6.4-6.4-12.8-12.8-12.8h-22.4c-6.4 0-12.8 6.4-12.8 12.8v198.4c0 6.4 6.4 12.8 12.8 12.8zm96 0h22.4c6.4 0 12.8-6.4 12.8-12.8V204.8c0-6.4-6.4-12.8-12.8-12.8h-22.4c-6.4 0-12.8 6.4-12.8 12.8v134.4c0 6.4 6.4 12.8 12.8 12.8zM496 400H48V80c0-8.84-7.16-16-16-16H16C7.16 64 0 71.16 0 80v336c0 17.67 14.33 32 32 32h464c8.84 0 16-7.16 16-16v-16c0-8.84-7.16-16-16-16zm-387.2-48h22.4c6.4 0 12.8-6.4 12.8-12.8v-70.4c0-6.4-6.4-12.8-12.8-12.8h-22.4c-6.4 0-12.8 6.4-12.8 12.8v70.4c0 6.4 6.4 12.8 12.8 12.8z\" class=\"\"><\/path><\/svg><\/i> <img loading=\"lazy\" decoding=\"async\" width=\"16\" height=\"16\" alt=\"Loading\" src=\"https:\/\/www.raccontinellarete.it\/301\/wp-content\/plugins\/page-views-count\/ajax-loader-2x.gif\" border=0 \/><\/p><div class=\"pvc_clear\"><\/div>","protected":false},"excerpt":{"rendered":"<p>Luned\u00ec 11 novembre alle 10 alla Biblioteca Agor\u00e0 di Lucca, nell&#8217;ambito della rassegna Autori all&#8217;Agor\u00e0, Chiara Lico presenta il suo nuovo libro dal titolo MI HANNO CHIUSO LA SCUOLA. Illustrazioni di Francesco Fagnani\u00a0 (Lapis Edizioni). Conduce Demetrio Brandi. \u201cVogliono chiudermi la scuola. E io devo fermarli. Mi chiamo Moscardino-detto-Mos. Sono alto 1 e 53, peso [&hellip;]<\/p>\n<div class=\"pvc_clear\"><\/div>\n<p id=\"pvc_stats_39830\" class=\"pvc_stats all  \" data-element-id=\"39830\" style=\"\"><i class=\"pvc-stats-icon medium\" aria-hidden=\"true\"><svg aria-hidden=\"true\" focusable=\"false\" data-prefix=\"far\" data-icon=\"chart-bar\" role=\"img\" xmlns=\"http:\/\/www.w3.org\/2000\/svg\" viewBox=\"0 0 512 512\" class=\"svg-inline--fa fa-chart-bar fa-w-16 fa-2x\"><path fill=\"currentColor\" d=\"M396.8 352h22.4c6.4 0 12.8-6.4 12.8-12.8V108.8c0-6.4-6.4-12.8-12.8-12.8h-22.4c-6.4 0-12.8 6.4-12.8 12.8v230.4c0 6.4 6.4 12.8 12.8 12.8zm-192 0h22.4c6.4 0 12.8-6.4 12.8-12.8V140.8c0-6.4-6.4-12.8-12.8-12.8h-22.4c-6.4 0-12.8 6.4-12.8 12.8v198.4c0 6.4 6.4 12.8 12.8 12.8zm96 0h22.4c6.4 0 12.8-6.4 12.8-12.8V204.8c0-6.4-6.4-12.8-12.8-12.8h-22.4c-6.4 0-12.8 6.4-12.8 12.8v134.4c0 6.4 6.4 12.8 12.8 12.8zM496 400H48V80c0-8.84-7.16-16-16-16H16C7.16 64 0 71.16 0 80v336c0 17.67 14.33 32 32 32h464c8.84 0 16-7.16 16-16v-16c0-8.84-7.16-16-16-16zm-387.2-48h22.4c6.4 0 12.8-6.4 12.8-12.8v-70.4c0-6.4-6.4-12.8-12.8-12.8h-22.4c-6.4 0-12.8 6.4-12.8 12.8v70.4c0 6.4 6.4 12.8 12.8 12.8z\" class=\"\"><\/path><\/svg><\/i> <img loading=\"lazy\" decoding=\"async\" width=\"16\" height=\"16\" alt=\"Loading\" src=\"https:\/\/www.raccontinellarete.it\/301\/wp-content\/plugins\/page-views-count\/ajax-loader-2x.gif\" border=0 \/><\/p>\n<div class=\"pvc_clear\"><\/div>\n","protected":false},"author":3,"featured_media":39835,"comment_status":"open","ping_status":"closed","sticky":false,"template":"","format":"standard","meta":{"footnotes":""},"categories":[87,5],"tags":[],"class_list":["post-39830","post","type-post","status-publish","format-standard","has-post-thumbnail","hentry","category-comunicato-stampa","category-racconti-nella-rete"],"_links":{"self":[{"href":"https:\/\/www.raccontinellarete.it\/index.php?rest_route=\/wp\/v2\/posts\/39830"}],"collection":[{"href":"https:\/\/www.raccontinellarete.it\/index.php?rest_route=\/wp\/v2\/posts"}],"about":[{"href":"https:\/\/www.raccontinellarete.it\/index.php?rest_route=\/wp\/v2\/types\/post"}],"author":[{"embeddable":true,"href":"https:\/\/www.raccontinellarete.it\/index.php?rest_route=\/wp\/v2\/users\/3"}],"replies":[{"embeddable":true,"href":"https:\/\/www.raccontinellarete.it\/index.php?rest_route=%2Fwp%2Fv2%2Fcomments&post=39830"}],"version-history":[{"count":3,"href":"https:\/\/www.raccontinellarete.it\/index.php?rest_route=\/wp\/v2\/posts\/39830\/revisions"}],"predecessor-version":[{"id":39956,"href":"https:\/\/www.raccontinellarete.it\/index.php?rest_route=\/wp\/v2\/posts\/39830\/revisions\/39956"}],"wp:featuredmedia":[{"embeddable":true,"href":"https:\/\/www.raccontinellarete.it\/index.php?rest_route=\/wp\/v2\/media\/39835"}],"wp:attachment":[{"href":"https:\/\/www.raccontinellarete.it\/index.php?rest_route=%2Fwp%2Fv2%2Fmedia&parent=39830"}],"wp:term":[{"taxonomy":"category","embeddable":true,"href":"https:\/\/www.raccontinellarete.it\/index.php?rest_route=%2Fwp%2Fv2%2Fcategories&post=39830"},{"taxonomy":"post_tag","embeddable":true,"href":"https:\/\/www.raccontinellarete.it\/index.php?rest_route=%2Fwp%2Fv2%2Ftags&post=39830"}],"curies":[{"name":"wp","href":"https:\/\/api.w.org\/{rel}","templated":true}]}}