{"id":39708,"date":"2019-09-19T17:58:21","date_gmt":"2019-09-19T16:58:21","guid":{"rendered":"http:\/\/www.raccontinellarete.it\/?p=39708"},"modified":"2019-09-19T18:01:18","modified_gmt":"2019-09-19T17:01:18","slug":"sabato-5-ottobre-luisanna-messeri-ospite-di-luccautori-2019","status":"publish","type":"post","link":"https:\/\/www.raccontinellarete.it\/?p=39708","title":{"rendered":"Sabato 5 ottobre LUISANNA MESSERI ospite di LuccAutori 2019"},"content":{"rendered":"\n<h1 class=\"wp-block-heading\"> <\/h1>\n\n\n\n<figure class=\"wp-block-image\"><img decoding=\"async\" src=\"https:\/\/www.raccontinellarete.it\/301\/wp-content\/uploads\/2019\/09\/la-cucina-del-casale-1-717x1024.png\" alt=\"\" class=\"wp-image-39709\"\/><\/figure>\n\n\n\n<hr class=\"wp-block-separator\"\/>\n\n\n\n<p>Sabato 5 ottobre alle 18 a Villa Bottini,  ospite di <a href=\"https:\/\/www.facebook.com\/www.raccontinellarete.it\/?__tn__=K-R&amp;eid=ARDhAzMFDSdLZp205jL1-WkmgVaI0Tb2Pbt4azW_lTchXEFbsL0g-w1C4WP-BEBiSd5w3ePSLjLctRmC&amp;fref=mentions&amp;__xts__%5B0%5D=68.ARDaV5RipUUvDhj6GbZlhDsDN1D_kCKYJcEKq6EziM7gkI3AXyBbnAfl2ZOU0bioEsEIAMR7xI6Ps2VVC7MIikz6y3hm_AfHVUK-jWJDFSPMZI5Qj6CskX0W5d5s17iyq4rccFmD6lsJKJFM4x-ZQV6T4nsnggUXDW863tcu0SLRwP7F1qmv8h1o9JNzBJU2CutjG3Vsa5XgwfxzbA\">LuccAutori<\/a> la regina dei fornelli LUISANNA MESSERI con il libro &#8220;LA CUCINA DEL CASALE&#8221; (Rai Libri).<\/p>\n\n\n\n<p>Cuoca e popolare volto televisivo, dal 2011 \u00e8 stata presenza fissa alla \u201cProva del cuoco\u201d come maestra di cucina.   \u00c8 autrice e interprete di vari programmi, tra cui \u201cIl club delle cuoche\u201d, una <em>food comedy&nbsp;<\/em>di grande successo trasmessa da Sky.<\/p>\n\n\n\n<p>\u00c8 stata autrice e conduttrice per Rai Radio 2 di \u201cChef ma non troppo-Decanter\u201d, il primo corso di cucina radiofonico.  \u00c8 comparsa in diversi film di amici registi, tra cui <em>La pazza gioia&nbsp;<\/em>di Paolo Virz\u00ec. Dirige la collana \u201cAudiocook\u201d della casa editrice Emons. Tra i suoi libri precedenti, <em>111 ricette<\/em>&nbsp;<em>italiane che devi saper cucinare<\/em>&nbsp;(Emons, 2015). <\/p>\n\n\n\n<p>\u201cIn cucina, basta un po\u2019 di passione, buonsenso, dedizione\u201d: \u00e8 la pi\u00f9 importante ricetta di Luisanna Messeri, che ha dedicato la sua carriera di cuoca a valorizzare ingredienti e sapori di una tradizione ricchissima, quella della cucina di casa italiana.<\/p>\n\n\n\n<p>In questo libro, la frutta e la verdura ci guidano alla scoperta delle ricette ideali per ogni momento dell\u2019anno: qual \u00e8 il momento ideale per mettere in tavola un tortino di zucca o uno strudel di carciofi, un piatto di pici con funghi e salsiccia o una mousse di cocomero? Quando \u00e8 meglio accompagnare con i cavoletti di Bruxelles un arrosto di maiale, o abbinare al pollo un contorno di colorati peperoni? Quando arrivano i finocchi e quando le ciliegie? Non mancano, poi, i tre elementi pi\u00f9 simbolici della nostra cultura: il pane, il vino e l\u2019olio. Perch\u00e9 la semplicit\u00e0 in cucina, ci ricorda Luisanna Messeri, non \u00e8 un punto di partenza, ma un punto di arrivo, il risultato di una pratica quotidiana che \u00e8 un gesto di cura per le persone care.<\/p>\n\n\n\n<p>Che siano spaghetti al pomodoro o un p\u00e2t\u00e9 di tartufo, mangiare \u00e8 un atto semplice ma serio, tocca i nervi scoperti dei nostri sentimenti, ci conforta e ci appaga nel profondo.<\/p>\n\n\n\n<p>Per questo,&nbsp;<em>La cucina del Casale&nbsp;<\/em>non \u00e8 solo un libro di ricette. Come nelle migliori famiglie, alle preparazioni si accompagnano consigli, aneddoti, informazioni e \u201ctrucchetti\u201d, in un grande racconto che ha il sapore di una serata passata accanto al fuoco.<\/p>\n\n\n\n<p>Uno scrigno di sapere gastronomico dedicato alle future generazioni: \u201cQuelle che aspirano ad un mondo migliore, quasi a chiudere magicamente un cerchio con la tradizione, cosa viva\u201d.<\/p>\n\n\n\n<p><br><a href=\"https:\/\/www.facebook.com\/hashtag\/raccontinellarete?source=feed_text&amp;epa=HASHTAG&amp;__xts__%5B0%5D=68.ARDaV5RipUUvDhj6GbZlhDsDN1D_kCKYJcEKq6EziM7gkI3AXyBbnAfl2ZOU0bioEsEIAMR7xI6Ps2VVC7MIikz6y3hm_AfHVUK-jWJDFSPMZI5Qj6CskX0W5d5s17iyq4rccFmD6lsJKJFM4x-ZQV6T4nsnggUXDW863tcu0SLRwP7F1qmv8h1o9JNzBJU2CutjG3Vsa5XgwfxzbA&amp;__tn__=%2ANK-R\">#raccontinellarete<\/a>&nbsp;<a href=\"https:\/\/www.facebook.com\/hashtag\/luccautori?source=feed_text&amp;epa=HASHTAG&amp;__xts__%5B0%5D=68.ARDaV5RipUUvDhj6GbZlhDsDN1D_kCKYJcEKq6EziM7gkI3AXyBbnAfl2ZOU0bioEsEIAMR7xI6Ps2VVC7MIikz6y3hm_AfHVUK-jWJDFSPMZI5Qj6CskX0W5d5s17iyq4rccFmD6lsJKJFM4x-ZQV6T4nsnggUXDW863tcu0SLRwP7F1qmv8h1o9JNzBJU2CutjG3Vsa5XgwfxzbA&amp;__tn__=%2ANK-R\">#luccautori<\/a>&nbsp;<\/p>\n\n\n\n<p><a href=\"https:\/\/www.facebook.com\/events\/641636889633550\/?acontext=%7B%22source%22%3A22%2C%22action_history%22%3A%22%5B%7B%5C%22surface%5C%22%3A%5C%22timeline%5C%22%2C%5C%22mechanism%5C%22%3A%5C%22surface%5C%22%2C%5C%22extra_data%5C%22%3A%5B%5D%7D%5D%22%2C%22has_source%22%3Atrue%7D&amp;source=22&amp;action_history=%5B%7B%22surface%22%3A%22timeline%22%2C%22mechanism%22%3A%22surface%22%2C%22extra_data%22%3A%5B%5D%7D%5D&amp;has_source=1&amp;__tn__=K-R&amp;eid=ARDnoUN2HccBjYt5oud8b9BxheqQ4rpEIcQAfOY9fv39tj7_WbyCE8E4sFlpIJ0qBUvzO1ECc4GJbBNX&amp;fref=mentions&amp;__xts__%5B0%5D=68.ARDaV5RipUUvDhj6GbZlhDsDN1D_kCKYJcEKq6EziM7gkI3AXyBbnAfl2ZOU0bioEsEIAMR7xI6Ps2VVC7MIikz6y3hm_AfHVUK-jWJDFSPMZI5Qj6CskX0W5d5s17iyq4rccFmD6lsJKJFM4x-ZQV6T4nsnggUXDW863tcu0SLRwP7F1qmv8h1o9JNzBJU2CutjG3Vsa5XgwfxzbA\">25\u00b0 festival LuccAutori Premio Racconti nella Rete. <\/a> <\/p>\n<div class=\"pvc_clear\"><\/div><p id=\"pvc_stats_39708\" class=\"pvc_stats all  \" data-element-id=\"39708\" style=\"\"><i class=\"pvc-stats-icon medium\" aria-hidden=\"true\"><svg aria-hidden=\"true\" focusable=\"false\" data-prefix=\"far\" data-icon=\"chart-bar\" role=\"img\" xmlns=\"http:\/\/www.w3.org\/2000\/svg\" viewBox=\"0 0 512 512\" class=\"svg-inline--fa fa-chart-bar fa-w-16 fa-2x\"><path fill=\"currentColor\" d=\"M396.8 352h22.4c6.4 0 12.8-6.4 12.8-12.8V108.8c0-6.4-6.4-12.8-12.8-12.8h-22.4c-6.4 0-12.8 6.4-12.8 12.8v230.4c0 6.4 6.4 12.8 12.8 12.8zm-192 0h22.4c6.4 0 12.8-6.4 12.8-12.8V140.8c0-6.4-6.4-12.8-12.8-12.8h-22.4c-6.4 0-12.8 6.4-12.8 12.8v198.4c0 6.4 6.4 12.8 12.8 12.8zm96 0h22.4c6.4 0 12.8-6.4 12.8-12.8V204.8c0-6.4-6.4-12.8-12.8-12.8h-22.4c-6.4 0-12.8 6.4-12.8 12.8v134.4c0 6.4 6.4 12.8 12.8 12.8zM496 400H48V80c0-8.84-7.16-16-16-16H16C7.16 64 0 71.16 0 80v336c0 17.67 14.33 32 32 32h464c8.84 0 16-7.16 16-16v-16c0-8.84-7.16-16-16-16zm-387.2-48h22.4c6.4 0 12.8-6.4 12.8-12.8v-70.4c0-6.4-6.4-12.8-12.8-12.8h-22.4c-6.4 0-12.8 6.4-12.8 12.8v70.4c0 6.4 6.4 12.8 12.8 12.8z\" class=\"\"><\/path><\/svg><\/i> <img loading=\"lazy\" decoding=\"async\" width=\"16\" height=\"16\" alt=\"Loading\" src=\"https:\/\/www.raccontinellarete.it\/301\/wp-content\/plugins\/page-views-count\/ajax-loader-2x.gif\" border=0 \/><\/p><div class=\"pvc_clear\"><\/div>","protected":false},"excerpt":{"rendered":"<p>Sabato 5 ottobre alle 18 a Villa Bottini, ospite di LuccAutori la regina dei fornelli LUISANNA MESSERI con il libro &#8220;LA CUCINA DEL CASALE&#8221; (Rai Libri). Cuoca e popolare volto televisivo, dal 2011 \u00e8 stata presenza fissa alla \u201cProva del cuoco\u201d come maestra di cucina. \u00c8 autrice e interprete di vari programmi, tra cui \u201cIl [&hellip;]<\/p>\n<div class=\"pvc_clear\"><\/div>\n<p id=\"pvc_stats_39708\" class=\"pvc_stats all  \" data-element-id=\"39708\" style=\"\"><i class=\"pvc-stats-icon medium\" aria-hidden=\"true\"><svg aria-hidden=\"true\" focusable=\"false\" data-prefix=\"far\" data-icon=\"chart-bar\" role=\"img\" xmlns=\"http:\/\/www.w3.org\/2000\/svg\" viewBox=\"0 0 512 512\" class=\"svg-inline--fa fa-chart-bar fa-w-16 fa-2x\"><path fill=\"currentColor\" d=\"M396.8 352h22.4c6.4 0 12.8-6.4 12.8-12.8V108.8c0-6.4-6.4-12.8-12.8-12.8h-22.4c-6.4 0-12.8 6.4-12.8 12.8v230.4c0 6.4 6.4 12.8 12.8 12.8zm-192 0h22.4c6.4 0 12.8-6.4 12.8-12.8V140.8c0-6.4-6.4-12.8-12.8-12.8h-22.4c-6.4 0-12.8 6.4-12.8 12.8v198.4c0 6.4 6.4 12.8 12.8 12.8zm96 0h22.4c6.4 0 12.8-6.4 12.8-12.8V204.8c0-6.4-6.4-12.8-12.8-12.8h-22.4c-6.4 0-12.8 6.4-12.8 12.8v134.4c0 6.4 6.4 12.8 12.8 12.8zM496 400H48V80c0-8.84-7.16-16-16-16H16C7.16 64 0 71.16 0 80v336c0 17.67 14.33 32 32 32h464c8.84 0 16-7.16 16-16v-16c0-8.84-7.16-16-16-16zm-387.2-48h22.4c6.4 0 12.8-6.4 12.8-12.8v-70.4c0-6.4-6.4-12.8-12.8-12.8h-22.4c-6.4 0-12.8 6.4-12.8 12.8v70.4c0 6.4 6.4 12.8 12.8 12.8z\" class=\"\"><\/path><\/svg><\/i> <img loading=\"lazy\" decoding=\"async\" width=\"16\" height=\"16\" alt=\"Loading\" src=\"https:\/\/www.raccontinellarete.it\/301\/wp-content\/plugins\/page-views-count\/ajax-loader-2x.gif\" border=0 \/><\/p>\n<div class=\"pvc_clear\"><\/div>\n","protected":false},"author":3,"featured_media":39711,"comment_status":"open","ping_status":"closed","sticky":false,"template":"","format":"standard","meta":{"footnotes":""},"categories":[87,543,5],"tags":[],"class_list":["post-39708","post","type-post","status-publish","format-standard","has-post-thumbnail","hentry","category-comunicato-stampa","category-forum-di-racconti-nella-rete","category-racconti-nella-rete"],"_links":{"self":[{"href":"https:\/\/www.raccontinellarete.it\/index.php?rest_route=\/wp\/v2\/posts\/39708"}],"collection":[{"href":"https:\/\/www.raccontinellarete.it\/index.php?rest_route=\/wp\/v2\/posts"}],"about":[{"href":"https:\/\/www.raccontinellarete.it\/index.php?rest_route=\/wp\/v2\/types\/post"}],"author":[{"embeddable":true,"href":"https:\/\/www.raccontinellarete.it\/index.php?rest_route=\/wp\/v2\/users\/3"}],"replies":[{"embeddable":true,"href":"https:\/\/www.raccontinellarete.it\/index.php?rest_route=%2Fwp%2Fv2%2Fcomments&post=39708"}],"version-history":[{"count":2,"href":"https:\/\/www.raccontinellarete.it\/index.php?rest_route=\/wp\/v2\/posts\/39708\/revisions"}],"predecessor-version":[{"id":39712,"href":"https:\/\/www.raccontinellarete.it\/index.php?rest_route=\/wp\/v2\/posts\/39708\/revisions\/39712"}],"wp:featuredmedia":[{"embeddable":true,"href":"https:\/\/www.raccontinellarete.it\/index.php?rest_route=\/wp\/v2\/media\/39711"}],"wp:attachment":[{"href":"https:\/\/www.raccontinellarete.it\/index.php?rest_route=%2Fwp%2Fv2%2Fmedia&parent=39708"}],"wp:term":[{"taxonomy":"category","embeddable":true,"href":"https:\/\/www.raccontinellarete.it\/index.php?rest_route=%2Fwp%2Fv2%2Fcategories&post=39708"},{"taxonomy":"post_tag","embeddable":true,"href":"https:\/\/www.raccontinellarete.it\/index.php?rest_route=%2Fwp%2Fv2%2Ftags&post=39708"}],"curies":[{"name":"wp","href":"https:\/\/api.w.org\/{rel}","templated":true}]}}