{"id":39697,"date":"2019-09-19T10:56:09","date_gmt":"2019-09-19T09:56:09","guid":{"rendered":"http:\/\/www.raccontinellarete.it\/?p=39697"},"modified":"2019-09-19T15:27:16","modified_gmt":"2019-09-19T14:27:16","slug":"la-conferenza-stampa-di-luccautori-2019","status":"publish","type":"post","link":"https:\/\/www.raccontinellarete.it\/?p=39697","title":{"rendered":"La conferenza stampa di LuccAutori 2019"},"content":{"rendered":"\n<p><\/p>\n\n\n\n<figure class=\"wp-block-image\"><img loading=\"lazy\" decoding=\"async\" width=\"1024\" height=\"680\" src=\"https:\/\/www.raccontinellarete.it\/301\/wp-content\/uploads\/2019\/09\/conferenza-stampa-luccautori-18.9.2019-1024x680.jpg\" alt=\"\" class=\"wp-image-39698\" srcset=\"https:\/\/www.raccontinellarete.it\/301\/wp-content\/uploads\/2019\/09\/conferenza-stampa-luccautori-18.9.2019-1024x680.jpg 1024w, https:\/\/www.raccontinellarete.it\/301\/wp-content\/uploads\/2019\/09\/conferenza-stampa-luccautori-18.9.2019-344x228.jpg 344w, https:\/\/www.raccontinellarete.it\/301\/wp-content\/uploads\/2019\/09\/conferenza-stampa-luccautori-18.9.2019-768x510.jpg 768w\" sizes=\"(max-width: 1024px) 100vw, 1024px\" \/><\/figure>\n\n\n\n<p><strong>XXV FESTIVAL  LUCCAUTORI&nbsp;  <\/strong><\/p>\n\n\n\n<p><strong>Lucca, 20 SETTEMBRE &#8211;  6 OTTOBRE 2019<\/strong><\/p>\n\n\n\n<p><strong><em>25 anni di LuccAutori \ne 18 di &nbsp;Racconti nella \nRete<\/em><\/strong><\/p>\n\n\n\n<p><strong>LELLO ARENA, BRUNO \nGAMBAROTTA, ENNIO CAVALLI, ANNALISA STRADA, ERALDO AFFINATI, LIDO CONTEMORI, \nFRANCA MINNUCCI, sono alcuni tra i protagonisti&nbsp; \ndella 25^ edizione del festival LuccAutori, anche quest\u2019anno abbinato al \nPremio Letterario Racconti nella Rete, giunto alla 18^ edizione.&nbsp; <\/strong><\/p>\n\n\n\n<p>Direzione artistica &nbsp;<strong>Demetrio Brandi<\/strong>. Conduzione incontri \n&nbsp;<strong>Maria Elena \nMarchini.<\/strong><\/p>\n\n\n\n<p>Il festival&nbsp; gode \ndel&nbsp; patrocinio e sostegno del \nComune&nbsp; di Lucca, della Provincia di \nLucca, della Regione Toscana, RAI, Fondazione Mario Tobino,&nbsp; Centro per il libro e la lettura, Budu\u00e0r \u2013 \nalmanacco dell\u2019Arte leggera, Fondazione Giovanni Pascoli, Rotary club Lucca, \nCesvot,&nbsp; Premio letterario Casin\u00f2 di \nSanremo \u201cAntonio Semeria\u201d, Biblioteche di Roma, La Gazzetta dello Sport \u2013 \nGazzetta Summer Camp, AIDR Associazione Italiana Digital Revolution, &nbsp;Fondazione Banca del Monte di Lucca, Caff\u00e8 \nIncas, Strada del vino e dell\u2019olio Lucca, Montecarlo e Versilia, Unicoopfirenze. \n&nbsp;<\/p>\n\n\n\n<p>Il premio letterario Racconti nella Rete, organizzato \nnel sito <a href=\"https:\/\/www.raccontinellarete.it\">www.raccontinellarete.it<\/a>, vede la \npubblicazione dei 25 racconti vincitori in una antologia edita da \nCastelvecchi,&nbsp; che sar\u00e0 presentata in \nanteprima al festival LuccAutori.&nbsp; <\/p>\n\n\n\n<p><strong>Il festival letterario \u00e8 in \nprogramma dal 20 settembre al 6 ottobre.<\/strong>&nbsp; Il calendario prevede numerosi incontri con i \nvincitori del premio <strong>Racconti nella \nRete<\/strong> (venticinque scrittori da tutta Italia) e con noti personaggi del mondo \ndella cultura e dello spettacolo.&nbsp; Gli \nincontri si terranno presso <strong>Biblioteca \ncivica Agor\u00e0, Palazzo Bernardini &nbsp;e Villa \nBottini.<\/strong>&nbsp; <\/p>\n\n\n\n<p>Tra le novit\u00e0 la collaborazione con la <strong>Fondazione Giovanni Pascoli<\/strong> e con il \n<strong>premio letterario Casin\u00f2 di Sanremo \u201cAntonio \nSemeria\u201d.<\/strong><\/p>\n\n\n\n<p>Un nuovo appuntamento sar\u00e0&nbsp; dedicato ai giovani,&nbsp; \u201c<strong>LuccAutori Ragazzi<\/strong>\u201d,&nbsp; in programma in apertura del festival <strong>venerd\u00ec 20 settembre dalle ore 9 alla \nBiblioteca Agor\u00e0 di Lucca<\/strong> con le scrittrici <strong>LAURA ORSOLINI <\/strong>e<strong> ANNALISA \nSTRADA.&nbsp; Saranno coinvolti gli studenti \ndella scuola primaria e secondaria di primo grado \u201cCarducci\u201d di \nLucca.<\/strong><\/p>\n\n\n\n<p>Anche quest\u2019anno grande attenzione viene rivolta ai \ngiovani, coinvolti nel programma del festival per la mostra \u201c<strong>Racconti a colori<\/strong>\u201d (inaugurazione \nsabato 28 settembre alle 10 a Villa Bottini). Mostra che vedr\u00e0 la \npartecipazione degli studenti del liceo artistico Passaglia, impegnati nel \nrealizzare i disegni ispirati ai 25 racconti vincitori del premio Racconti nella \nRete.&nbsp; \n<\/p>\n\n\n\n<p>In contemporanea il&nbsp; \n28 settembre sar\u00e0 allestita nelle sale di Villa Bottini un mostra molto \ninteressante dal titolo <strong>OMAGGIO A \nLEONARDO GENIO DELL\u2019ARTE<\/strong> con disegni di importanti artisti \ncontemporanei&nbsp; come <strong>Sergio Staino, Lido Contemori, Giuliano \nRossetti e Marco De Angelis. <\/strong>A cura di Stefano Giraldi.<\/p>\n\n\n\n<p><strong>Il poeta ENNIO \nCAVALLI<\/strong> <strong>mercoledi 2 \nottobre presso l\u2019aula magna ISI Barga, terr\u00e0 una conferenza <\/strong>sulle tematiche \npascoliane&nbsp; \u201c<strong>Giovanni Pascoli, il gigante \n\u201cfanciullino<\/strong>\u201d.&nbsp; in collaborazione con \nla <strong>Fondazione&nbsp; Giovanni Pascoli.&nbsp;&nbsp; <\/strong>Inoltre Cavalli presenter\u00e0&nbsp; il suo libro dal titolo \u201cSe ero pi\u00f9 alto \nfacevo il poeta\u201d (La Nave di Teseo).&nbsp; <\/p>\n\n\n\n<p><strong>Giovedi 3 ottobre alle 18.30 \na Palazzo Bernardini<\/strong> incontro con lo scrittore, giornalista, conduttore \ntelevisivo e radiofonico <strong>BRUNO \nGAMBAROTTA<\/strong>, che insieme a <strong>Claudio \nPorchia<\/strong> parler\u00e0 del libro \u201c<strong>Sanremo \nstory\u201d (il prossimo anno il festival festeggia i 70 anni dalla prima \nedizione).<\/strong> &nbsp; In collaborazione con \n<strong>Rotary Club Lucca. <\/strong><\/p>\n\n\n\n<p>In sinergia con il premio letterario <strong>Casino di \nSanremo \u201cAntonio Semeria\u201d<\/strong><\/p>\n\n\n\n<p>Gli incontri con gli studenti delle scuole medie e \nsuperiori dal titolo<strong> \u201cOccasioni \nTobiniane\u201d sono in programma venerdi 4 e sabato 5 ottobre alle 10 a&nbsp; Villa Bottini, <\/strong>Sonoorganizzati in collaborazione con \nla<strong> \nFondazione Mario Tobino.&nbsp; <\/strong><\/p>\n\n\n\n<p>Venerdi 4 \u00e8 in programma la premiazione dei vincitori \ndel premio \u201c<strong>Poesiamo<\/strong>\u201d (associazione \nNormalMente) &nbsp;ed a seguire l\u2019intervento \ndello scrittore &nbsp;<strong>ERALDO AFFINATI<\/strong> con la presentazione \ndel libro&nbsp; \u201cVia dalla pazza classe, \neducare per vivere\u201d (Mondadori). <\/p>\n\n\n\n<p>Sabato 5 intervento del fumettista e illustratore <strong>BRUNO CANNUCCIARI<\/strong> &#8211; autore del \nmanifesto e della copertina dell\u2019antologia Racconti nella Rete 2019 \n(Castelvecchi) &#8211; e dell\u2019attrice pescarese <strong>FRANCA MINNUCCI<\/strong> che legger\u00e0 alcuni \nbrani tratti da \u201cPer le antiche scale\u201d di Mario Tobino.<\/p>\n\n\n\n<p>Sabato 5 ottobre alle 16.30 presso la Sala Conferenze di  Villa Bottini \u2013 prima della premiazione degli autori vincitori di Racconti nella  Rete &#8211; proietteremo il <strong>corto del  vincitore della sezione cortometraggi \u2013 dal titolo <em>\u201cNon lo faccia\u201d<\/em> &#8211;\u00a0 della sceneggiatrice calabrese Katia  Colica.<\/strong> Il corto\u00a0 verr\u00e0 girato sabato  21 settembre nei pressi del ponte di monte San Quirico a Lucca. La produzione \u00e8  di LuccAutori e Scuola di Cinema Immagina di Firenze. La regia \u00e8 di <strong>Giuseppe  Ferlito<\/strong>.<\/p>\n\n\n\n<p><strong>Sar\u00e0 \nassegnato il premio del giornale umoristico Budu\u00e0r al racconto di Cinzia \nMontagna (Pavia) dal titolo \u201cQuando l\u2019Amilcare risorse\u201d, e Aidr &#8211; associazione \nitaliana digital revolution, che assegner\u00e0 un ipad al vincitore pi\u00f9 giovane, \nMartina Scaramuzzino (Reggio Calabria) di 12 anni, autrice del racconto \u201cIl \ndesiderio\u201d. <\/strong><\/p>\n\n\n\n<p><strong>Domenica 6 ottobre alle \n18<\/strong> l\u2019attore <strong>LELLO ARENA<\/strong> <strong>con l\u2019anteprima assoluta del nuovo libro \u201cIo, Napoli e \ntu\u201d scritto con Stefano Genovese (Edizioni \nPiemme).<\/strong><\/p>\n\n\n\n<p>A Villa Bottini, sabato 5 e domenica 6 ottobre alle \n16.30 premiazione dei vincitori della 18^ edizione di&nbsp; Racconti nella Rete.<\/p>\n\n\n\n<p><strong>A seguire \nl\u2019elenco dei vincitori inseriti nella due giornate di \npremiazione<\/strong><\/p>\n\n\n\n<p>Conduce Maria Elena Marchini. Intervento musicale di \nGiuseppe Sanalitro. Letture di Cinzia Iacono, Ines Lonigro, Carmen Verde, Mario \nCenni, Fabio Dostuni, Antonella Lucii. <\/p>\n\n\n\n<p><em>SABATO 5 ottobre ore 16.30 \nvilla Bottini<\/em> \u2013 LINDA BARBARINO Enna , MARTINA SCARAMUZZINO Reggio \nCalabria (Premio Aidr), GIROLAMO TITONE Trapani, ROBERTA BARBI Roma, MARINA \nBERTA Varese, PAOLA DE DONATO Roma, PAOLA MALDONATO Roma, GRAZIA MARCHESE Roma, \nIDA RAIOLA Napoli, MARIA ELENA PRINZI Roma, ANNA ROSA PERRONE La Maddalena \n(Sassari), GIOVANNI PEZZELLA Napoli, VINCENZO ROCCO \nNapoli.<\/p>\n\n\n\n<p><em>DOMENICA 6 ottobre ore 16.30 \nvilla Bottini<\/em> &#8211;&nbsp; SILVIA BOVE \nRoma, NICOLA BUOSO Rovigo, GIUSEPPE CIARALLO Milano, MICHELE EMIDI Grosseto, \nMONICA MENZOGNI Prato, SANDRO MAFFEI Lucca, CINZIA MONTAGNA Pavia (Premio Budu\u00e0r \n\u2013 premiazione sabato), MAIDA OCCHIONERO Milano, LUCA BONACINA Lecco, SILVIA \nSCHIAVO Siena, EZIO TESTA Fermo, LUCA ZAMBELLI Verona.<\/p>\n\n\n\n<p><strong>RAI<\/strong><strong> <\/strong>&nbsp;&#8211; Sabato 21 \nsettembre alle 7.30 su Rai Tre Toscana andr\u00e0 in onda un servizio di \ncinque minuti dedicato al festival LuccAutori. Demetrio Brandi sar\u00e0 poi &nbsp;ospite della trasmissione \u201cBuongiorno \nRegione\u201d di Rai Tre Toscana.&nbsp; Sabato \n5 ottobre a Villa Bottini sar\u00e0 presente una troupe di Rai Parlamento che \ndedicher\u00e0 la speciale \u201cSpazio libero\u201d al Festival LuccAutori ed al premio \nRacconti nella Rete. &nbsp;Su Rai Play, \nVittorio Castelnuovo dedicher\u00e0 uno spazio all\u2019antologia Racconti nella Rete \nnella sua nuova rubrica dedicata ai libri. <\/p>\n\n\n\n<p>LuccAutori, con la regia di Luca Martinelli, produrr\u00e0 un \nvideo che sar\u00e0 distribuito a vari circuiti televisivi.&nbsp; \n<\/p>\n\n\n\n<p><strong>La 19^ \nedizione del premio RACCONTI NELLA RETE parte ad ottobre nel sito \nwww.raccontinellarete.it<\/strong><\/p>\n\n\n\n<p>Una antologia&nbsp; \nche negli anni \u00e8 stata il nostro biglietto da visita con presentazioni in \nmolte librerie d\u2019Italia e che ha partecipato alle pi\u00f9 importanti rassegne \nletterarie come il Salone Internazionale del Libro di Torino e \u201cPi\u00f9 libri pi\u00f9 \nliberi\u201d di Roma.&nbsp;&nbsp; Nutrita anche la \nrassegna stampa, con articoli e recensioni sui principali quotidiani e periodici \nnazionali. Numerosi anche i passaggi radio e televisivi con gli speciali a cura \ndi Radio Rai e Rai Parlamento. <\/p>\n\n\n\n<p>Oltre agli scrittori esordienti, in questi anni \nLuccAutori ha ospitato grandi personaggi come Dacia Maraini, Lidia Ravera, \nSergio Zavoli, Vittorino Andreoli, Alda Merini, Arrigo Petacco, Alain Elkann, \nMaurizio Maggiani, Piero Badaloni, Francesco Alberoni, Pino Caruso, Barbara \nAlberti, Bruno Lauzi, Antonio Caprarica, Enrico Vaime, Irene Pivetti, Ugo \nGregoretti, Sveva Casati Modignani, Giordano Bruno Guerri, Gianluca Grignani, \nSilvio Muccino, Stefano Zecchi, Piero Angela, Carlo Verdone, Francesco Guccini, \nEnrico Vanzina, Roberto Vecchioni, Roberto Giacobbo, Giancarlo Governi, Maurizio \nNichetti, Alberto Matano, Osvaldo Bevilacqua.<\/p>\n\n\n\n<p>Per informazioni sul programma di LuccAutori&nbsp; e per partecipare al&nbsp; premio Racconti nella Rete vedere il sito <strong>ww.raccontinellarete.it&nbsp; &#8211; tel. 0584651874.<\/strong> \n<\/p>\n\n\n\n<p><em>Associazione culturale  LuccAutori<\/em><\/p>\n\n\n\n<figure class=\"wp-block-image\"><img loading=\"lazy\" decoding=\"async\" width=\"730\" height=\"1024\" src=\"https:\/\/www.raccontinellarete.it\/301\/wp-content\/uploads\/2019\/09\/il-tirreno-19-settembre-2019-page-0-730x1024.jpg\" alt=\"\" class=\"wp-image-39700\" srcset=\"https:\/\/www.raccontinellarete.it\/301\/wp-content\/uploads\/2019\/09\/il-tirreno-19-settembre-2019-page-0-730x1024.jpg 730w, https:\/\/www.raccontinellarete.it\/301\/wp-content\/uploads\/2019\/09\/il-tirreno-19-settembre-2019-page-0-178x250.jpg 178w, https:\/\/www.raccontinellarete.it\/301\/wp-content\/uploads\/2019\/09\/il-tirreno-19-settembre-2019-page-0-768x1078.jpg 768w\" sizes=\"(max-width: 730px) 100vw, 730px\" \/><\/figure>\n\n\n\n<figure class=\"wp-block-image\"><img loading=\"lazy\" decoding=\"async\" width=\"730\" height=\"1024\" src=\"https:\/\/www.raccontinellarete.it\/301\/wp-content\/uploads\/2019\/09\/la-nazione-19-settembre-2019-page-0-730x1024.jpg\" alt=\"\" class=\"wp-image-39701\" srcset=\"https:\/\/www.raccontinellarete.it\/301\/wp-content\/uploads\/2019\/09\/la-nazione-19-settembre-2019-page-0-730x1024.jpg 730w, https:\/\/www.raccontinellarete.it\/301\/wp-content\/uploads\/2019\/09\/la-nazione-19-settembre-2019-page-0-178x250.jpg 178w, https:\/\/www.raccontinellarete.it\/301\/wp-content\/uploads\/2019\/09\/la-nazione-19-settembre-2019-page-0-768x1078.jpg 768w\" sizes=\"(max-width: 730px) 100vw, 730px\" \/><\/figure>\n<div class=\"pvc_clear\"><\/div><p id=\"pvc_stats_39697\" class=\"pvc_stats all  \" data-element-id=\"39697\" style=\"\"><i class=\"pvc-stats-icon medium\" aria-hidden=\"true\"><svg aria-hidden=\"true\" focusable=\"false\" data-prefix=\"far\" data-icon=\"chart-bar\" role=\"img\" xmlns=\"http:\/\/www.w3.org\/2000\/svg\" viewBox=\"0 0 512 512\" class=\"svg-inline--fa fa-chart-bar fa-w-16 fa-2x\"><path fill=\"currentColor\" d=\"M396.8 352h22.4c6.4 0 12.8-6.4 12.8-12.8V108.8c0-6.4-6.4-12.8-12.8-12.8h-22.4c-6.4 0-12.8 6.4-12.8 12.8v230.4c0 6.4 6.4 12.8 12.8 12.8zm-192 0h22.4c6.4 0 12.8-6.4 12.8-12.8V140.8c0-6.4-6.4-12.8-12.8-12.8h-22.4c-6.4 0-12.8 6.4-12.8 12.8v198.4c0 6.4 6.4 12.8 12.8 12.8zm96 0h22.4c6.4 0 12.8-6.4 12.8-12.8V204.8c0-6.4-6.4-12.8-12.8-12.8h-22.4c-6.4 0-12.8 6.4-12.8 12.8v134.4c0 6.4 6.4 12.8 12.8 12.8zM496 400H48V80c0-8.84-7.16-16-16-16H16C7.16 64 0 71.16 0 80v336c0 17.67 14.33 32 32 32h464c8.84 0 16-7.16 16-16v-16c0-8.84-7.16-16-16-16zm-387.2-48h22.4c6.4 0 12.8-6.4 12.8-12.8v-70.4c0-6.4-6.4-12.8-12.8-12.8h-22.4c-6.4 0-12.8 6.4-12.8 12.8v70.4c0 6.4 6.4 12.8 12.8 12.8z\" class=\"\"><\/path><\/svg><\/i> <img loading=\"lazy\" decoding=\"async\" width=\"16\" height=\"16\" alt=\"Loading\" src=\"https:\/\/www.raccontinellarete.it\/301\/wp-content\/plugins\/page-views-count\/ajax-loader-2x.gif\" border=0 \/><\/p><div class=\"pvc_clear\"><\/div>","protected":false},"excerpt":{"rendered":"<p>XXV FESTIVAL LUCCAUTORI&nbsp; Lucca, 20 SETTEMBRE &#8211; 6 OTTOBRE 2019 25 anni di LuccAutori e 18 di &nbsp;Racconti nella Rete LELLO ARENA, BRUNO GAMBAROTTA, ENNIO CAVALLI, ANNALISA STRADA, ERALDO AFFINATI, LIDO CONTEMORI, FRANCA MINNUCCI, sono alcuni tra i protagonisti&nbsp; della 25^ edizione del festival LuccAutori, anche quest\u2019anno abbinato al Premio Letterario Racconti nella Rete, giunto [&hellip;]<\/p>\n<div class=\"pvc_clear\"><\/div>\n<p id=\"pvc_stats_39697\" class=\"pvc_stats all  \" data-element-id=\"39697\" style=\"\"><i class=\"pvc-stats-icon medium\" aria-hidden=\"true\"><svg aria-hidden=\"true\" focusable=\"false\" data-prefix=\"far\" data-icon=\"chart-bar\" role=\"img\" xmlns=\"http:\/\/www.w3.org\/2000\/svg\" viewBox=\"0 0 512 512\" class=\"svg-inline--fa fa-chart-bar fa-w-16 fa-2x\"><path fill=\"currentColor\" d=\"M396.8 352h22.4c6.4 0 12.8-6.4 12.8-12.8V108.8c0-6.4-6.4-12.8-12.8-12.8h-22.4c-6.4 0-12.8 6.4-12.8 12.8v230.4c0 6.4 6.4 12.8 12.8 12.8zm-192 0h22.4c6.4 0 12.8-6.4 12.8-12.8V140.8c0-6.4-6.4-12.8-12.8-12.8h-22.4c-6.4 0-12.8 6.4-12.8 12.8v198.4c0 6.4 6.4 12.8 12.8 12.8zm96 0h22.4c6.4 0 12.8-6.4 12.8-12.8V204.8c0-6.4-6.4-12.8-12.8-12.8h-22.4c-6.4 0-12.8 6.4-12.8 12.8v134.4c0 6.4 6.4 12.8 12.8 12.8zM496 400H48V80c0-8.84-7.16-16-16-16H16C7.16 64 0 71.16 0 80v336c0 17.67 14.33 32 32 32h464c8.84 0 16-7.16 16-16v-16c0-8.84-7.16-16-16-16zm-387.2-48h22.4c6.4 0 12.8-6.4 12.8-12.8v-70.4c0-6.4-6.4-12.8-12.8-12.8h-22.4c-6.4 0-12.8 6.4-12.8 12.8v70.4c0 6.4 6.4 12.8 12.8 12.8z\" class=\"\"><\/path><\/svg><\/i> <img loading=\"lazy\" decoding=\"async\" width=\"16\" height=\"16\" alt=\"Loading\" src=\"https:\/\/www.raccontinellarete.it\/301\/wp-content\/plugins\/page-views-count\/ajax-loader-2x.gif\" border=0 \/><\/p>\n<div class=\"pvc_clear\"><\/div>\n","protected":false},"author":3,"featured_media":39698,"comment_status":"open","ping_status":"closed","sticky":false,"template":"","format":"standard","meta":{"footnotes":""},"categories":[87,543,5],"tags":[],"class_list":["post-39697","post","type-post","status-publish","format-standard","has-post-thumbnail","hentry","category-comunicato-stampa","category-forum-di-racconti-nella-rete","category-racconti-nella-rete"],"_links":{"self":[{"href":"https:\/\/www.raccontinellarete.it\/index.php?rest_route=\/wp\/v2\/posts\/39697"}],"collection":[{"href":"https:\/\/www.raccontinellarete.it\/index.php?rest_route=\/wp\/v2\/posts"}],"about":[{"href":"https:\/\/www.raccontinellarete.it\/index.php?rest_route=\/wp\/v2\/types\/post"}],"author":[{"embeddable":true,"href":"https:\/\/www.raccontinellarete.it\/index.php?rest_route=\/wp\/v2\/users\/3"}],"replies":[{"embeddable":true,"href":"https:\/\/www.raccontinellarete.it\/index.php?rest_route=%2Fwp%2Fv2%2Fcomments&post=39697"}],"version-history":[{"count":3,"href":"https:\/\/www.raccontinellarete.it\/index.php?rest_route=\/wp\/v2\/posts\/39697\/revisions"}],"predecessor-version":[{"id":39705,"href":"https:\/\/www.raccontinellarete.it\/index.php?rest_route=\/wp\/v2\/posts\/39697\/revisions\/39705"}],"wp:featuredmedia":[{"embeddable":true,"href":"https:\/\/www.raccontinellarete.it\/index.php?rest_route=\/wp\/v2\/media\/39698"}],"wp:attachment":[{"href":"https:\/\/www.raccontinellarete.it\/index.php?rest_route=%2Fwp%2Fv2%2Fmedia&parent=39697"}],"wp:term":[{"taxonomy":"category","embeddable":true,"href":"https:\/\/www.raccontinellarete.it\/index.php?rest_route=%2Fwp%2Fv2%2Fcategories&post=39697"},{"taxonomy":"post_tag","embeddable":true,"href":"https:\/\/www.raccontinellarete.it\/index.php?rest_route=%2Fwp%2Fv2%2Ftags&post=39697"}],"curies":[{"name":"wp","href":"https:\/\/api.w.org\/{rel}","templated":true}]}}