{"id":39681,"date":"2019-09-10T10:04:35","date_gmt":"2019-09-10T09:04:35","guid":{"rendered":"http:\/\/www.raccontinellarete.it\/?p=39681"},"modified":"2019-09-22T16:52:41","modified_gmt":"2019-09-22T15:52:41","slug":"venerdi-20-settembre-luccautori-ragazzi-alla-biblioteca-agora","status":"publish","type":"post","link":"https:\/\/www.raccontinellarete.it\/?p=39681","title":{"rendered":"Venerd\u00ec 20 settembre LuccAutori Ragazzi alla Biblioteca Agor\u00e0"},"content":{"rendered":"\n<ul class=\"wp-block-gallery columns-1 is-cropped wp-block-gallery-1 is-layout-flex wp-block-gallery-is-layout-flex\"><li class=\"blocks-gallery-item\"><figure><img decoding=\"async\" src=\"https:\/\/www.raccontinellarete.it\/301\/wp-content\/uploads\/2019\/09\/manifesto-orsolini-e-strada-717x1024.jpg\" alt=\"\" data-id=\"39682\" data-link=\"https:\/\/www.raccontinellarete.it\/?attachment_id=39682\" class=\"wp-image-39682\"\/><\/figure><\/li><\/ul>\n\n\n\n<p><\/p>\n\n\n\n<p><strong>Venerd\u00ec 20 Settembre&nbsp;  <\/strong><\/p>\n\n\n\n<p><strong>Ore 9 Auditorium Biblioteca Agor\u00e0<\/strong><\/p>\n\n\n\n<p><strong>LUCCAUTORI RAGAZZI<\/strong>&nbsp;&nbsp;con <strong>Laura Orsolini<\/strong> e <strong>Annalisa Strada.<\/strong><\/p>\n\n\n\n<p><strong>Prende il via con una giornata interamente dedicata ai ragazzi, la 25^ edizione del festival LuccAutori &#8211; Premio Racconti nella Rete. <\/strong><\/p>\n\n\n\n<p>Ecco il programma della giornata in programma presso la<strong> Biblioteca civica Agor\u00e0,  in piazza dei Servi a Lucca.<\/strong><\/p>\n\n\n\n<p><strong>Auditorium <\/strong>&#8211; Dalle 9 alle 10.30 Laura Orsolini incontra tre classi quinte della scuola primaria Carducci e parla di &#8220;Cloud, storia di un capitano peloso&#8221; (La Memoria del Mondo). Segue il laboratorio creativo &#8220;Crea il tuo capitano peloso&#8221;.&nbsp; A seguire, fino alle 12, Laura Orsolini incontra tre classi seconde della scuola primaria e parla di&nbsp; &#8220;Agente Speciale Biscia Dorata, avventure in pineta&#8221; (La Memoria del Mondo). &nbsp;Segue laboratorio creativo &#8220;Crea il tuo agente speciale&#8221;.&nbsp;&nbsp; <\/p>\n\n\n\n<p><strong><em>Laura Orsolini<\/em><\/strong> \u00e8 scrittrice, libraia, consulente editoriale. Ha al suo attivo sette pubblicazioni per ragazzi e per adulti. Dirige i corsi di teatro e scrittura del Gazzetta Summer Camp \u2013 La Gazzetta dello Sport.<\/p>\n\n\n\n<p><strong>&#8212;&#8212;&#8212;&#8212;&#8212;&#8212;&#8212;&#8212;&#8212;&#8212;&#8212;&#8212;<\/strong><\/p>\n\n\n\n<p><strong>Sala corsi<\/strong> &#8211; Dalle 9 alle 12 Annalisa Strada incontra i ragazzi della scuola secondaria di primo &nbsp;grado. Parler\u00e0 di &#8220;Io, Emanuela\u201d agente della scorta di Paolo Borsellino (Einaudi Ragazzi).&nbsp; A seguire,&nbsp; un approfondimento sul periodo storico e sul tema della mafia in Italia.  <\/p>\n\n\n\n<p><strong><em>Annalisa Strada<\/em><\/strong> \u00e8 scrittrice e consulente editoriale, docente di italiano alla scuola secondaria di primo grado. Ha al suo attivo pi\u00f9 di cento pubblicazioni con i pi\u00f9 grandi editori italiani e stranieri, ed ha vinto moltissimi premi per la narrativa ragazzi. <\/p>\n\n\n\n<p><strong>&#8220;Io, Emanuela \u2013 Agente della scorta di Paolo Borsellino&#8221;&nbsp; ANNALISA STRADA  (Einaudi)<\/strong><\/p>\n\n\n\n<p>Il 1992 fu un anno di grandi cambiamenti per l\u2019Italia e\nvenne segnato in particolare da due clamorosi attentati di mafia avvenuti a\nPalermo: il 23 maggio, a Capaci, moriva il giudice Giovanni Falcone e\ncinquantasette giorni pi\u00f9 tardi, il 19 luglio, il suo collega Paolo Borsellino\nperdeva la vita in via D\u2019Amelio. Falcone e Borsellino furono e sono due uomini\nsimbolo della legalit\u00e0, ma non morirono solo loro: entrambi gli attentati\nprovocarono la morte degli agenti di scorta e il ferimento di cittadini. Gli\nagenti furono e restano vittime meno famose.<\/p>\n\n\n\n<p>Avevano vite normali, tranquille, votate a un servizio di\nprimaria importanza. Per abitudine si dice \u00abuomini della scorta\u00bb ma nel caso di\nBorsellino, l\u2019uomo considerato un bersaglio vivente, certo sarebbe pi\u00f9 giusto\nparlare di \u00abuomini e donne della scorta\u00bb. In via D\u2019Amelio, infatti, venne\ndilaniata anche Emanuela Loi, che si aggiudic\u00f2 il triste primato di \u00abprima\ndonna agente di polizia morta in servizio\u00bb. Aveva 24 anni, un fidanzato, una\nfamiglia unitissima e una volont\u00e0 di ferro. Era entrata in polizia spinta dalla\nsua determinazione. Una carica di esplosivo ha fermato il suo sogno.<\/p>\n\n\n\n<p>Questa \u00e8 la storia degli ultimi mesi della sua vita.\nEmanuela Loi ha ricevuto la medaglia d\u2019oro al valore civile. Un romanzo\nappassionato, nato da una dettagliata ricerca di fonti per raccontare ai pi\u00f9\ngiovani una pagina intensa e drammatica della nostra storia.<\/p>\n\n\n\n<p><\/p>\n\n\n\n<p><\/p>\n\n\n\n<p><\/p>\n\n\n\n<figure class=\"wp-block-image\"><img loading=\"lazy\" decoding=\"async\" width=\"1024\" height=\"576\" src=\"https:\/\/www.raccontinellarete.it\/301\/wp-content\/uploads\/2019\/09\/vlcsnap-2019-09-22-18h46m32s46-1024x576.png\" alt=\"\" class=\"wp-image-39713\" srcset=\"https:\/\/www.raccontinellarete.it\/301\/wp-content\/uploads\/2019\/09\/vlcsnap-2019-09-22-18h46m32s46-1024x576.png 1024w, https:\/\/www.raccontinellarete.it\/301\/wp-content\/uploads\/2019\/09\/vlcsnap-2019-09-22-18h46m32s46-344x194.png 344w, https:\/\/www.raccontinellarete.it\/301\/wp-content\/uploads\/2019\/09\/vlcsnap-2019-09-22-18h46m32s46-768x432.png 768w, https:\/\/www.raccontinellarete.it\/301\/wp-content\/uploads\/2019\/09\/vlcsnap-2019-09-22-18h46m32s46.png 1920w\" sizes=\"(max-width: 1024px) 100vw, 1024px\" \/><\/figure>\n\n\n\n<p><strong><em>&#8212;&#8212;&#8212;&#8212;&#8212;&#8212;&#8212;&#8212;-<\/em><\/strong><\/p>\n\n\n\n<p><strong><em>Gli incontri condotti da Laura Orsolini e Annalisa Strada saranno&nbsp; introdotti da Demetrio Brandi, presidente di LuccAutori e Premio letterario Racconti nella Rete <\/em><\/strong><\/p>\n<div class=\"pvc_clear\"><\/div><p id=\"pvc_stats_39681\" class=\"pvc_stats all  \" data-element-id=\"39681\" style=\"\"><i class=\"pvc-stats-icon medium\" aria-hidden=\"true\"><svg aria-hidden=\"true\" focusable=\"false\" data-prefix=\"far\" data-icon=\"chart-bar\" role=\"img\" xmlns=\"http:\/\/www.w3.org\/2000\/svg\" viewBox=\"0 0 512 512\" class=\"svg-inline--fa fa-chart-bar fa-w-16 fa-2x\"><path fill=\"currentColor\" d=\"M396.8 352h22.4c6.4 0 12.8-6.4 12.8-12.8V108.8c0-6.4-6.4-12.8-12.8-12.8h-22.4c-6.4 0-12.8 6.4-12.8 12.8v230.4c0 6.4 6.4 12.8 12.8 12.8zm-192 0h22.4c6.4 0 12.8-6.4 12.8-12.8V140.8c0-6.4-6.4-12.8-12.8-12.8h-22.4c-6.4 0-12.8 6.4-12.8 12.8v198.4c0 6.4 6.4 12.8 12.8 12.8zm96 0h22.4c6.4 0 12.8-6.4 12.8-12.8V204.8c0-6.4-6.4-12.8-12.8-12.8h-22.4c-6.4 0-12.8 6.4-12.8 12.8v134.4c0 6.4 6.4 12.8 12.8 12.8zM496 400H48V80c0-8.84-7.16-16-16-16H16C7.16 64 0 71.16 0 80v336c0 17.67 14.33 32 32 32h464c8.84 0 16-7.16 16-16v-16c0-8.84-7.16-16-16-16zm-387.2-48h22.4c6.4 0 12.8-6.4 12.8-12.8v-70.4c0-6.4-6.4-12.8-12.8-12.8h-22.4c-6.4 0-12.8 6.4-12.8 12.8v70.4c0 6.4 6.4 12.8 12.8 12.8z\" class=\"\"><\/path><\/svg><\/i> <img loading=\"lazy\" decoding=\"async\" width=\"16\" height=\"16\" alt=\"Loading\" src=\"https:\/\/www.raccontinellarete.it\/301\/wp-content\/plugins\/page-views-count\/ajax-loader-2x.gif\" border=0 \/><\/p><div class=\"pvc_clear\"><\/div>","protected":false},"excerpt":{"rendered":"<p>Venerd\u00ec 20 Settembre&nbsp; Ore 9 Auditorium Biblioteca Agor\u00e0 LUCCAUTORI RAGAZZI&nbsp;&nbsp;con Laura Orsolini e Annalisa Strada. Prende il via con una giornata interamente dedicata ai ragazzi, la 25^ edizione del festival LuccAutori &#8211; Premio Racconti nella Rete. Ecco il programma della giornata in programma presso la Biblioteca civica Agor\u00e0, in piazza dei Servi a Lucca. Auditorium [&hellip;]<\/p>\n<div class=\"pvc_clear\"><\/div>\n<p id=\"pvc_stats_39681\" class=\"pvc_stats all  \" data-element-id=\"39681\" style=\"\"><i class=\"pvc-stats-icon medium\" aria-hidden=\"true\"><svg aria-hidden=\"true\" focusable=\"false\" data-prefix=\"far\" data-icon=\"chart-bar\" role=\"img\" xmlns=\"http:\/\/www.w3.org\/2000\/svg\" viewBox=\"0 0 512 512\" class=\"svg-inline--fa fa-chart-bar fa-w-16 fa-2x\"><path fill=\"currentColor\" d=\"M396.8 352h22.4c6.4 0 12.8-6.4 12.8-12.8V108.8c0-6.4-6.4-12.8-12.8-12.8h-22.4c-6.4 0-12.8 6.4-12.8 12.8v230.4c0 6.4 6.4 12.8 12.8 12.8zm-192 0h22.4c6.4 0 12.8-6.4 12.8-12.8V140.8c0-6.4-6.4-12.8-12.8-12.8h-22.4c-6.4 0-12.8 6.4-12.8 12.8v198.4c0 6.4 6.4 12.8 12.8 12.8zm96 0h22.4c6.4 0 12.8-6.4 12.8-12.8V204.8c0-6.4-6.4-12.8-12.8-12.8h-22.4c-6.4 0-12.8 6.4-12.8 12.8v134.4c0 6.4 6.4 12.8 12.8 12.8zM496 400H48V80c0-8.84-7.16-16-16-16H16C7.16 64 0 71.16 0 80v336c0 17.67 14.33 32 32 32h464c8.84 0 16-7.16 16-16v-16c0-8.84-7.16-16-16-16zm-387.2-48h22.4c6.4 0 12.8-6.4 12.8-12.8v-70.4c0-6.4-6.4-12.8-12.8-12.8h-22.4c-6.4 0-12.8 6.4-12.8 12.8v70.4c0 6.4 6.4 12.8 12.8 12.8z\" class=\"\"><\/path><\/svg><\/i> <img loading=\"lazy\" decoding=\"async\" width=\"16\" height=\"16\" alt=\"Loading\" src=\"https:\/\/www.raccontinellarete.it\/301\/wp-content\/plugins\/page-views-count\/ajax-loader-2x.gif\" border=0 \/><\/p>\n<div class=\"pvc_clear\"><\/div>\n","protected":false},"author":3,"featured_media":39713,"comment_status":"open","ping_status":"closed","sticky":false,"template":"","format":"standard","meta":{"footnotes":""},"categories":[87,5,4],"tags":[],"class_list":["post-39681","post","type-post","status-publish","format-standard","has-post-thumbnail","hentry","category-comunicato-stampa","category-racconti-nella-rete","category-news"],"_links":{"self":[{"href":"https:\/\/www.raccontinellarete.it\/index.php?rest_route=\/wp\/v2\/posts\/39681"}],"collection":[{"href":"https:\/\/www.raccontinellarete.it\/index.php?rest_route=\/wp\/v2\/posts"}],"about":[{"href":"https:\/\/www.raccontinellarete.it\/index.php?rest_route=\/wp\/v2\/types\/post"}],"author":[{"embeddable":true,"href":"https:\/\/www.raccontinellarete.it\/index.php?rest_route=\/wp\/v2\/users\/3"}],"replies":[{"embeddable":true,"href":"https:\/\/www.raccontinellarete.it\/index.php?rest_route=%2Fwp%2Fv2%2Fcomments&post=39681"}],"version-history":[{"count":10,"href":"https:\/\/www.raccontinellarete.it\/index.php?rest_route=\/wp\/v2\/posts\/39681\/revisions"}],"predecessor-version":[{"id":39715,"href":"https:\/\/www.raccontinellarete.it\/index.php?rest_route=\/wp\/v2\/posts\/39681\/revisions\/39715"}],"wp:featuredmedia":[{"embeddable":true,"href":"https:\/\/www.raccontinellarete.it\/index.php?rest_route=\/wp\/v2\/media\/39713"}],"wp:attachment":[{"href":"https:\/\/www.raccontinellarete.it\/index.php?rest_route=%2Fwp%2Fv2%2Fmedia&parent=39681"}],"wp:term":[{"taxonomy":"category","embeddable":true,"href":"https:\/\/www.raccontinellarete.it\/index.php?rest_route=%2Fwp%2Fv2%2Fcategories&post=39681"},{"taxonomy":"post_tag","embeddable":true,"href":"https:\/\/www.raccontinellarete.it\/index.php?rest_route=%2Fwp%2Fv2%2Ftags&post=39681"}],"curies":[{"name":"wp","href":"https:\/\/api.w.org\/{rel}","templated":true}]}}