{"id":39667,"date":"2019-09-05T10:02:52","date_gmt":"2019-09-05T09:02:52","guid":{"rendered":"http:\/\/www.raccontinellarete.it\/?p=39667"},"modified":"2019-09-05T10:07:30","modified_gmt":"2019-09-05T09:07:30","slug":"mercoledi-2-ottobre-giovanni-pascoli-il-gigante-fanciullino","status":"publish","type":"post","link":"https:\/\/www.raccontinellarete.it\/?p=39667","title":{"rendered":"LuccAutori 2019,  mercoledi 2 ottobre &#8220;Giovanni Pascoli, il gigante fanciullino&#8221;"},"content":{"rendered":"\n<p><br><\/p>\n\n\n\n<ul class=\"wp-block-gallery columns-1 is-cropped wp-block-gallery-1 is-layout-flex wp-block-gallery-is-layout-flex\"><li class=\"blocks-gallery-item\"><figure><img decoding=\"async\" src=\"https:\/\/www.raccontinellarete.it\/301\/wp-content\/uploads\/2019\/09\/giovanni-pascoli-il-_gigante_-fanciullino-Ennio-Cavalli-la-poetica-di-un-contemporaneo-incontra-il-grande-di-Barga-1-725x1024.png\" alt=\"\" data-id=\"39668\" data-link=\"https:\/\/www.raccontinellarete.it\/?attachment_id=39668\" class=\"wp-image-39668\"\/><\/figure><\/li><\/ul>\n\n\n\n<p style=\"text-align:left\"> <br><strong>Mercoled\u00ec 2 ottobre&nbsp; ore 10 Aula Magna ISI Barga <\/strong><\/p>\n\n\n\n<p><strong>Giovanni Pascoli, &nbsp;il gigante \u201cfanciullino\u201d<\/strong><\/p>\n\n\n\n<p><strong><em>Ennio Cavalli, la poetica di un contemporaneo incontra il grande di Barga<\/em><\/strong><\/p>\n\n\n\n<p>Il poeta Ennio Cavalli presenta il libro <strong>\u201cSe ero pi\u00f9 alto facevo il poeta\u201d (La nave di Teseo).<\/strong> Intervengono <strong>Alessandro &nbsp;Adami <\/strong>, presidente della <strong>Fondazione Giovanni Pascoli<\/strong> &nbsp;e&nbsp; <strong>Demetrio Brandi<\/strong>, presidente di <strong>LuccAutori<\/strong>.&nbsp; Con la partecipazione degli studenti&nbsp; delle scuole secondarie di secondo grado.<\/p>\n\n\n\n<h1 class=\"wp-block-heading\">Se ero pi\u00f9 alto facevo il poeta<\/h1>\n\n\n\n<p>La poesia di Ennio Cavalli non sopporta confini, tant\u2019\u00e8 che in questo libro attinge, flirta, si trasforma in prosa. La prosa, a sua volta, punta alla leggerezza, alla velocit\u00e0 di scavo, all\u2019idea calviniana di \u201cespressione necessaria, unica, densa, concisa, memorabile\u201d. Prosa e poesia si fondono cos\u00ec in quella sorta di \u201cpensiero lungo\u201d che fa da lo conduttore a tutta l\u2019opera di Cavalli. Gi\u00e0 nelle poesie d\u2019esordio (L\u2019infinito quotidiano, 1973) Federico Fellini vedeva \u201cuna ricchezza di immagini suggerite da una sofferenza intellettuale e letteraria, invenzioni belle, fresche, originali\u201d.<br>E Dario Fo sottolineava, pi\u00f9 di recente, \u201cil gioco di prospettive e di rimandi\u201d tipico del suo narrare.<br>Se ero pi\u00f9 alto facevo il poeta \u00e8 il libro della maturit\u00e0 di un autore che mette a frutto esperienze di vita, forza visionaria e ricerca linguistica. Con filosofia lucreziana e ironia a lento rilascio, questo florilegio di pagine inedite tocca il tema della natura, della morte, del soprannaturale, delle religioni, dell\u2019amore, del sociale, dello scrivere, del sorridere. Si passa dall\u2019immanente al trascendente, dall\u2019infanzia dell\u2019umanit\u00e0 alle risorse del mito, dai toni civili preoccupati e coraggiosi al divertissement, dal resum\u00e9 degli anni di piombo visti dal marciapiede opposto a quello dei terroristi alla smagliante \u201cintervista impossibile\u201d con Virgilio. Mentre gli stralci di poetica radunati in Circo a tre piste e in Maestri di danza non restano modelli di virtuosa programmazione. Diventano essi stessi, per osmosi, rintocchi fantastici e preziosi.<\/p>\n\n\n\n<p>Ennio Cavalli, nato a Forl\u00ec nel 1947, vive a Roma. Inviato Rai, dopo un primo \u201crodaggio\u201d in cronaca, si \u00e8 sempre occupato di cultura e spettacoli. Con il romanzo Quattro errori di Dio (2005) ha vinto il premio Campiello Giuria dei Letterati. Con Libro grosso (2009), il Viareggio Poesia. Con I gemelli giornalisti sono io! (2011), il premio Elsa Morante Ragazzi. Altre opere in prosa: La Bibbia in lattina (1992, con una lettera di Federico Fellini), Il romanzo del Nobel (2000, nota di Dario Fo), Fiabe storte (2003), Il poeta \u00e8 un camionista (2003), Il divano del Nord (2005), La cosa poetica (2014), I gemelli giornalisti sempre in viaggio, quarto della serie (2016), L\u2019amore prima dell\u2019aggettivo (2017). Le pi\u00f9 recenti raccolte di versi: Trattativa con l\u2019ombra (2013), La pi\u00f9 bella poesia del libro e altre anomalie (2015), Qualcuna (2016), Vangelo di legno verde (2016), Poesie incivili (2017), Orfeo e il Signor Tod (2018). <\/p>\n<div class=\"pvc_clear\"><\/div><p id=\"pvc_stats_39667\" class=\"pvc_stats all  \" data-element-id=\"39667\" style=\"\"><i class=\"pvc-stats-icon medium\" aria-hidden=\"true\"><svg aria-hidden=\"true\" focusable=\"false\" data-prefix=\"far\" data-icon=\"chart-bar\" role=\"img\" xmlns=\"http:\/\/www.w3.org\/2000\/svg\" viewBox=\"0 0 512 512\" class=\"svg-inline--fa fa-chart-bar fa-w-16 fa-2x\"><path fill=\"currentColor\" d=\"M396.8 352h22.4c6.4 0 12.8-6.4 12.8-12.8V108.8c0-6.4-6.4-12.8-12.8-12.8h-22.4c-6.4 0-12.8 6.4-12.8 12.8v230.4c0 6.4 6.4 12.8 12.8 12.8zm-192 0h22.4c6.4 0 12.8-6.4 12.8-12.8V140.8c0-6.4-6.4-12.8-12.8-12.8h-22.4c-6.4 0-12.8 6.4-12.8 12.8v198.4c0 6.4 6.4 12.8 12.8 12.8zm96 0h22.4c6.4 0 12.8-6.4 12.8-12.8V204.8c0-6.4-6.4-12.8-12.8-12.8h-22.4c-6.4 0-12.8 6.4-12.8 12.8v134.4c0 6.4 6.4 12.8 12.8 12.8zM496 400H48V80c0-8.84-7.16-16-16-16H16C7.16 64 0 71.16 0 80v336c0 17.67 14.33 32 32 32h464c8.84 0 16-7.16 16-16v-16c0-8.84-7.16-16-16-16zm-387.2-48h22.4c6.4 0 12.8-6.4 12.8-12.8v-70.4c0-6.4-6.4-12.8-12.8-12.8h-22.4c-6.4 0-12.8 6.4-12.8 12.8v70.4c0 6.4 6.4 12.8 12.8 12.8z\" class=\"\"><\/path><\/svg><\/i> <img loading=\"lazy\" decoding=\"async\" width=\"16\" height=\"16\" alt=\"Loading\" src=\"https:\/\/www.raccontinellarete.it\/301\/wp-content\/plugins\/page-views-count\/ajax-loader-2x.gif\" border=0 \/><\/p><div class=\"pvc_clear\"><\/div>","protected":false},"excerpt":{"rendered":"<p>Mercoled\u00ec 2 ottobre&nbsp; ore 10 Aula Magna ISI Barga Giovanni Pascoli, &nbsp;il gigante \u201cfanciullino\u201d Ennio Cavalli, la poetica di un contemporaneo incontra il grande di Barga Il poeta Ennio Cavalli presenta il libro \u201cSe ero pi\u00f9 alto facevo il poeta\u201d (La nave di Teseo). Intervengono Alessandro &nbsp;Adami , presidente della Fondazione Giovanni Pascoli &nbsp;e&nbsp; Demetrio [&hellip;]<\/p>\n<div class=\"pvc_clear\"><\/div>\n<p id=\"pvc_stats_39667\" class=\"pvc_stats all  \" data-element-id=\"39667\" style=\"\"><i class=\"pvc-stats-icon medium\" aria-hidden=\"true\"><svg aria-hidden=\"true\" focusable=\"false\" data-prefix=\"far\" data-icon=\"chart-bar\" role=\"img\" xmlns=\"http:\/\/www.w3.org\/2000\/svg\" viewBox=\"0 0 512 512\" class=\"svg-inline--fa fa-chart-bar fa-w-16 fa-2x\"><path fill=\"currentColor\" d=\"M396.8 352h22.4c6.4 0 12.8-6.4 12.8-12.8V108.8c0-6.4-6.4-12.8-12.8-12.8h-22.4c-6.4 0-12.8 6.4-12.8 12.8v230.4c0 6.4 6.4 12.8 12.8 12.8zm-192 0h22.4c6.4 0 12.8-6.4 12.8-12.8V140.8c0-6.4-6.4-12.8-12.8-12.8h-22.4c-6.4 0-12.8 6.4-12.8 12.8v198.4c0 6.4 6.4 12.8 12.8 12.8zm96 0h22.4c6.4 0 12.8-6.4 12.8-12.8V204.8c0-6.4-6.4-12.8-12.8-12.8h-22.4c-6.4 0-12.8 6.4-12.8 12.8v134.4c0 6.4 6.4 12.8 12.8 12.8zM496 400H48V80c0-8.84-7.16-16-16-16H16C7.16 64 0 71.16 0 80v336c0 17.67 14.33 32 32 32h464c8.84 0 16-7.16 16-16v-16c0-8.84-7.16-16-16-16zm-387.2-48h22.4c6.4 0 12.8-6.4 12.8-12.8v-70.4c0-6.4-6.4-12.8-12.8-12.8h-22.4c-6.4 0-12.8 6.4-12.8 12.8v70.4c0 6.4 6.4 12.8 12.8 12.8z\" class=\"\"><\/path><\/svg><\/i> <img loading=\"lazy\" decoding=\"async\" width=\"16\" height=\"16\" alt=\"Loading\" src=\"https:\/\/www.raccontinellarete.it\/301\/wp-content\/plugins\/page-views-count\/ajax-loader-2x.gif\" border=0 \/><\/p>\n<div class=\"pvc_clear\"><\/div>\n","protected":false},"author":3,"featured_media":36616,"comment_status":"open","ping_status":"closed","sticky":false,"template":"","format":"standard","meta":{"footnotes":""},"categories":[87,5],"tags":[],"class_list":["post-39667","post","type-post","status-publish","format-standard","has-post-thumbnail","hentry","category-comunicato-stampa","category-racconti-nella-rete"],"_links":{"self":[{"href":"https:\/\/www.raccontinellarete.it\/index.php?rest_route=\/wp\/v2\/posts\/39667"}],"collection":[{"href":"https:\/\/www.raccontinellarete.it\/index.php?rest_route=\/wp\/v2\/posts"}],"about":[{"href":"https:\/\/www.raccontinellarete.it\/index.php?rest_route=\/wp\/v2\/types\/post"}],"author":[{"embeddable":true,"href":"https:\/\/www.raccontinellarete.it\/index.php?rest_route=\/wp\/v2\/users\/3"}],"replies":[{"embeddable":true,"href":"https:\/\/www.raccontinellarete.it\/index.php?rest_route=%2Fwp%2Fv2%2Fcomments&post=39667"}],"version-history":[{"count":6,"href":"https:\/\/www.raccontinellarete.it\/index.php?rest_route=\/wp\/v2\/posts\/39667\/revisions"}],"predecessor-version":[{"id":39674,"href":"https:\/\/www.raccontinellarete.it\/index.php?rest_route=\/wp\/v2\/posts\/39667\/revisions\/39674"}],"wp:featuredmedia":[{"embeddable":true,"href":"https:\/\/www.raccontinellarete.it\/index.php?rest_route=\/wp\/v2\/media\/36616"}],"wp:attachment":[{"href":"https:\/\/www.raccontinellarete.it\/index.php?rest_route=%2Fwp%2Fv2%2Fmedia&parent=39667"}],"wp:term":[{"taxonomy":"category","embeddable":true,"href":"https:\/\/www.raccontinellarete.it\/index.php?rest_route=%2Fwp%2Fv2%2Fcategories&post=39667"},{"taxonomy":"post_tag","embeddable":true,"href":"https:\/\/www.raccontinellarete.it\/index.php?rest_route=%2Fwp%2Fv2%2Ftags&post=39667"}],"curies":[{"name":"wp","href":"https:\/\/api.w.org\/{rel}","templated":true}]}}