{"id":39647,"date":"2019-09-02T18:06:33","date_gmt":"2019-09-02T17:06:33","guid":{"rendered":"http:\/\/www.raccontinellarete.it\/?p=39647"},"modified":"2019-09-25T22:19:56","modified_gmt":"2019-09-25T21:19:56","slug":"il-programma-giornaliero-del-25-festival-luccautori","status":"publish","type":"post","link":"https:\/\/www.raccontinellarete.it\/?p=39647","title":{"rendered":"Il programma del 25\u00b0 Festival LuccAutori"},"content":{"rendered":"\n<ul class=\"wp-block-gallery columns-1 is-cropped wp-block-gallery-1 is-layout-flex wp-block-gallery-is-layout-flex\"><li class=\"blocks-gallery-item\"><figure><img decoding=\"async\" src=\"https:\/\/www.raccontinellarete.it\/301\/wp-content\/uploads\/2019\/09\/facebook-1024x512.jpg\" alt=\"\" data-id=\"39661\" data-link=\"https:\/\/www.raccontinellarete.it\/?attachment_id=39661\" class=\"wp-image-39661\"\/><\/figure><\/li><\/ul>\n\n\n\n<figure class=\"wp-block-embed-youtube wp-block-embed is-type-video is-provider-youtube wp-embed-aspect-16-9 wp-has-aspect-ratio\"><div class=\"wp-block-embed__wrapper\">\n<iframe loading=\"lazy\" title=\"Anteprima festival LuccAutori 2019\" width=\"500\" height=\"281\" src=\"https:\/\/www.youtube.com\/embed\/1xZD5v1HYsI?feature=oembed\" frameborder=\"0\" allow=\"accelerometer; autoplay; clipboard-write; encrypted-media; gyroscope; picture-in-picture; web-share\" referrerpolicy=\"strict-origin-when-cross-origin\" allowfullscreen><\/iframe>\n<\/div><\/figure>\n\n\n\n<p><strong>PROGRAMMA<\/strong><\/p>\n\n\n\n<p><strong>Venerd\u00ec 20 Settembre&nbsp; <\/strong><\/p>\n\n\n\n<p><strong>Ore 9 Auditorium Biblioteca civica Agor\u00e0<\/strong><\/p>\n\n\n\n<p><strong>LUCCAUTORI RAGAZZI<\/strong>&nbsp;&nbsp;<\/p>\n\n\n\n<p>con <strong>Laura Orsolini<\/strong> e <strong>Annalisa Strada<\/strong><\/p>\n\n\n\n<p>Auditorium &#8211; Dalle 9 alle 10.30\nLaura Orsolini incontra tre classi quinte della scuola primaria Carducci e\nparla di &#8220;Cloud, storia di un capitano peloso&#8221; (La Memoria del\nMondo). Segue il laboratorio creativo &#8220;Crea il tuo capitano\npeloso&#8221;.&nbsp; A seguire, fino alle 12, Laura Orsolini incontra tre classi\nseconde della scuola primaria e parla di&nbsp; &#8220;Agente Speciale Biscia\nDorata, avventure in pineta&#8221; (La Memoria del Mondo). &nbsp;Segue laboratorio creativo &#8220;Crea il tuo\nagente speciale&#8221;.&nbsp;&nbsp; <\/p>\n\n\n\n<p>Sala corsi &#8211; Dalle 9 alle 12 Annalisa Strada incontra i ragazzi della scuola secondaria di primo grado. Parler\u00e0 di &#8220;Io, Emanuela\u201d agente della scorta di Paolo Borsellino (Einaudi Ragazzi).&nbsp; A seguire,&nbsp; un approfondimento sul periodo storico e sul tema della mafia in Italia. <\/p>\n\n\n\n<p>Gli incontri saranno&nbsp; introdotti da Demetrio Brandi, presidente del\npremio letterario Racconti nella Rete.<\/p>\n\n\n\n<p><strong>Sabato 28 settembre <\/strong><\/p>\n\n\n\n<p><strong>ore 10 Villa Bottini<\/strong><\/p>\n\n\n\n<p><strong>Lido Contemori<\/strong> &nbsp;presenta <strong>\u201cColpire in alto. Viaggio nel disegno\nsatirico dal &#8217;68 ad oggi\u201d<\/strong> (Edizioni Il Pennino). Contemori, tra i grandi\nprotagonisti della satira a partire&nbsp;\ndalla fine degli anni Sessanta, ci accompagna in un viaggio che parte\ndal 1968 per arrivare attraverso i giorni nostri con un&#8217;analisi puntuale e\nprecisa che solo chi ha vissuto attivamente il periodo pu\u00f2 raccontare.<\/p>\n\n\n\n<p>A seguire inaugurazione delle mostre <strong>\u201c Omaggio a Leonardo genio dell\u2019arte\u201d<\/strong> a cura di <strong>Stefano Giraldi.<\/strong> Vengono esposte opere realizzate da importanti artisti contemporanei.&nbsp; In contemporanea inaugurazione&nbsp; della mostra &nbsp;<strong>\u201cRacconti a Colori\u201d, &nbsp;<\/strong>venticinque artisti per venticinque racconti, con i disegni realizzati dagli studenti del liceo artistico Passaglia di Lucca.<\/p>\n\n\n\n<p><\/p>\n\n\n\n<p><strong>Mercoled\u00ec 2 ottobre&nbsp; ore 10 Aula\nMagna ISI Barga<\/strong><\/p>\n\n\n\n<p><strong>Giovanni Pascoli, &nbsp;il gigante \u201cfanciullino\u201d<\/strong><\/p>\n\n\n\n<p><strong><em>Ennio Cavalli, la poetica di un contemporaneo incontra il grande di Barga<\/em><\/strong><\/p>\n\n\n\n<p>Il poeta Ennio Cavalli presenta il libro <strong>\u201cSe ero pi\u00f9 alto facevo il poeta\u201d (La nave di Teseo).<\/strong> Intervengono <strong>Alessandro &nbsp;Adami <\/strong>, presidente della <strong>Fondazione Giovanni Pascoli<\/strong> &nbsp;e&nbsp; <strong>Demetrio Brandi<\/strong>, presidente di <strong>LuccAutori<\/strong>.&nbsp; Con la partecipazione degli studenti&nbsp; delle scuole secondarie di secondo grado.<\/p>\n\n\n\n<p><\/p>\n\n\n\n<p><strong>Gioved\u00ec&nbsp; 3 ottobre ore 18.30\nPalazzo Bernardini <\/strong><\/p>\n\n\n\n<p><strong>LuccAutori e Rotary Club Lucca in collaborazione con il premio\nletterario Casin\u00f2 di Sanremo \u201cAntonio Semeria\u201d<\/strong><\/p>\n\n\n\n<p><strong>BRUNO GAMBAROTTA &nbsp;&nbsp;e Claudio\nPorchia &nbsp;presentano &nbsp;\u201cSanremo Story. &nbsp;&nbsp;Gli anni in bianco e nero del Festival della\nCanzone Italiana&nbsp; al Casin\u00f2\u201d (Edizioni\nZem).<\/strong><\/p>\n\n\n\n<p>Una divertente e curiosa storia\ndei primi 25 anni del Festival della Canzone Italiana, ospitati dal casin\u00f2 di\nSanremo dal 1951 al 1976. Un\u2019interessante occasione per ricordare un evento &nbsp;che ha segnato non solo la storia della\ncanzone &nbsp;ma anche quella del costume del\nnostro Paese.<\/p>\n\n\n\n<p>Episodi e racconti inediti\nracchiusi in un volume di cento pagine, che si apre con una seducente e\ndivertente prefazione di Bruno Gambarotta, che racconta con ironia gli anni\nvissuti sul palco dietro la telecamera. <\/p>\n\n\n\n<p>L\u2019opera \u00e8 impreziosita dalle\ninterviste a Dario Fo sul ControFestival del 1969, che illumina l\u2019atmosfera di\nquegli anni, e al fotografo Alfredo Moreschi, che svela i segreti dietro le\nquinte. Non mancano le spruzzate di humor del cartoonist Tiziano Riverso,\nautore di 20 disegni. Un libro per tutti, vicini e lontani, giovani e meno, che\naiuta a capire la nascita di un rito, che si ripete ogni anno per una\nsettimana.<\/p>\n\n\n\n<p>Intervengono <strong>&nbsp;Domenico Fortunato<\/strong>,&nbsp; presidente del <strong>Rotary Club Lucca<\/strong> e <strong>Demetrio Brandi<\/strong>, presidente di <strong>LuccAutori <\/strong><\/p>\n\n\n\n<p><\/p>\n\n\n\n<p><strong>Venerdi&nbsp;&nbsp; 4 ottobre&nbsp;&nbsp; ore 10 sala conferenze Villa Bottini<\/strong><\/p>\n\n\n\n<p><strong>\u201cOccasioni Tobiniane\u201d in collaborazione con Fondazione Mario Tobino<\/strong><\/p>\n\n\n\n<p><strong>ERALDO AFFINATI&nbsp; presenta&nbsp; &nbsp;\u201cVia dalla\npazza classe\u201d (Mondadori)<\/strong><\/p>\n\n\n\n<p>Partendo dalla straordinaria\ntestimonianza delle scuole Penny Wirton per l\u2019insegnamento gratuito della\nlingua italiana agli immigrati, Eraldo Affinati racconta la storia di una nuova\nesperienza didattica dove ci si guarda negli occhi, sedendo allo stesso tavolo,\nsenza classi e senza voti, in una relazione d\u2019amicizia e simpatia. &nbsp;&nbsp;Interviene Isabella Tobino, presidente della\nFondazione Mario Tobino.&nbsp; Partecipano gli\nstudenti delle scuola secondaria di primo grado G. Carducci di Lucca<\/p>\n\n\n\n<p>Alle 11 <strong>\u201cPOESIAMO\u201d <\/strong>rassegna di poesia a cura dell&#8217;associazione <strong>NormalMente<\/strong>. &nbsp;In collaborazione con Fondazione Mario Tobino.&nbsp;&nbsp; Una rassegna, arrivata al terzo anno, che nasce per dare voce ad un mondo spesso dimenticato,&nbsp; a chi molto spesso non ce l&#8217;ha. La disabilit\u00e0&nbsp; non \u00e8 percepita come &#8220;diversit\u00e0&#8221; ma come un&#8217;opportunit\u00e0 di espressione. Un anno speciale il 2019, che vede raggiungere il traguardo dei 30 anni di attivit\u00e0 alla cooperativa sociale<strong> La Mano Amica<\/strong>; &nbsp;un anno ricco di eventi, mostre, spettacoli teatrali e convegni scientifici. &nbsp;<\/p>\n\n\n\n<p><\/p>\n\n\n\n<p><strong>Sabato&nbsp; 5 ottobre ore 10 sala\nconferenze Villa Bottini<\/strong><\/p>\n\n\n\n<p><strong>\u201cOccasioni Tobiniane\u201d in collaborazione con Fondazione Mario Tobino<\/strong><\/p>\n\n\n\n<p><strong>\u201cDalla letteratura al fumetto\u201d con&nbsp; la partecipazione del fumettista ed illustratore&nbsp; Bruno Cannucciari, autore della copertina dell\u2019antologia \u201cRacconti nella Rete 2019\u201d &nbsp;e dell&#8217;attrice Franca Minnucci. <\/strong><\/p>\n\n\n\n<p><strong>Bruno Cannucciari<\/strong>&nbsp; esordisce\nsu Comic Art riprendendo il personaggio di Yellow Kid. Realizza, sulla stessa\nrivista, Franco&amp;Bruno.&nbsp; Assunto nel\nnovembre 1986 da Italia Oggi come vignettista e illustratore, dirada per\nqualche tempo la produzione fumettistica. Alla fine del 1988 d\u00e0 vita, sulle\npagine di Lupo Alberto, al personaggio di Winny, dedicandosi poi al personaggio\ndi Lupo Alberto.&nbsp; Nel 2018 vince con\nKraken (Tunu\u00e9, 2017) il primo premio ex aequo come Miglior libro di scuola\nitaliana al Concorso Romics dei Libri a Fumetti.<\/p>\n\n\n\n<p><strong>Franca Minnucci,<\/strong> che a Lucca legger\u00e0 alcune pagine tratte dal libro \u201cPer le antiche scale\u201d di Mario Tobino, &nbsp;ha da sempre unito due aspetti nella sua attivit\u00e0 professionale: quello di docente e quello di attrice, lavorando in Rai ed in teatro con importanti attori e registi. Tra i suoi lavori pi\u00f9 importanti ricordiamo due volumi sulla <em>Figlia di Iorio<\/em> e le complesse vicende della sua messa in scena<em>. &nbsp;La figlia di Iorio: &#8220;Era mia, era mia e me l&#8217;hanno presa!&#8221;<\/em> e <em>Eleonora Duse: la fine dell&#8217;incantesimo<\/em>, e il carteggio inedito di Sarah Bernhardt con il poeta intorno alla <em>Citt\u00e0 morta<\/em> dal titolo <em>Sarah Bernhardt e Gabriele D&#8217;Annunzio: la poesia del teatro<\/em>, tutti per Ianieri &nbsp;Editore con la presentazione di &nbsp;Annamaria Andreoli.&#8221;<\/p>\n\n\n\n<p>Con Maria Elena Marchini. &nbsp;Partecipano gli studenti delle scuole\nsuperiori di Lucca.<\/p>\n\n\n\n<p><strong>Sabato 5 ottobre<\/strong><\/p>\n\n\n\n<p><strong>ore 16,30&nbsp; Sala Conferenze Villa\nBottini<\/strong><\/p>\n\n\n\n<p>LuccAutori presenta in anteprima\nnazionale il cortometraggio&nbsp; \u201c <strong>Non lo faccia<\/strong> \u201d di <strong>Katia Colica<\/strong>, vincitore della sezione Corti del premio Racconti\nnella Rete 2019.&nbsp;&nbsp;&nbsp; Prodotto da <strong>LuccAutori e Scuola di Cinema Immagina di\nFirenze.<\/strong> Regia di <strong>Giuseppe Ferlito<\/strong>.\n&nbsp;Saranno presenti l\u2019autore e gli attori\nprotagonisti.<\/p>\n\n\n\n<p><strong>Ore 17 Sala Conferenze Villa Bottini<\/strong><\/p>\n\n\n\n<p>Presentazione dell\u2019antologia del\npremio letterario Racconti nella Rete 2019 a cura di Demetrio Brandi\n(Castelvecchi).<\/p>\n\n\n\n<p>Maria Elena Marchini incontra gli scrittori&nbsp; <strong>Linda Barbarino, Martina Scaramuzzino, Girolamo Titone, Roberta Barbi, Marina Berta, Paola De Donato, Paola Maldonato, Grazia Marchese, Ida Raiola, Maria Elena Prinzi, Anna Rosa Perrone, Giovanni Pezzella, Vincenzo Rocco.<\/strong><\/p>\n\n\n\n<p>Letture a cura di Cinzia\nIacono,Ines Lonigro e Carmen Verde. &nbsp;Intervento\nmusicale di Giuseppe Sanalitro.<\/p>\n\n\n\n<p>Premio <strong>AIDR &nbsp;Italian Digital Revolution<\/strong>\na Martina Scaramuzzino, la pi\u00f9 giovane vincitrice di questa edizione. &nbsp;Interviene&nbsp;\n<strong>Mauro Nicastri,<\/strong> &nbsp;presidente di Aidr.<\/p>\n\n\n\n<p><strong>Cinzia Montagna<\/strong> ricever\u00e0 il <strong>premio\nBudu\u00e0r<\/strong> per il miglior racconto umoristico. Consegnano il premio <strong>Dino Aloi,&nbsp;\nAlessandro Prevosto e Marco De Angelis<\/strong>. La scultura in ardesia \u00e8\nopera dell\u2019artista <strong>Laura Lapis.<\/strong><\/p>\n\n\n\n<p><strong>Ore 18\u00a0 Sala conferenze Villa Bottini<\/strong><\/p>\n\n\n\n<p>Ospite di LuccAutori\u00a0 <strong>LUISANNA  MESSERI<\/strong> con il libro \u201cLA CUCINA DEL CASALE\u201d (Rai Libri). \u00a0 Cuoca e popolare volto televisivo, dal 2011 \u00e8 stata presenza fissa alla  \u201cProva del cuoco\u201d come maestra di cucina. \u00c8 autrice e interprete di vari  programmi, tra cui \u201cIl club delle cuoche\u201d, una food comedy di grande successo  trasmessa da Sky.\u00a0  \u00c8 stata autrice e conduttrice per Rai Radio 2 di \u201cChef ma non  troppo-Decanter\u201d, il primo corso di cucina radiofonico. \u00c8 comparsa in diversi  film di amici registi, tra cui La pazza gioia di Paolo Virz\u00ec. Dirige la collana  \u201cAudiocook\u201d della casa editrice Emons. Tra i suoi libri precedenti, 111 ricette  italiane che devi saper cucinare (Emons, 2015).  \u201cIn cucina, basta un po\u2019 di passione, buonsenso, dedizione\u201d: \u00e8 la pi\u00f9  importante ricetta di Luisanna Messeri, che ha dedicato la sua carriera di cuoca  a valorizzare ingredienti e sapori di una tradizione ricchissima, quella della  cucina di casa italiana. In questo libro, la frutta e la verdura ci guidano alla scoperta delle  ricette ideali per ogni momento dell\u2019anno: qual \u00e8 il momento ideale per mettere  in tavola un tortino di zucca o uno strudel di carciofi, un piatto di pici con  funghi e salsiccia o una mousse di cocomero? Quando \u00e8 meglio accompagnare con i  cavoletti di Bruxelles un arrosto di maiale, o abbinare al pollo un contorno di  colorati peperoni? Quando arrivano i finocchi e quando le ciliegie? Non mancano,  poi, i tre elementi pi\u00f9 simbolici della nostra cultura: il pane, il vino e  l\u2019olio. Perch\u00e9 la semplicit\u00e0 in cucina, ci ricorda Luisanna Messeri, non \u00e8 un  punto di partenza, ma un punto di arrivo, il risultato di una pratica quotidiana  che \u00e8 un gesto di cura per le persone care. Uno scrigno di sapere gastronomico dedicato alle future generazioni:  \u201cQuelle che aspirano ad un mondo migliore, quasi a chiudere magicamente un  cerchio con la tradizione, cosa viva\u201d. \u00a0 <\/p>\n\n\n\n<p><\/p>\n\n\n\n<p><strong>Domenica 6 ottobre<\/strong><\/p>\n\n\n\n<p><strong>ore 16,30&nbsp; Sala Conferenze Villa\nBottini<\/strong><\/p>\n\n\n\n<p>LuccAutori&nbsp; presenta&nbsp;\nil cortometraggio&nbsp; \u201c<strong>Non lo faccia<\/strong>\u201d di <strong>Katia Colica<\/strong>, vincitore della sezione corti del premio Racconti\nnella Rete 2019.&nbsp; Prodotto da <strong>LuccAutori <\/strong>e<strong> Scuola di Cinema Immagina di Firenze<\/strong>. Regia di <strong>Giuseppe Ferlito<\/strong>. Saranno presenti\nl\u2019autore e gli attori protagonisti.<\/p>\n\n\n\n<p><strong>&nbsp;Ore 17 Sala Conferenze Villa\nBottini<\/strong><\/p>\n\n\n\n<p>Presentazione dell\u2019antologia del premio letterario Racconti nella Rete 2019 a cura di Demetrio Brandi (Castelvecchi).&nbsp;&nbsp; Maria Elena Marchini incontra gli scrittori&nbsp;&nbsp;<strong> Paolo Bonacina<\/strong>, <strong>Silvia Bove, Nicola Buoso, Giuseppe Ciarallo, Michele Emidi, Monica Menzogni, Sandro Maffei, Cinzia Montagna, Maida Occhionero, Silvia Schiavo, Ezio Testa, Luca Zambelli.<\/strong><\/p>\n\n\n\n<p>Letture a cura di <strong>Mario Cenni, Fabio Dostuni e Antonella\nLucii<\/strong>. Intervento musicale di <strong>Giuseppe\nSanalitro<\/strong>.<\/p>\n\n\n\n<p><strong>&nbsp;Ore 18 Sala Conferenze Villa\nBottini<\/strong><\/p>\n\n\n\n<p><strong>LELLO ARENA presenta&nbsp; \u201cIo, Napoli\ne tu\u201d. Con Stefano Genovese (Edizioni Piemme) <\/strong><\/p>\n\n\n\n<p>Appunti, ricordi, passeggiate,\nincontri, leggende.&nbsp; La Napoli che non ti\naspetti raccontata dal pi\u00f9 amato comico partenopeo.&nbsp; Un caleidoscopio variopinto, esilarante,\ncurioso di aneddoti, personaggi e luoghi mai raccontati. Per scoprire tutto sui\nnapoletani e la napoletanit\u00e0.<\/p>\n\n\n\n<p>Conduce Maria Elena Marchini<\/p>\n\n\n\n<p>Direzione artistica Demetrio\nBrandi<\/p>\n\n\n\n<p>Tutti gli incontri sono ad ingresso libero<\/p>\n\n\n\n<h3 class=\"wp-block-heading\"><\/h3>\n\n\n\n<h2 class=\"wp-block-heading\"><strong>LE MOSTRE DI LUCCAUTORI<\/strong><\/h2>\n\n\n\n<p>Villa Bottini, dal 28 settembre\nal 6 ottobre<\/p>\n\n\n\n<p>Inaugurazione sabato 28 settembre\nore 10<\/p>\n\n\n\n<p>Le mostre saranno visitabili in\noccasione degli incontri letterari. &nbsp;Ingresso\nlibero.<\/p>\n\n\n\n<p><strong>&nbsp;\u201cRACCONTI A COLORI\u201d venticinque\nartisti per venticinque racconti<\/strong><\/p>\n\n\n\n<p>Le splendide sale della Villa\nBottini accolgono i venticinque disegni originali ispirati ai venticinque\nracconti vincitori del Premio letterario \u201cRacconti nella Rete\u201d 2019, realizzati\ndagli studenti del Liceo Artistico \u201cPassaglia\u201d di Lucca.&nbsp; Ogni studente utilizza la propria tecnica ed\nil proprio stile interpretando un racconto tra i 25 vincitori del Premio\nletterario Racconti nella Rete 2019. Le opere saranno esposte fino a domenica 6\nottobre. Sar\u00e0 realizzato un catalogo della mostra.<\/p>\n\n\n\n<p>La giuria, composta\ndall\u2019illustratore e umorista&nbsp; <strong>Lido Contemori<\/strong>,&nbsp; dal fotografo d\u2019arte <strong>Stefano Giraldi<\/strong> e dal prof. <strong>Roberto\nGiorgetti<\/strong>,&nbsp; premier\u00e0 i tre lavori\nmigliori e consegner\u00e0 degli attestati agli studenti\/artisti. In occasione\ndell\u2019inaugurazione delle mostre \u00e8 in programma un intervento musicale di un\nallievo del liceo artistico musicale Passaglia di Lucca. <\/p>\n\n\n\n<p>Con la preziosa collaborazione di\n<strong>Unicoopfirenze,&nbsp; Cartoleria Lory \u2013 Firenze &nbsp;e&nbsp; Caran\nD\u2019Ache<\/strong>. <\/p>\n\n\n\n<p><strong>&nbsp;Sabato 28 settembre ore 11,30<\/strong><\/p>\n\n\n\n<p><strong>OMAGGIO A LEONARDO GENIO DELL&#8217;ARTE <\/strong><\/p>\n\n\n\n<p>A cura di <strong>Stefano Giraldi<\/strong><\/p>\n\n\n\n<p>Pittore, scultore, inventore,\nscienziato, musicista, architetto. L&#8217;eclettico Leonardo Da Vinci \u00e8 considerato\nuno dei pi\u00f9 grandi geni dell&#8217;umanit\u00e0, l&#8217;autore del quadro pi\u00f9 famoso al mondo,\nil precursore di numerose invenzioni moderne. Ma rimane uno dei personaggi pi\u00f9\nenigmatici della storia. La vita e l&#8217;opera di Leonardo Da Vinci sono un rebus; &nbsp;questa mostra, &nbsp;di artisti contemporanei, &nbsp;\u00e8 un filo di Arianna nella esplorazione della\nlabirintica mente dell&#8217;artista, nell&#8217;estrosa personalit\u00e0 di Leonardo. <\/p>\n\n\n\n<p>Dalla pittura alla musica,\ndall&#8217;ingegneria all&#8217;anatomia, ogni opera \u00e8 come un mosaico dove ogni tassello\ncontiene un indizio che svela il quadro pi\u00f9 grande: chi era Leonardo da Vinci?\nAccattivante e divertente, questa mostra \u00e8 un percorso per capire l&#8217;uomo dalle\ninesauribili capacit\u00e0, un vero viaggio nel mondo di un genio. Un ponte tra due\nsponde dell&#8217;arte!<\/p>\n\n\n\n<p>Le opere sono di : &nbsp;<strong>Dino\nAloi, Gianni Audisio, Antonio Bueno, Massimo Cavezzali, Lido Contemori, Ramona\nCostantini Always, Milko Dalla Battista, Marco De Angelis, Riccardo Ghiribelli,\nAlessandro Palex Prevosto, Mauro Pispoli, Massimo Presciutti, Giuliano\nRossetti, Sergio Staino, Angela Volpi.&nbsp; <\/strong>Acrostici&nbsp; di<strong>&nbsp; Mariuccia Nespolo <\/strong>ed<strong> Ezio Poli.&nbsp; <\/strong>Quattro tele di\ngrandi dimensioni di<strong> Massimo Cantini, Andrea\nGranchi, Alessandro Reggioli <\/strong>e <strong>Angelo\nVadal\u00e0.&nbsp; <\/strong>Una scultura ad opera di<strong> Davide Manfroni.<\/strong><\/p>\n\n\n\n<p>La copertina dell\u2019antologia &nbsp;\u201c<strong>Racconti\nnella Rete 2019<\/strong>\u201d (Castelvecchi) &nbsp;vede\nla pubblicazione di un disegno del&nbsp;\nfumettista e illustratore <strong>Bruno\nCannucciari.<\/strong>&nbsp; La prefazione\ndell\u2019antologia&nbsp; \u00e8 stata scritta da <strong>Alice Cappagli.<\/strong><\/p>\n\n\n\n<p>Nel corso del festival una troupe\ndi Rai Parlamento realizzer\u00e0 uno speciale con le interviste ai protagonisti di\nLuccAutori.&nbsp; Le riprese video di\n\u201cLuccAutori 2019\u201d sono di Luca Martinelli.&nbsp;\nFoto di Mauro Giraffi e Rinaldo Serra.<\/p>\n\n\n\n<p>Demetrio Brandi \u2013 presidente\ndell\u2019associazione culturale LuccAutori&nbsp; e\nfondatore del Premio Racconti nella Rete\u00ae \u2013&nbsp;\nringrazia la giuria tecnica della XVIII edizione del Premio letterario\nRacconti nella Rete\u00ae composta da Ennio Cavalli, Chiara Lico, Adrian Bravi,\nMarco De Angelis,&nbsp; Laura Orsolini,\nAlexandra Tempesta, Anna De Castiglione, Silvia Bello Molteni, Luisa Chiumenti,\nMaria Elena Marchini, Carmen Verde, Mario Bernardi Guardi.&nbsp;&nbsp; I collaboratori Sabrina Brocchini, Rinaldo\nSerra, Mauro Giraffi, Riccardo Antongiovanni, Nicla Lari, Ilaria Ferrero.<\/p>\n\n\n\n<p>Un particolare ringraziamento a\nLuca Crocetti, webmaster del sito www.raccontinellarete.it.<\/p>\n\n\n\n<p>Per il programma dettagliato di\nLuccAutori e per altre informazioni sulla 19^ edizione del&nbsp; Premio Racconti nella Rete consultare il sito\nwww.raccontinellarete.it&nbsp; info@raccontinellarete.it&nbsp;&nbsp;&nbsp; tel. 0584651874.<\/p>\n<div class=\"pvc_clear\"><\/div><p id=\"pvc_stats_39647\" class=\"pvc_stats all  \" data-element-id=\"39647\" style=\"\"><i class=\"pvc-stats-icon medium\" aria-hidden=\"true\"><svg aria-hidden=\"true\" focusable=\"false\" data-prefix=\"far\" data-icon=\"chart-bar\" role=\"img\" xmlns=\"http:\/\/www.w3.org\/2000\/svg\" viewBox=\"0 0 512 512\" class=\"svg-inline--fa fa-chart-bar fa-w-16 fa-2x\"><path fill=\"currentColor\" d=\"M396.8 352h22.4c6.4 0 12.8-6.4 12.8-12.8V108.8c0-6.4-6.4-12.8-12.8-12.8h-22.4c-6.4 0-12.8 6.4-12.8 12.8v230.4c0 6.4 6.4 12.8 12.8 12.8zm-192 0h22.4c6.4 0 12.8-6.4 12.8-12.8V140.8c0-6.4-6.4-12.8-12.8-12.8h-22.4c-6.4 0-12.8 6.4-12.8 12.8v198.4c0 6.4 6.4 12.8 12.8 12.8zm96 0h22.4c6.4 0 12.8-6.4 12.8-12.8V204.8c0-6.4-6.4-12.8-12.8-12.8h-22.4c-6.4 0-12.8 6.4-12.8 12.8v134.4c0 6.4 6.4 12.8 12.8 12.8zM496 400H48V80c0-8.84-7.16-16-16-16H16C7.16 64 0 71.16 0 80v336c0 17.67 14.33 32 32 32h464c8.84 0 16-7.16 16-16v-16c0-8.84-7.16-16-16-16zm-387.2-48h22.4c6.4 0 12.8-6.4 12.8-12.8v-70.4c0-6.4-6.4-12.8-12.8-12.8h-22.4c-6.4 0-12.8 6.4-12.8 12.8v70.4c0 6.4 6.4 12.8 12.8 12.8z\" class=\"\"><\/path><\/svg><\/i> <img loading=\"lazy\" decoding=\"async\" width=\"16\" height=\"16\" alt=\"Loading\" src=\"https:\/\/www.raccontinellarete.it\/301\/wp-content\/plugins\/page-views-count\/ajax-loader-2x.gif\" border=0 \/><\/p><div class=\"pvc_clear\"><\/div>","protected":false},"excerpt":{"rendered":"<p>PROGRAMMA Venerd\u00ec 20 Settembre&nbsp; Ore 9 Auditorium Biblioteca civica Agor\u00e0 LUCCAUTORI RAGAZZI&nbsp;&nbsp; con Laura Orsolini e Annalisa Strada Auditorium &#8211; Dalle 9 alle 10.30 Laura Orsolini incontra tre classi quinte della scuola primaria Carducci e parla di &#8220;Cloud, storia di un capitano peloso&#8221; (La Memoria del Mondo). Segue il laboratorio creativo &#8220;Crea il tuo capitano [&hellip;]<\/p>\n<div class=\"pvc_clear\"><\/div>\n<p id=\"pvc_stats_39647\" class=\"pvc_stats all  \" data-element-id=\"39647\" style=\"\"><i class=\"pvc-stats-icon medium\" aria-hidden=\"true\"><svg aria-hidden=\"true\" focusable=\"false\" data-prefix=\"far\" data-icon=\"chart-bar\" role=\"img\" xmlns=\"http:\/\/www.w3.org\/2000\/svg\" viewBox=\"0 0 512 512\" class=\"svg-inline--fa fa-chart-bar fa-w-16 fa-2x\"><path fill=\"currentColor\" d=\"M396.8 352h22.4c6.4 0 12.8-6.4 12.8-12.8V108.8c0-6.4-6.4-12.8-12.8-12.8h-22.4c-6.4 0-12.8 6.4-12.8 12.8v230.4c0 6.4 6.4 12.8 12.8 12.8zm-192 0h22.4c6.4 0 12.8-6.4 12.8-12.8V140.8c0-6.4-6.4-12.8-12.8-12.8h-22.4c-6.4 0-12.8 6.4-12.8 12.8v198.4c0 6.4 6.4 12.8 12.8 12.8zm96 0h22.4c6.4 0 12.8-6.4 12.8-12.8V204.8c0-6.4-6.4-12.8-12.8-12.8h-22.4c-6.4 0-12.8 6.4-12.8 12.8v134.4c0 6.4 6.4 12.8 12.8 12.8zM496 400H48V80c0-8.84-7.16-16-16-16H16C7.16 64 0 71.16 0 80v336c0 17.67 14.33 32 32 32h464c8.84 0 16-7.16 16-16v-16c0-8.84-7.16-16-16-16zm-387.2-48h22.4c6.4 0 12.8-6.4 12.8-12.8v-70.4c0-6.4-6.4-12.8-12.8-12.8h-22.4c-6.4 0-12.8 6.4-12.8 12.8v70.4c0 6.4 6.4 12.8 12.8 12.8z\" class=\"\"><\/path><\/svg><\/i> <img loading=\"lazy\" decoding=\"async\" width=\"16\" height=\"16\" alt=\"Loading\" src=\"https:\/\/www.raccontinellarete.it\/301\/wp-content\/plugins\/page-views-count\/ajax-loader-2x.gif\" border=0 \/><\/p>\n<div class=\"pvc_clear\"><\/div>\n","protected":false},"author":3,"featured_media":0,"comment_status":"open","ping_status":"closed","sticky":false,"template":"","format":"standard","meta":{"footnotes":""},"categories":[87,543,5,4],"tags":[],"class_list":["post-39647","post","type-post","status-publish","format-standard","hentry","category-comunicato-stampa","category-forum-di-racconti-nella-rete","category-racconti-nella-rete","category-news"],"_links":{"self":[{"href":"https:\/\/www.raccontinellarete.it\/index.php?rest_route=\/wp\/v2\/posts\/39647"}],"collection":[{"href":"https:\/\/www.raccontinellarete.it\/index.php?rest_route=\/wp\/v2\/posts"}],"about":[{"href":"https:\/\/www.raccontinellarete.it\/index.php?rest_route=\/wp\/v2\/types\/post"}],"author":[{"embeddable":true,"href":"https:\/\/www.raccontinellarete.it\/index.php?rest_route=\/wp\/v2\/users\/3"}],"replies":[{"embeddable":true,"href":"https:\/\/www.raccontinellarete.it\/index.php?rest_route=%2Fwp%2Fv2%2Fcomments&post=39647"}],"version-history":[{"count":19,"href":"https:\/\/www.raccontinellarete.it\/index.php?rest_route=\/wp\/v2\/posts\/39647\/revisions"}],"predecessor-version":[{"id":39737,"href":"https:\/\/www.raccontinellarete.it\/index.php?rest_route=\/wp\/v2\/posts\/39647\/revisions\/39737"}],"wp:attachment":[{"href":"https:\/\/www.raccontinellarete.it\/index.php?rest_route=%2Fwp%2Fv2%2Fmedia&parent=39647"}],"wp:term":[{"taxonomy":"category","embeddable":true,"href":"https:\/\/www.raccontinellarete.it\/index.php?rest_route=%2Fwp%2Fv2%2Fcategories&post=39647"},{"taxonomy":"post_tag","embeddable":true,"href":"https:\/\/www.raccontinellarete.it\/index.php?rest_route=%2Fwp%2Fv2%2Ftags&post=39647"}],"curies":[{"name":"wp","href":"https:\/\/api.w.org\/{rel}","templated":true}]}}