{"id":39626,"date":"2019-08-10T17:08:56","date_gmt":"2019-08-10T16:08:56","guid":{"rendered":"http:\/\/www.raccontinellarete.it\/?p=39626"},"modified":"2019-08-27T10:41:28","modified_gmt":"2019-08-27T09:41:28","slug":"le-nuove-antologie-di-racconti-nella-rete","status":"publish","type":"post","link":"https:\/\/www.raccontinellarete.it\/?p=39626","title":{"rendered":"Le nuove antologie di Racconti nella Rete"},"content":{"rendered":"\n<figure class=\"wp-block-image\"><img loading=\"lazy\" decoding=\"async\" width=\"732\" height=\"1024\" src=\"https:\/\/www.raccontinellarete.it\/301\/wp-content\/uploads\/2019\/08\/racconti-nella-rete2019-DEFINITIVA-732x1024.jpg\" alt=\"\" class=\"wp-image-39628\" srcset=\"https:\/\/www.raccontinellarete.it\/301\/wp-content\/uploads\/2019\/08\/racconti-nella-rete2019-DEFINITIVA-732x1024.jpg 732w, https:\/\/www.raccontinellarete.it\/301\/wp-content\/uploads\/2019\/08\/racconti-nella-rete2019-DEFINITIVA-179x250.jpg 179w, https:\/\/www.raccontinellarete.it\/301\/wp-content\/uploads\/2019\/08\/racconti-nella-rete2019-DEFINITIVA-768x1075.jpg 768w, https:\/\/www.raccontinellarete.it\/301\/wp-content\/uploads\/2019\/08\/racconti-nella-rete2019-DEFINITIVA.jpg 886w\" sizes=\"(max-width: 732px) 100vw, 732px\" \/><\/figure>\n\n\n\n<p>Cari amici,  questa estate rovente ci ha portato in dono le nuove antologie di Racconti nella Rete.  Gli scatoloni sono ancora imballati ma qualcuna \u00e8 gi\u00e0 uscita allo scoperto&#8230;&#8230;.<\/p>\n\n\n\n<p>Posso dirvi che la copertina di Bruno Cannucciari \u00e8 davvero bella ed impreziosisce la 18^ antologia del premio Racconti nella Rete.  All&#8217;interno, dopo l&#8217;introduzione di Alice Cappagli e la prefazione, troviamo i 25 racconti selezionati. <\/p>\n\n\n\n<p>Chi la acquister\u00e0 prover\u00e0 una grande emozione nel leggere le storie proposte. Tra gli autori che hanno vinto questa edizione del premio ce ne sono diversi che, ne siamo sicuri, proseguiranno a scrivere con grande entusiasmo e  meritato successo.  Cos\u00ec come hanno fatto molti ex vincitori che ora sono scrittori affermati. <\/p>\n\n\n\n<p>Non resta quindi che darvi appuntamento al 25\u00b0 festival LuccAutori per la presentazione in anteprima assoluta dell&#8217;antologia,  e dei vincitori,   nei giorni di sabato 5 e domenica 6 ottobre &#8211; dalle 16.30 a Villa Bottini.<\/p>\n\n\n\n<p>Il programma del festival \u00e8 particolarmente ricco. Si parte il 20 settembre con LuccAutori Ragazzi alla Biblioteca Agor\u00e0 (con Laura Orsolini e Annalisa Strada) e si prosegue con incontri e mostre di grande interesse.<\/p>\n\n\n\n<p>A breve, su questo sito,  troverete il programma dettagliato.<\/p>\n\n\n\n<p><\/p>\n\n\n\n<p> <\/p>\n\n\n\n<figure class=\"wp-block-image\"><img loading=\"lazy\" decoding=\"async\" width=\"960\" height=\"540\" src=\"https:\/\/www.raccontinellarete.it\/301\/wp-content\/uploads\/2019\/08\/68422075_10219979737423737_5936071168770441216_n.jpg\" alt=\"\" class=\"wp-image-39627\" srcset=\"https:\/\/www.raccontinellarete.it\/301\/wp-content\/uploads\/2019\/08\/68422075_10219979737423737_5936071168770441216_n.jpg 960w, https:\/\/www.raccontinellarete.it\/301\/wp-content\/uploads\/2019\/08\/68422075_10219979737423737_5936071168770441216_n-344x194.jpg 344w, https:\/\/www.raccontinellarete.it\/301\/wp-content\/uploads\/2019\/08\/68422075_10219979737423737_5936071168770441216_n-768x432.jpg 768w\" sizes=\"(max-width: 960px) 100vw, 960px\" \/><\/figure>\n<div class=\"pvc_clear\"><\/div><p id=\"pvc_stats_39626\" class=\"pvc_stats all  \" data-element-id=\"39626\" style=\"\"><i class=\"pvc-stats-icon medium\" aria-hidden=\"true\"><svg aria-hidden=\"true\" focusable=\"false\" data-prefix=\"far\" data-icon=\"chart-bar\" role=\"img\" xmlns=\"http:\/\/www.w3.org\/2000\/svg\" viewBox=\"0 0 512 512\" class=\"svg-inline--fa fa-chart-bar fa-w-16 fa-2x\"><path fill=\"currentColor\" d=\"M396.8 352h22.4c6.4 0 12.8-6.4 12.8-12.8V108.8c0-6.4-6.4-12.8-12.8-12.8h-22.4c-6.4 0-12.8 6.4-12.8 12.8v230.4c0 6.4 6.4 12.8 12.8 12.8zm-192 0h22.4c6.4 0 12.8-6.4 12.8-12.8V140.8c0-6.4-6.4-12.8-12.8-12.8h-22.4c-6.4 0-12.8 6.4-12.8 12.8v198.4c0 6.4 6.4 12.8 12.8 12.8zm96 0h22.4c6.4 0 12.8-6.4 12.8-12.8V204.8c0-6.4-6.4-12.8-12.8-12.8h-22.4c-6.4 0-12.8 6.4-12.8 12.8v134.4c0 6.4 6.4 12.8 12.8 12.8zM496 400H48V80c0-8.84-7.16-16-16-16H16C7.16 64 0 71.16 0 80v336c0 17.67 14.33 32 32 32h464c8.84 0 16-7.16 16-16v-16c0-8.84-7.16-16-16-16zm-387.2-48h22.4c6.4 0 12.8-6.4 12.8-12.8v-70.4c0-6.4-6.4-12.8-12.8-12.8h-22.4c-6.4 0-12.8 6.4-12.8 12.8v70.4c0 6.4 6.4 12.8 12.8 12.8z\" class=\"\"><\/path><\/svg><\/i> <img loading=\"lazy\" decoding=\"async\" width=\"16\" height=\"16\" alt=\"Loading\" src=\"https:\/\/www.raccontinellarete.it\/301\/wp-content\/plugins\/page-views-count\/ajax-loader-2x.gif\" border=0 \/><\/p><div class=\"pvc_clear\"><\/div>","protected":false},"excerpt":{"rendered":"<p>Cari amici, questa estate rovente ci ha portato in dono le nuove antologie di Racconti nella Rete. Gli scatoloni sono ancora imballati ma qualcuna \u00e8 gi\u00e0 uscita allo scoperto&#8230;&#8230;. Posso dirvi che la copertina di Bruno Cannucciari \u00e8 davvero bella ed impreziosisce la 18^ antologia del premio Racconti nella Rete. All&#8217;interno, dopo l&#8217;introduzione di Alice [&hellip;]<\/p>\n<div class=\"pvc_clear\"><\/div>\n<p id=\"pvc_stats_39626\" class=\"pvc_stats all  \" data-element-id=\"39626\" style=\"\"><i class=\"pvc-stats-icon medium\" aria-hidden=\"true\"><svg aria-hidden=\"true\" focusable=\"false\" data-prefix=\"far\" data-icon=\"chart-bar\" role=\"img\" xmlns=\"http:\/\/www.w3.org\/2000\/svg\" viewBox=\"0 0 512 512\" class=\"svg-inline--fa fa-chart-bar fa-w-16 fa-2x\"><path fill=\"currentColor\" d=\"M396.8 352h22.4c6.4 0 12.8-6.4 12.8-12.8V108.8c0-6.4-6.4-12.8-12.8-12.8h-22.4c-6.4 0-12.8 6.4-12.8 12.8v230.4c0 6.4 6.4 12.8 12.8 12.8zm-192 0h22.4c6.4 0 12.8-6.4 12.8-12.8V140.8c0-6.4-6.4-12.8-12.8-12.8h-22.4c-6.4 0-12.8 6.4-12.8 12.8v198.4c0 6.4 6.4 12.8 12.8 12.8zm96 0h22.4c6.4 0 12.8-6.4 12.8-12.8V204.8c0-6.4-6.4-12.8-12.8-12.8h-22.4c-6.4 0-12.8 6.4-12.8 12.8v134.4c0 6.4 6.4 12.8 12.8 12.8zM496 400H48V80c0-8.84-7.16-16-16-16H16C7.16 64 0 71.16 0 80v336c0 17.67 14.33 32 32 32h464c8.84 0 16-7.16 16-16v-16c0-8.84-7.16-16-16-16zm-387.2-48h22.4c6.4 0 12.8-6.4 12.8-12.8v-70.4c0-6.4-6.4-12.8-12.8-12.8h-22.4c-6.4 0-12.8 6.4-12.8 12.8v70.4c0 6.4 6.4 12.8 12.8 12.8z\" class=\"\"><\/path><\/svg><\/i> <img loading=\"lazy\" decoding=\"async\" width=\"16\" height=\"16\" alt=\"Loading\" src=\"https:\/\/www.raccontinellarete.it\/301\/wp-content\/plugins\/page-views-count\/ajax-loader-2x.gif\" border=0 \/><\/p>\n<div class=\"pvc_clear\"><\/div>\n","protected":false},"author":3,"featured_media":0,"comment_status":"open","ping_status":"closed","sticky":false,"template":"","format":"standard","meta":{"footnotes":""},"categories":[87,543,5],"tags":[],"class_list":["post-39626","post","type-post","status-publish","format-standard","hentry","category-comunicato-stampa","category-forum-di-racconti-nella-rete","category-racconti-nella-rete"],"_links":{"self":[{"href":"https:\/\/www.raccontinellarete.it\/index.php?rest_route=\/wp\/v2\/posts\/39626"}],"collection":[{"href":"https:\/\/www.raccontinellarete.it\/index.php?rest_route=\/wp\/v2\/posts"}],"about":[{"href":"https:\/\/www.raccontinellarete.it\/index.php?rest_route=\/wp\/v2\/types\/post"}],"author":[{"embeddable":true,"href":"https:\/\/www.raccontinellarete.it\/index.php?rest_route=\/wp\/v2\/users\/3"}],"replies":[{"embeddable":true,"href":"https:\/\/www.raccontinellarete.it\/index.php?rest_route=%2Fwp%2Fv2%2Fcomments&post=39626"}],"version-history":[{"count":3,"href":"https:\/\/www.raccontinellarete.it\/index.php?rest_route=\/wp\/v2\/posts\/39626\/revisions"}],"predecessor-version":[{"id":39631,"href":"https:\/\/www.raccontinellarete.it\/index.php?rest_route=\/wp\/v2\/posts\/39626\/revisions\/39631"}],"wp:attachment":[{"href":"https:\/\/www.raccontinellarete.it\/index.php?rest_route=%2Fwp%2Fv2%2Fmedia&parent=39626"}],"wp:term":[{"taxonomy":"category","embeddable":true,"href":"https:\/\/www.raccontinellarete.it\/index.php?rest_route=%2Fwp%2Fv2%2Fcategories&post=39626"},{"taxonomy":"post_tag","embeddable":true,"href":"https:\/\/www.raccontinellarete.it\/index.php?rest_route=%2Fwp%2Fv2%2Ftags&post=39626"}],"curies":[{"name":"wp","href":"https:\/\/api.w.org\/{rel}","templated":true}]}}