{"id":39620,"date":"2019-08-14T18:07:48","date_gmt":"2019-08-14T17:07:48","guid":{"rendered":"http:\/\/www.raccontinellarete.it\/?p=39620"},"modified":"2019-08-14T18:07:49","modified_gmt":"2019-08-14T17:07:49","slug":"buon-diciottesimo","status":"publish","type":"post","link":"https:\/\/www.raccontinellarete.it\/?p=39620","title":{"rendered":"BUON DICIOTTESIMO!"},"content":{"rendered":"\n<p class=\"has-drop-cap\">Se penso ai miei diciotto anni li ricordo con tenerezza, pensavo pi\u00f9 ai nuovi traguardi (l&#8217;indipendenza, la patente&#8230;) che alle nuove responsabilit\u00e0. Posso solo immaginare la gioia di Demetrio e dei vari padrini e madrine nel vedere Racconti nella rete raggiungere la maggiore et\u00e0, in particolare tenendo conto che si tratta di un figlio non facile da crescere e da non dare per scontato! Continuando metaforicamente, ci ho fatto amicizia circa tre anni fa ed \u00e8 stata subito simpatia a pelle: uno di quegli amici con cui si parla bene e che ci capisce, condividendo le stesse passioni. Ringrazio per l&#8217;amicizia accordata fin da subito e faccio i complimenti al pap\u00e0, perch\u00e9 questo ragazzo \u00e8 cresciuto ben educato, un giovane che sa porsi in modo adeguato con il prossimo, che intesse relazioni e arricchisce coloro con cui viene a contatto. Questa \u00e8 la sensazione che da subito mi ha lasciato. Ritengo un onore poter festeggiare il compleanno da vincitrice e lo faccio con una riflessione, perch\u00e9 in rete, proprio in questi giorni, ho trovato una discussione sull&#8217;utilit\u00e0 o meno dei premi letterari: come sapete (e come molti di voi), <em>non potendone fare a meno<\/em>, scrivo per passione, perch\u00e9 mi fa stare bene e ci\u00f2 prescinde da eventuali vittorie e\/o pubblicazioni. Non so se un giorno pubblicher\u00f2 mai con una grossa casa editrice, sicuramente sarebbe una bella soddisfazione, ma non \u00e8 il mio obiettivo principale. Chi scrive principalmente lo fa per essere letto e Racconti nella rete fa s\u00ec che ci\u00f2 accada, e si tratta di un pubblico &#8220;ad armi pari&#8221;, per cui ogni commento che in questi anni ho ricevuto l&#8217;ho ritenuto prezioso, gi\u00e0 premio di per s\u00e9. Ritengo inoltre che partecipare ai concorsi ci permetta sempre e comunque di mettersi in gioco, sperimentarsi e confrontarsi, s\u00ec con una giuria, ma anche con noi stessi (noi, il foglio e la penna, noi, i tasti e il pc). Ho vissuto, vivo e continuer\u00f2 a vivere tutto questo come una splendida opportunit\u00e0, bellissima la metafora ripresa dalla Cappagli della gocciolina che va in salita, sorrido mentre la cito \ud83d\ude42 .  <\/p>\n\n\n\n<p><strong>Cento di questi giorni Racconti nella rete! Ti auguro migliaia di concorrenti e auguro a loro te!<\/strong><\/p>\n<div class=\"pvc_clear\"><\/div><p id=\"pvc_stats_39620\" class=\"pvc_stats all  \" data-element-id=\"39620\" style=\"\"><i class=\"pvc-stats-icon medium\" aria-hidden=\"true\"><svg aria-hidden=\"true\" focusable=\"false\" data-prefix=\"far\" data-icon=\"chart-bar\" role=\"img\" xmlns=\"http:\/\/www.w3.org\/2000\/svg\" viewBox=\"0 0 512 512\" class=\"svg-inline--fa fa-chart-bar fa-w-16 fa-2x\"><path fill=\"currentColor\" d=\"M396.8 352h22.4c6.4 0 12.8-6.4 12.8-12.8V108.8c0-6.4-6.4-12.8-12.8-12.8h-22.4c-6.4 0-12.8 6.4-12.8 12.8v230.4c0 6.4 6.4 12.8 12.8 12.8zm-192 0h22.4c6.4 0 12.8-6.4 12.8-12.8V140.8c0-6.4-6.4-12.8-12.8-12.8h-22.4c-6.4 0-12.8 6.4-12.8 12.8v198.4c0 6.4 6.4 12.8 12.8 12.8zm96 0h22.4c6.4 0 12.8-6.4 12.8-12.8V204.8c0-6.4-6.4-12.8-12.8-12.8h-22.4c-6.4 0-12.8 6.4-12.8 12.8v134.4c0 6.4 6.4 12.8 12.8 12.8zM496 400H48V80c0-8.84-7.16-16-16-16H16C7.16 64 0 71.16 0 80v336c0 17.67 14.33 32 32 32h464c8.84 0 16-7.16 16-16v-16c0-8.84-7.16-16-16-16zm-387.2-48h22.4c6.4 0 12.8-6.4 12.8-12.8v-70.4c0-6.4-6.4-12.8-12.8-12.8h-22.4c-6.4 0-12.8 6.4-12.8 12.8v70.4c0 6.4 6.4 12.8 12.8 12.8z\" class=\"\"><\/path><\/svg><\/i> <img loading=\"lazy\" decoding=\"async\" width=\"16\" height=\"16\" alt=\"Loading\" src=\"https:\/\/www.raccontinellarete.it\/301\/wp-content\/plugins\/page-views-count\/ajax-loader-2x.gif\" border=0 \/><\/p><div class=\"pvc_clear\"><\/div>","protected":false},"excerpt":{"rendered":"<p>Se penso ai miei diciotto anni li ricordo con tenerezza, pensavo pi\u00f9 ai nuovi traguardi (l&#8217;indipendenza, la patente&#8230;) che alle nuove responsabilit\u00e0. Posso solo immaginare la gioia di Demetrio e dei vari padrini e madrine nel vedere Racconti nella rete raggiungere la maggiore et\u00e0, in particolare tenendo conto che si tratta di un figlio non [&hellip;]<\/p>\n<div class=\"pvc_clear\"><\/div>\n<p id=\"pvc_stats_39620\" class=\"pvc_stats all  \" data-element-id=\"39620\" style=\"\"><i class=\"pvc-stats-icon medium\" aria-hidden=\"true\"><svg aria-hidden=\"true\" focusable=\"false\" data-prefix=\"far\" data-icon=\"chart-bar\" role=\"img\" xmlns=\"http:\/\/www.w3.org\/2000\/svg\" viewBox=\"0 0 512 512\" class=\"svg-inline--fa fa-chart-bar fa-w-16 fa-2x\"><path fill=\"currentColor\" d=\"M396.8 352h22.4c6.4 0 12.8-6.4 12.8-12.8V108.8c0-6.4-6.4-12.8-12.8-12.8h-22.4c-6.4 0-12.8 6.4-12.8 12.8v230.4c0 6.4 6.4 12.8 12.8 12.8zm-192 0h22.4c6.4 0 12.8-6.4 12.8-12.8V140.8c0-6.4-6.4-12.8-12.8-12.8h-22.4c-6.4 0-12.8 6.4-12.8 12.8v198.4c0 6.4 6.4 12.8 12.8 12.8zm96 0h22.4c6.4 0 12.8-6.4 12.8-12.8V204.8c0-6.4-6.4-12.8-12.8-12.8h-22.4c-6.4 0-12.8 6.4-12.8 12.8v134.4c0 6.4 6.4 12.8 12.8 12.8zM496 400H48V80c0-8.84-7.16-16-16-16H16C7.16 64 0 71.16 0 80v336c0 17.67 14.33 32 32 32h464c8.84 0 16-7.16 16-16v-16c0-8.84-7.16-16-16-16zm-387.2-48h22.4c6.4 0 12.8-6.4 12.8-12.8v-70.4c0-6.4-6.4-12.8-12.8-12.8h-22.4c-6.4 0-12.8 6.4-12.8 12.8v70.4c0 6.4 6.4 12.8 12.8 12.8z\" class=\"\"><\/path><\/svg><\/i> <img loading=\"lazy\" decoding=\"async\" width=\"16\" height=\"16\" alt=\"Loading\" src=\"https:\/\/www.raccontinellarete.it\/301\/wp-content\/plugins\/page-views-count\/ajax-loader-2x.gif\" border=0 \/><\/p>\n<div class=\"pvc_clear\"><\/div>\n","protected":false},"author":12908,"featured_media":0,"comment_status":"open","ping_status":"closed","sticky":false,"template":"","format":"standard","meta":{"footnotes":""},"categories":[543],"tags":[],"class_list":["post-39620","post","type-post","status-publish","format-standard","hentry","category-forum-di-racconti-nella-rete"],"_links":{"self":[{"href":"https:\/\/www.raccontinellarete.it\/index.php?rest_route=\/wp\/v2\/posts\/39620"}],"collection":[{"href":"https:\/\/www.raccontinellarete.it\/index.php?rest_route=\/wp\/v2\/posts"}],"about":[{"href":"https:\/\/www.raccontinellarete.it\/index.php?rest_route=\/wp\/v2\/types\/post"}],"author":[{"embeddable":true,"href":"https:\/\/www.raccontinellarete.it\/index.php?rest_route=\/wp\/v2\/users\/12908"}],"replies":[{"embeddable":true,"href":"https:\/\/www.raccontinellarete.it\/index.php?rest_route=%2Fwp%2Fv2%2Fcomments&post=39620"}],"version-history":[{"count":4,"href":"https:\/\/www.raccontinellarete.it\/index.php?rest_route=\/wp\/v2\/posts\/39620\/revisions"}],"predecessor-version":[{"id":39624,"href":"https:\/\/www.raccontinellarete.it\/index.php?rest_route=\/wp\/v2\/posts\/39620\/revisions\/39624"}],"wp:attachment":[{"href":"https:\/\/www.raccontinellarete.it\/index.php?rest_route=%2Fwp%2Fv2%2Fmedia&parent=39620"}],"wp:term":[{"taxonomy":"category","embeddable":true,"href":"https:\/\/www.raccontinellarete.it\/index.php?rest_route=%2Fwp%2Fv2%2Fcategories&post=39620"},{"taxonomy":"post_tag","embeddable":true,"href":"https:\/\/www.raccontinellarete.it\/index.php?rest_route=%2Fwp%2Fv2%2Ftags&post=39620"}],"curies":[{"name":"wp","href":"https:\/\/api.w.org\/{rel}","templated":true}]}}