{"id":39547,"date":"2019-06-24T15:26:22","date_gmt":"2019-06-24T14:26:22","guid":{"rendered":"http:\/\/www.raccontinellarete.it\/?p=39547"},"modified":"2019-06-24T15:28:12","modified_gmt":"2019-06-24T14:28:12","slug":"lanno-che-verra","status":"publish","type":"post","link":"https:\/\/www.raccontinellarete.it\/?p=39547","title":{"rendered":"L&#8217;anno che verr\u00e0"},"content":{"rendered":"\n<p>Auguri e congratulazioni a tutti i vincitori del Premio letterario Racconti nella Rete 2019, da chi ne \u00e8 appena diventata una veterana, essendo stata una dei 25 del 2018 con il mio &#8220;<strong>VERME<\/strong>&#8220;! <\/p>\n\n\n\n<p>Ricevere la telefonata di Demetrio fa cadere, qualsiasi cosa si stia facendo, in uno stato ondulante tra incredulit\u00e0 e gioia pazzesca, ma vi assicuro che questo \u00e8 solo l&#8217;inizio delle emozioni&#8230; Il mio cellulare \u00e8 squillato nel primo pomeriggio del 25 giugno 2018, mentre stavo lavorando. <\/p>\n\n\n\n<p>Dopo aver ricevuto la notizia, non \u00e8 stato semplice tornare a finire ci\u00f2 che dovevo fare, perch\u00e9 mi sembrava di aver vinto la lotteria con un montepremi di valore raro. Cos\u00ec \u00e8 stato, e non \u00e8 &#8220;solo&#8221; per il fatto di essere tra i 25 del 2018. <\/p>\n\n\n\n<p>Racconti nella Rete mi ha fatto incontrare nuovi amici. Prima nel mondo virtuale dei commenti reciproci, poi nel mondo reale della premiazione a Lucca, nelle tappe del tour che dura un anno (ora tocca a voi) e ancora nei contatti di gruppo e personali che non si pu\u00f2 fare a meno di conservare e nutrire! E poi, ve lo voglio dire anch&#8217;io, il &#8220;Premio&#8221; porta fortuna! <\/p>\n\n\n\n<p>Nel mio anno di Racconti nella Rete, ho vinto (proprio vinto vinto) altri tre premi letterari e ho pubblicato il mio romanzo &#8220;<strong>Il piano cartesiano dell&#8217;amore<\/strong>&#8221; (ed. Il seme bianco). <\/p>\n\n\n\n<p>Vi auguro, perci\u00f2, tanta fortuna, di godere dell&#8217;anno che verr\u00e0, delle occasioni di incontro che Demetrio, a cui rivolgo il mio grazie, organizza da Nord a Sud, da Est a Ovest. Avremo modo sicuramente di farlo di persona, ma intanto vi abbraccio tutti. Benvenuti nella grande Famiglia di Racconti nella Rete! <\/p>\n\n\n\n<p>PS: a tutti gli altri, auguro in bocca al lupo per la prossima edizione. Non demordete, ragazzi! Io ho partecipato per tre anni di seguito, convinta che la mia vittoria fosse gi\u00e0 riuscire a suscitare emozioni in chi, non conoscendomi, dopo aver letto i miei racconti, lasciava il suo commento.<\/p>\n\n\n\n<p><\/p>\n<div class=\"pvc_clear\"><\/div><p id=\"pvc_stats_39547\" class=\"pvc_stats all  \" data-element-id=\"39547\" style=\"\"><i class=\"pvc-stats-icon medium\" aria-hidden=\"true\"><svg aria-hidden=\"true\" focusable=\"false\" data-prefix=\"far\" data-icon=\"chart-bar\" role=\"img\" xmlns=\"http:\/\/www.w3.org\/2000\/svg\" viewBox=\"0 0 512 512\" class=\"svg-inline--fa fa-chart-bar fa-w-16 fa-2x\"><path fill=\"currentColor\" d=\"M396.8 352h22.4c6.4 0 12.8-6.4 12.8-12.8V108.8c0-6.4-6.4-12.8-12.8-12.8h-22.4c-6.4 0-12.8 6.4-12.8 12.8v230.4c0 6.4 6.4 12.8 12.8 12.8zm-192 0h22.4c6.4 0 12.8-6.4 12.8-12.8V140.8c0-6.4-6.4-12.8-12.8-12.8h-22.4c-6.4 0-12.8 6.4-12.8 12.8v198.4c0 6.4 6.4 12.8 12.8 12.8zm96 0h22.4c6.4 0 12.8-6.4 12.8-12.8V204.8c0-6.4-6.4-12.8-12.8-12.8h-22.4c-6.4 0-12.8 6.4-12.8 12.8v134.4c0 6.4 6.4 12.8 12.8 12.8zM496 400H48V80c0-8.84-7.16-16-16-16H16C7.16 64 0 71.16 0 80v336c0 17.67 14.33 32 32 32h464c8.84 0 16-7.16 16-16v-16c0-8.84-7.16-16-16-16zm-387.2-48h22.4c6.4 0 12.8-6.4 12.8-12.8v-70.4c0-6.4-6.4-12.8-12.8-12.8h-22.4c-6.4 0-12.8 6.4-12.8 12.8v70.4c0 6.4 6.4 12.8 12.8 12.8z\" class=\"\"><\/path><\/svg><\/i> <img loading=\"lazy\" decoding=\"async\" width=\"16\" height=\"16\" alt=\"Loading\" src=\"https:\/\/www.raccontinellarete.it\/301\/wp-content\/plugins\/page-views-count\/ajax-loader-2x.gif\" border=0 \/><\/p><div class=\"pvc_clear\"><\/div>","protected":false},"excerpt":{"rendered":"<p>Auguri e congratulazioni a tutti i vincitori del Premio letterario Racconti nella Rete 2019, da chi ne \u00e8 appena diventata una veterana, essendo stata una dei 25 del 2018 con il mio &#8220;VERME&#8220;! Ricevere la telefonata di Demetrio fa cadere, qualsiasi cosa si stia facendo, in uno stato ondulante tra incredulit\u00e0 e gioia pazzesca, ma [&hellip;]<\/p>\n<div class=\"pvc_clear\"><\/div>\n<p id=\"pvc_stats_39547\" class=\"pvc_stats all  \" data-element-id=\"39547\" style=\"\"><i class=\"pvc-stats-icon medium\" aria-hidden=\"true\"><svg aria-hidden=\"true\" focusable=\"false\" data-prefix=\"far\" data-icon=\"chart-bar\" role=\"img\" xmlns=\"http:\/\/www.w3.org\/2000\/svg\" viewBox=\"0 0 512 512\" class=\"svg-inline--fa fa-chart-bar fa-w-16 fa-2x\"><path fill=\"currentColor\" d=\"M396.8 352h22.4c6.4 0 12.8-6.4 12.8-12.8V108.8c0-6.4-6.4-12.8-12.8-12.8h-22.4c-6.4 0-12.8 6.4-12.8 12.8v230.4c0 6.4 6.4 12.8 12.8 12.8zm-192 0h22.4c6.4 0 12.8-6.4 12.8-12.8V140.8c0-6.4-6.4-12.8-12.8-12.8h-22.4c-6.4 0-12.8 6.4-12.8 12.8v198.4c0 6.4 6.4 12.8 12.8 12.8zm96 0h22.4c6.4 0 12.8-6.4 12.8-12.8V204.8c0-6.4-6.4-12.8-12.8-12.8h-22.4c-6.4 0-12.8 6.4-12.8 12.8v134.4c0 6.4 6.4 12.8 12.8 12.8zM496 400H48V80c0-8.84-7.16-16-16-16H16C7.16 64 0 71.16 0 80v336c0 17.67 14.33 32 32 32h464c8.84 0 16-7.16 16-16v-16c0-8.84-7.16-16-16-16zm-387.2-48h22.4c6.4 0 12.8-6.4 12.8-12.8v-70.4c0-6.4-6.4-12.8-12.8-12.8h-22.4c-6.4 0-12.8 6.4-12.8 12.8v70.4c0 6.4 6.4 12.8 12.8 12.8z\" class=\"\"><\/path><\/svg><\/i> <img loading=\"lazy\" decoding=\"async\" width=\"16\" height=\"16\" alt=\"Loading\" src=\"https:\/\/www.raccontinellarete.it\/301\/wp-content\/plugins\/page-views-count\/ajax-loader-2x.gif\" border=0 \/><\/p>\n<div class=\"pvc_clear\"><\/div>\n","protected":false},"author":8137,"featured_media":0,"comment_status":"open","ping_status":"closed","sticky":false,"template":"","format":"standard","meta":{"footnotes":""},"categories":[543],"tags":[],"class_list":["post-39547","post","type-post","status-publish","format-standard","hentry","category-forum-di-racconti-nella-rete"],"_links":{"self":[{"href":"https:\/\/www.raccontinellarete.it\/index.php?rest_route=\/wp\/v2\/posts\/39547"}],"collection":[{"href":"https:\/\/www.raccontinellarete.it\/index.php?rest_route=\/wp\/v2\/posts"}],"about":[{"href":"https:\/\/www.raccontinellarete.it\/index.php?rest_route=\/wp\/v2\/types\/post"}],"author":[{"embeddable":true,"href":"https:\/\/www.raccontinellarete.it\/index.php?rest_route=\/wp\/v2\/users\/8137"}],"replies":[{"embeddable":true,"href":"https:\/\/www.raccontinellarete.it\/index.php?rest_route=%2Fwp%2Fv2%2Fcomments&post=39547"}],"version-history":[{"count":4,"href":"https:\/\/www.raccontinellarete.it\/index.php?rest_route=\/wp\/v2\/posts\/39547\/revisions"}],"predecessor-version":[{"id":39561,"href":"https:\/\/www.raccontinellarete.it\/index.php?rest_route=\/wp\/v2\/posts\/39547\/revisions\/39561"}],"wp:attachment":[{"href":"https:\/\/www.raccontinellarete.it\/index.php?rest_route=%2Fwp%2Fv2%2Fmedia&parent=39547"}],"wp:term":[{"taxonomy":"category","embeddable":true,"href":"https:\/\/www.raccontinellarete.it\/index.php?rest_route=%2Fwp%2Fv2%2Fcategories&post=39547"},{"taxonomy":"post_tag","embeddable":true,"href":"https:\/\/www.raccontinellarete.it\/index.php?rest_route=%2Fwp%2Fv2%2Ftags&post=39547"}],"curies":[{"name":"wp","href":"https:\/\/api.w.org\/{rel}","templated":true}]}}