{"id":39533,"date":"2019-06-17T18:18:30","date_gmt":"2019-06-17T17:18:30","guid":{"rendered":"http:\/\/www.raccontinellarete.it\/?p=39533"},"modified":"2019-06-17T18:20:44","modified_gmt":"2019-06-17T17:20:44","slug":"giovedi-20-giugno-un-mare-di-libri-con-edoardo-de-angelis","status":"publish","type":"post","link":"https:\/\/www.raccontinellarete.it\/?p=39533","title":{"rendered":"Gioved\u00ec 20 giugno &#8220;Un mare di libri&#8221; con Edoardo De Angelis"},"content":{"rendered":"\n<figure class=\"wp-block-image\"><img loading=\"lazy\" decoding=\"async\" width=\"848\" height=\"848\" src=\"https:\/\/www.raccontinellarete.it\/301\/wp-content\/uploads\/2019\/06\/edoardo-de-angelis.jpg\" alt=\"\" class=\"wp-image-39534\" srcset=\"https:\/\/www.raccontinellarete.it\/301\/wp-content\/uploads\/2019\/06\/edoardo-de-angelis.jpg 848w, https:\/\/www.raccontinellarete.it\/301\/wp-content\/uploads\/2019\/06\/edoardo-de-angelis-250x250.jpg 250w, https:\/\/www.raccontinellarete.it\/301\/wp-content\/uploads\/2019\/06\/edoardo-de-angelis-768x768.jpg 768w\" sizes=\"(max-width: 848px) 100vw, 848px\" \/><\/figure>\n\n\n\n<p><strong>Giovedi 20 giugno alle 18.30  Bagno Venezia &#8211; Lido di Camaiore <em>(lungomare  Europa 120)<\/em><\/strong> <\/p>\n\n\n\n<p>PRIMO INCONTRO della rassegna  <strong>Un mare di libri\u00a0 <\/strong><\/p>\n\n\n\n<p><em><strong>OSPITE:\u00a0 EDOARDO DE ANGELIS\u00a0 <\/strong><\/em><\/p>\n\n\n\n<p><em><strong>conducono Demetrio Brandi e  Elena Marchini. <\/strong><\/em><\/p>\n\n\n\n<p><em><strong>Presenta \u201cLa gara di sogni\u201d (Arcana Edizioni).  <\/strong><\/em><\/p>\n\n\n\n<p><em><strong>A cura di LuccAutori &#8211; premio Racconti nella  Rete.  <\/strong><\/em>\u00a0 <\/p>\n\n\n\n<p>E\u2019 tempo di UN MARE DI LIBRI al  Bagno Venezia di Lido di Camaiore. La rassegna ideata e condotta da Demetrio  Brandi andr\u00e0 in scena <strong>ogni gioved\u00ec alle 18.30 dal 20 giugno al 1  agosto<\/strong>. Otto incontri, compreso un <strong>evento speciale  <\/strong>per<strong> venerdi 19 luglio<\/strong> con Beppe Dati.  \u00a0 <strong>Il primo incontro di  gioved\u00ec 20 giugno sar\u00e0 con il grande Edoardo De Angelis,<\/strong> cantautore  romano impegnato sin dagli anni del Folkstudio nella difesa della lingua  italiana e nella diffusione di una canzone di qualit\u00e0.\u00a0 Autore di canzoni  celebri, protagonista con la Schola Cantorum, produttore artistico di Sergio  Endrigo e Francesco De Gregori, tiene corsi e laboratori nelle universit\u00e0 e  nelle scuole superiori. Ha al suo attivo venti album fin qui pubblicati.  \u00a0 \u201c<strong>La  gara di sogni<\/strong>\u201d &#8211; Come in un romanzo d\u2019avventure, e di piccole  disavventure, Edoardo De Angelis ci racconta la sua vita attraversata dalla  musica, la sua storia e quella della sua famosa canzone <strong>Lella<\/strong>,  entrata nel patrimonio universale della musica popolare. Affacciandosi a queste  storie, se ne possono scorgere mille altre: storie di persone, di grandi artisti  e di grandi uomini, di indimenticabili amicizie.  Storie  di viaggi infiniti e infiniti ritorni, incontri e passaggi di un percorso che di  anno in anno, di dove in quando, di canzone in canzone, disegnano un percorso di  quasi cinquant\u2019anni della nostra canzone d\u2019autore, ma anche della nostra vita,  dei sentimenti, del costume, della societ\u00e0, perch\u00e9 questo \u00e8 il cibo\u00a0  di  cui la canzone d\u2019autore si nutre. Come una favola, nella quale i personaggi sono  <strong>Fabrizio De Andr\u00e9, Lucio Dalla, Sergio Endrigo, Francesco De Gregori,  Neri Marcor\u00e8 <\/strong>e tantissimi altri che sono entrati con passo sicuro nelle  pagine di questa cronaca del nostro tempo.  La  gara di sogni \u00e8 un viaggio al ritmo della musica: non si sa dove esattamente sia  iniziato, n\u00e9 dove finir\u00e0, ma \u00e8 sicuro che su questa immaginaria carrozza ci sar\u00e0  un posto riservato per ogni lettore, per ogni amico che si avvicini con il cuore  aperto e la mano tesa. \u00a0 \u00a0 \u00a0 <\/p>\n\n\n\n<p><strong>Un mare di \nlibri al Bagno Venezia&nbsp; 2019 \n<\/strong><\/p>\n\n\n\n<p><strong>PROGRAMMA \nGENERALE <\/strong><\/p>\n\n\n\n<p>Gioved\u00ec 20 giugno ore 18.30 Edoardo De Angelis presenta \u201cLa gara di \nsogni\u201d (Arcana). Ci racconta la sua vita attraversata dalla musica e dalla \nfamosa canzone \u201cLella\u201d.<\/p>\n\n\n\n<p>Gioved\u00ec 27 giugno ore 18.30 In \u2013 forma con le nutrizioniste. \nIntervengono le biologhe nutrizioniste Federica Alaura e Krizia \nCasini<\/p>\n\n\n\n<p>Gioved\u00ec 4 luglio ore 18.30 Umberto Cinquini \u201cSono solo mascheroni&#8221; \n(Pezzini Editore). Con la partecipazione di Jacopo Allegrucci.<\/p>\n\n\n\n<p>Gioved\u00ec 11 luglio ore 18.30 Andrea Gamannossi \u201cToscana Racconti, \nleggende e sapori\u201d (Sarnus), Alexandra Tempesta \u201cLa compagnia della luna nuova\u201d \n(Ensemble), Bruno Confortini \u201cLo scudetto dei giovani\u201d (Geo Edizioni) con \nl\u2019intervento di Luciano Chiarugi, Cinzia Ciarmatori \u201cUn coniglio per amico\u201d \n(Macro Edizioni), Silvia Bello Molteni \u201cDi verso ostile\u201d (Salvioni), Cinzia \nDella Ciana &#8220;Ostinato&#8221; Suite in versi (Helicon Edizioni).<\/p>\n\n\n\n<p>Gioved\u00ec 18 luglio ore 18.30 Giuliano Bruni &#8220;Comunicare: umana \nnecessit\u00e0&#8221; guida ad una efficace comunicazione (Mauro Pagliai Editore) Graziano \nSalvadori Per te\u201d (Amazon) Paola Massoni \u201cI misteriosi mondi di M\u00e8lia\u201d (Ibiskos) \nStefania Bonomi \u201cIl pentagramma dell\u2019anima\u201d (Youcanprint) Paolo Ciampi \n\u201cL\u2019ambasciatore delle foreste\u201d (Arkadia)<\/p>\n\n\n\n<p>(EVENTO SPECIALE) Venerd\u00ec 19 luglio ore 21,15 Incontro con l&#8217;autore \nBEPPE DATI accompagnato da Marilena Catapano, Simone Gaggioli, Federico Sagona e \nMarco Fontana.&nbsp; Parole e musica con un \nprotagonista della canzone italiana.<\/p>\n\n\n\n<p>Gioved\u00ec 25 luglio ore 18.30 Daniela Donatella Pieruccini \u201cSe fosse un  giorno sarebbe gioved\u00ec\u201d (L\u2019Erudita), Michele Cecchini \u201cIl cielo per ultimo\u201d  (Bollati Boringhieri) , Bettina Bartalesi &#8220;Luce&#8221; (Edizioni Clown Bianco) Marco  Ferri \u201cFirenze in festa &#8211; Le tradizioni popolari fiorentine\u201d (Angelo  Pontecorboli Editore) Maurizio Vaccaro \u201cVitamine di sopravvivenza\u201d (Pezzini  Editore). Pino Marchini &#8220;Castelnovesi nella prima guerra mondiale&#8221; (Edizioni  Cinque Terre).<\/p>\n\n\n\n<p>\n\nGioved\u00ec 1 agosto ore 18.30 Festa per i 18 anni del premio letterario  \u201cRacconti nella Rete\u201d. Con Marta Borroni, Michela Rossi, Federica Politi, Giusi  Scerri, Manuel Chiocca, Danilo Nucci, Stefano Carlo Vecoli, Damiano Battistoni  ed altri.\n\n<\/p>\n\n\n\n<figure class=\"wp-block-image\"><img decoding=\"async\" src=\"https:\/\/www.raccontinellarete.it\/301\/wp-content\/uploads\/2019\/06\/locandina-EDOARDO-DE-ANGELIS-page-0-728x1024.jpg\" alt=\"\" class=\"wp-image-39535\"\/><\/figure>\n\n\n\n<p><\/p>\n<div class=\"pvc_clear\"><\/div><p id=\"pvc_stats_39533\" class=\"pvc_stats all  \" data-element-id=\"39533\" style=\"\"><i class=\"pvc-stats-icon medium\" aria-hidden=\"true\"><svg aria-hidden=\"true\" focusable=\"false\" data-prefix=\"far\" data-icon=\"chart-bar\" role=\"img\" xmlns=\"http:\/\/www.w3.org\/2000\/svg\" viewBox=\"0 0 512 512\" class=\"svg-inline--fa fa-chart-bar fa-w-16 fa-2x\"><path fill=\"currentColor\" d=\"M396.8 352h22.4c6.4 0 12.8-6.4 12.8-12.8V108.8c0-6.4-6.4-12.8-12.8-12.8h-22.4c-6.4 0-12.8 6.4-12.8 12.8v230.4c0 6.4 6.4 12.8 12.8 12.8zm-192 0h22.4c6.4 0 12.8-6.4 12.8-12.8V140.8c0-6.4-6.4-12.8-12.8-12.8h-22.4c-6.4 0-12.8 6.4-12.8 12.8v198.4c0 6.4 6.4 12.8 12.8 12.8zm96 0h22.4c6.4 0 12.8-6.4 12.8-12.8V204.8c0-6.4-6.4-12.8-12.8-12.8h-22.4c-6.4 0-12.8 6.4-12.8 12.8v134.4c0 6.4 6.4 12.8 12.8 12.8zM496 400H48V80c0-8.84-7.16-16-16-16H16C7.16 64 0 71.16 0 80v336c0 17.67 14.33 32 32 32h464c8.84 0 16-7.16 16-16v-16c0-8.84-7.16-16-16-16zm-387.2-48h22.4c6.4 0 12.8-6.4 12.8-12.8v-70.4c0-6.4-6.4-12.8-12.8-12.8h-22.4c-6.4 0-12.8 6.4-12.8 12.8v70.4c0 6.4 6.4 12.8 12.8 12.8z\" class=\"\"><\/path><\/svg><\/i> <img loading=\"lazy\" decoding=\"async\" width=\"16\" height=\"16\" alt=\"Loading\" src=\"https:\/\/www.raccontinellarete.it\/301\/wp-content\/plugins\/page-views-count\/ajax-loader-2x.gif\" border=0 \/><\/p><div class=\"pvc_clear\"><\/div>","protected":false},"excerpt":{"rendered":"<p>Giovedi 20 giugno alle 18.30 Bagno Venezia &#8211; Lido di Camaiore (lungomare Europa 120) PRIMO INCONTRO della rassegna Un mare di libri\u00a0 OSPITE:\u00a0 EDOARDO DE ANGELIS\u00a0 conducono Demetrio Brandi e Elena Marchini. Presenta \u201cLa gara di sogni\u201d (Arcana Edizioni). A cura di LuccAutori &#8211; premio Racconti nella Rete. \u00a0 E\u2019 tempo di UN MARE DI [&hellip;]<\/p>\n<div class=\"pvc_clear\"><\/div>\n<p id=\"pvc_stats_39533\" class=\"pvc_stats all  \" data-element-id=\"39533\" style=\"\"><i class=\"pvc-stats-icon medium\" aria-hidden=\"true\"><svg aria-hidden=\"true\" focusable=\"false\" data-prefix=\"far\" data-icon=\"chart-bar\" role=\"img\" xmlns=\"http:\/\/www.w3.org\/2000\/svg\" viewBox=\"0 0 512 512\" class=\"svg-inline--fa fa-chart-bar fa-w-16 fa-2x\"><path fill=\"currentColor\" d=\"M396.8 352h22.4c6.4 0 12.8-6.4 12.8-12.8V108.8c0-6.4-6.4-12.8-12.8-12.8h-22.4c-6.4 0-12.8 6.4-12.8 12.8v230.4c0 6.4 6.4 12.8 12.8 12.8zm-192 0h22.4c6.4 0 12.8-6.4 12.8-12.8V140.8c0-6.4-6.4-12.8-12.8-12.8h-22.4c-6.4 0-12.8 6.4-12.8 12.8v198.4c0 6.4 6.4 12.8 12.8 12.8zm96 0h22.4c6.4 0 12.8-6.4 12.8-12.8V204.8c0-6.4-6.4-12.8-12.8-12.8h-22.4c-6.4 0-12.8 6.4-12.8 12.8v134.4c0 6.4 6.4 12.8 12.8 12.8zM496 400H48V80c0-8.84-7.16-16-16-16H16C7.16 64 0 71.16 0 80v336c0 17.67 14.33 32 32 32h464c8.84 0 16-7.16 16-16v-16c0-8.84-7.16-16-16-16zm-387.2-48h22.4c6.4 0 12.8-6.4 12.8-12.8v-70.4c0-6.4-6.4-12.8-12.8-12.8h-22.4c-6.4 0-12.8 6.4-12.8 12.8v70.4c0 6.4 6.4 12.8 12.8 12.8z\" class=\"\"><\/path><\/svg><\/i> <img loading=\"lazy\" decoding=\"async\" width=\"16\" height=\"16\" alt=\"Loading\" src=\"https:\/\/www.raccontinellarete.it\/301\/wp-content\/plugins\/page-views-count\/ajax-loader-2x.gif\" border=0 \/><\/p>\n<div class=\"pvc_clear\"><\/div>\n","protected":false},"author":3,"featured_media":39534,"comment_status":"open","ping_status":"closed","sticky":false,"template":"","format":"standard","meta":{"footnotes":""},"categories":[87,5],"tags":[],"class_list":["post-39533","post","type-post","status-publish","format-standard","has-post-thumbnail","hentry","category-comunicato-stampa","category-racconti-nella-rete"],"_links":{"self":[{"href":"https:\/\/www.raccontinellarete.it\/index.php?rest_route=\/wp\/v2\/posts\/39533"}],"collection":[{"href":"https:\/\/www.raccontinellarete.it\/index.php?rest_route=\/wp\/v2\/posts"}],"about":[{"href":"https:\/\/www.raccontinellarete.it\/index.php?rest_route=\/wp\/v2\/types\/post"}],"author":[{"embeddable":true,"href":"https:\/\/www.raccontinellarete.it\/index.php?rest_route=\/wp\/v2\/users\/3"}],"replies":[{"embeddable":true,"href":"https:\/\/www.raccontinellarete.it\/index.php?rest_route=%2Fwp%2Fv2%2Fcomments&post=39533"}],"version-history":[{"count":2,"href":"https:\/\/www.raccontinellarete.it\/index.php?rest_route=\/wp\/v2\/posts\/39533\/revisions"}],"predecessor-version":[{"id":39537,"href":"https:\/\/www.raccontinellarete.it\/index.php?rest_route=\/wp\/v2\/posts\/39533\/revisions\/39537"}],"wp:featuredmedia":[{"embeddable":true,"href":"https:\/\/www.raccontinellarete.it\/index.php?rest_route=\/wp\/v2\/media\/39534"}],"wp:attachment":[{"href":"https:\/\/www.raccontinellarete.it\/index.php?rest_route=%2Fwp%2Fv2%2Fmedia&parent=39533"}],"wp:term":[{"taxonomy":"category","embeddable":true,"href":"https:\/\/www.raccontinellarete.it\/index.php?rest_route=%2Fwp%2Fv2%2Fcategories&post=39533"},{"taxonomy":"post_tag","embeddable":true,"href":"https:\/\/www.raccontinellarete.it\/index.php?rest_route=%2Fwp%2Fv2%2Ftags&post=39533"}],"curies":[{"name":"wp","href":"https:\/\/api.w.org\/{rel}","templated":true}]}}