{"id":38991,"date":"2019-05-24T17:09:55","date_gmt":"2019-05-24T16:09:55","guid":{"rendered":"http:\/\/www.raccontinellarete.it\/?p=38991"},"modified":"2019-05-25T22:07:39","modified_gmt":"2019-05-25T21:07:39","slug":"termina-il-31-maggio-la-18-edizione-del-premio-racconti-nella-rete","status":"publish","type":"post","link":"https:\/\/www.raccontinellarete.it\/?p=38991","title":{"rendered":"Termina il 31 maggio la 18^ edizione del premio Racconti nella Rete"},"content":{"rendered":"\n<p><strong>C\u2019\u00e8  tempo fino al 31 maggio per partecipare alla 18^ edizione del premio  letterario Racconti nella Rete<\/strong><\/p>\n\n\n\n<p><a href=\"https:\/\/www.raccontinellarete.it\/301\/wp-login.php?action=register\">https:\/\/www.raccontinellarete.it\/301\/wp-login.php?action=register<\/a><\/p>\n\n\n\n<p>Nel sito <a href=\"https:\/\/www.raccontinellarete.it\">www.raccontinellarete.it<\/a> \u00a0 si possono inserire racconti brevi  inediti,\u00a0 con una sezione dedicata\u00a0 ai racconti per bambini\u00a0 ed ai soggetti per cortometraggi.\u00a0 Sar\u00e0 assegnato il <em>Premio Budu\u00e0r<\/em> al  migliore racconto umoristico.<\/p>\n\n\n\n<p>Nel mese di giugno la giuria \nindicher\u00e0&nbsp; i venticinque racconti che \nsaranno pubblicati ad ottobre in una antologia edita da Castelvecchi. In \ncopertina un disegno del celebre disegnatore e fumettista <strong>Bruno \nCannucciari.<\/strong> <\/p>\n\n\n\n<p>Il vincitore della sezione&nbsp; Corti&nbsp; \npotr\u00e0 partecipare alla realizzazione del cortometraggio che si girer\u00e0 a \nLucca in&nbsp; collaborazione con la Scuola di \nCinema Immagina di Firenze diretta da Giuseppe Ferlito.<\/p>\n\n\n\n<p>Racconti nella Rete \u00e8 una opportunit\u00e0 \nper tutti coloro che hanno un racconto nel cassetto e desiderano arrivare alla \npubblicazione. Cosa che avviene puntualmente da diciassette anni con l\u2019antologia dei venticinque \nvincitori&nbsp; curata da Demetrio \nBrandi,&nbsp; presidente del premio. \n<\/p>\n\n\n\n<p>E\u2019 \nstato definito&nbsp; il pi\u00f9 grande premio letterario nazionale per racconti inediti \non line.&nbsp; Questo concorso letterario ha una sua peculiarit\u00e0: il \nmomento decisamente vitale, emozionante e innovativo della pubblicazione in rete \ndei racconti, fase altamente significativa sotto il profilo della comunicazione, \ndello scambio e del confronto culturale. Consigliamo quindi a chiunque voglia \npartecipare, di inserire i propri racconti e soggetti in tempo utile per poter \nessere letti e commentati dalle centinaia di utenti che frequentano il \nsito.<\/p>\n\n\n\n<p>In una sorta di agor\u00e0 virtuale, nel \nsito <a href=\"https:\/\/www.raccontinellarete.it\">www.raccontinellarete.it<\/a> \n&nbsp; tutti trovano lo spazio privilegiato \nper dar voce alle proprie fantasie, memorie o sogni, per saggiare il valore e la \nqualit\u00e0 del proprio lavoro, per incontrare talenti sconosciuti o confrontarsi \ncon diversi stili narrativi, generi e contenuti.&nbsp;&nbsp; <\/p>\n\n\n\n<p>In questi ultimi anni il premio letterario Racconti \nnella Rete \u00e8 decisamente cresciuto nella popolarit\u00e0 e nella qualit\u00e0 degli \nelaborati, tanto da poter a ragione essere definito un vero e proprio fenomeno \nmediatico.<\/p>\n\n\n\n<p>Per informazioni:&nbsp; info@raccontinellarete.it&nbsp; <a href=\"https:\/\/www.raccontinellarete.it\">www.raccontinellarete.it<\/a> <\/p>\n\n\n\n<p>\n\ntel. 0584  651874\n\n<\/p>\n\n\n\n<figure class=\"wp-block-image\"><img loading=\"lazy\" decoding=\"async\" width=\"960\" height=\"637\" src=\"https:\/\/www.raccontinellarete.it\/301\/wp-content\/uploads\/2018\/10\/1.jpg\" alt=\"\" class=\"wp-image-36659\" srcset=\"https:\/\/www.raccontinellarete.it\/301\/wp-content\/uploads\/2018\/10\/1.jpg 960w, https:\/\/www.raccontinellarete.it\/301\/wp-content\/uploads\/2018\/10\/1-344x228.jpg 344w, https:\/\/www.raccontinellarete.it\/301\/wp-content\/uploads\/2018\/10\/1-768x510.jpg 768w\" sizes=\"(max-width: 960px) 100vw, 960px\" \/><\/figure>\n\n\n\n<p><\/p>\n<div class=\"pvc_clear\"><\/div><p id=\"pvc_stats_38991\" class=\"pvc_stats all  \" data-element-id=\"38991\" style=\"\"><i class=\"pvc-stats-icon medium\" aria-hidden=\"true\"><svg aria-hidden=\"true\" focusable=\"false\" data-prefix=\"far\" data-icon=\"chart-bar\" role=\"img\" xmlns=\"http:\/\/www.w3.org\/2000\/svg\" viewBox=\"0 0 512 512\" class=\"svg-inline--fa fa-chart-bar fa-w-16 fa-2x\"><path fill=\"currentColor\" d=\"M396.8 352h22.4c6.4 0 12.8-6.4 12.8-12.8V108.8c0-6.4-6.4-12.8-12.8-12.8h-22.4c-6.4 0-12.8 6.4-12.8 12.8v230.4c0 6.4 6.4 12.8 12.8 12.8zm-192 0h22.4c6.4 0 12.8-6.4 12.8-12.8V140.8c0-6.4-6.4-12.8-12.8-12.8h-22.4c-6.4 0-12.8 6.4-12.8 12.8v198.4c0 6.4 6.4 12.8 12.8 12.8zm96 0h22.4c6.4 0 12.8-6.4 12.8-12.8V204.8c0-6.4-6.4-12.8-12.8-12.8h-22.4c-6.4 0-12.8 6.4-12.8 12.8v134.4c0 6.4 6.4 12.8 12.8 12.8zM496 400H48V80c0-8.84-7.16-16-16-16H16C7.16 64 0 71.16 0 80v336c0 17.67 14.33 32 32 32h464c8.84 0 16-7.16 16-16v-16c0-8.84-7.16-16-16-16zm-387.2-48h22.4c6.4 0 12.8-6.4 12.8-12.8v-70.4c0-6.4-6.4-12.8-12.8-12.8h-22.4c-6.4 0-12.8 6.4-12.8 12.8v70.4c0 6.4 6.4 12.8 12.8 12.8z\" class=\"\"><\/path><\/svg><\/i> <img loading=\"lazy\" decoding=\"async\" width=\"16\" height=\"16\" alt=\"Loading\" src=\"https:\/\/www.raccontinellarete.it\/301\/wp-content\/plugins\/page-views-count\/ajax-loader-2x.gif\" border=0 \/><\/p><div class=\"pvc_clear\"><\/div>","protected":false},"excerpt":{"rendered":"<p>C\u2019\u00e8 tempo fino al 31 maggio per partecipare alla 18^ edizione del premio letterario Racconti nella Rete https:\/\/www.raccontinellarete.it\/301\/wp-login.php?action=register Nel sito www.raccontinellarete.it \u00a0 si possono inserire racconti brevi inediti,\u00a0 con una sezione dedicata\u00a0 ai racconti per bambini\u00a0 ed ai soggetti per cortometraggi.\u00a0 Sar\u00e0 assegnato il Premio Budu\u00e0r al migliore racconto umoristico. Nel mese di giugno la [&hellip;]<\/p>\n<div class=\"pvc_clear\"><\/div>\n<p id=\"pvc_stats_38991\" class=\"pvc_stats all  \" data-element-id=\"38991\" style=\"\"><i class=\"pvc-stats-icon medium\" aria-hidden=\"true\"><svg aria-hidden=\"true\" focusable=\"false\" data-prefix=\"far\" data-icon=\"chart-bar\" role=\"img\" xmlns=\"http:\/\/www.w3.org\/2000\/svg\" viewBox=\"0 0 512 512\" class=\"svg-inline--fa fa-chart-bar fa-w-16 fa-2x\"><path fill=\"currentColor\" d=\"M396.8 352h22.4c6.4 0 12.8-6.4 12.8-12.8V108.8c0-6.4-6.4-12.8-12.8-12.8h-22.4c-6.4 0-12.8 6.4-12.8 12.8v230.4c0 6.4 6.4 12.8 12.8 12.8zm-192 0h22.4c6.4 0 12.8-6.4 12.8-12.8V140.8c0-6.4-6.4-12.8-12.8-12.8h-22.4c-6.4 0-12.8 6.4-12.8 12.8v198.4c0 6.4 6.4 12.8 12.8 12.8zm96 0h22.4c6.4 0 12.8-6.4 12.8-12.8V204.8c0-6.4-6.4-12.8-12.8-12.8h-22.4c-6.4 0-12.8 6.4-12.8 12.8v134.4c0 6.4 6.4 12.8 12.8 12.8zM496 400H48V80c0-8.84-7.16-16-16-16H16C7.16 64 0 71.16 0 80v336c0 17.67 14.33 32 32 32h464c8.84 0 16-7.16 16-16v-16c0-8.84-7.16-16-16-16zm-387.2-48h22.4c6.4 0 12.8-6.4 12.8-12.8v-70.4c0-6.4-6.4-12.8-12.8-12.8h-22.4c-6.4 0-12.8 6.4-12.8 12.8v70.4c0 6.4 6.4 12.8 12.8 12.8z\" class=\"\"><\/path><\/svg><\/i> <img loading=\"lazy\" decoding=\"async\" width=\"16\" height=\"16\" alt=\"Loading\" src=\"https:\/\/www.raccontinellarete.it\/301\/wp-content\/plugins\/page-views-count\/ajax-loader-2x.gif\" border=0 \/><\/p>\n<div class=\"pvc_clear\"><\/div>\n","protected":false},"author":3,"featured_media":38694,"comment_status":"open","ping_status":"closed","sticky":false,"template":"","format":"standard","meta":{"footnotes":""},"categories":[87,543,5],"tags":[],"class_list":["post-38991","post","type-post","status-publish","format-standard","has-post-thumbnail","hentry","category-comunicato-stampa","category-forum-di-racconti-nella-rete","category-racconti-nella-rete"],"_links":{"self":[{"href":"https:\/\/www.raccontinellarete.it\/index.php?rest_route=\/wp\/v2\/posts\/38991"}],"collection":[{"href":"https:\/\/www.raccontinellarete.it\/index.php?rest_route=\/wp\/v2\/posts"}],"about":[{"href":"https:\/\/www.raccontinellarete.it\/index.php?rest_route=\/wp\/v2\/types\/post"}],"author":[{"embeddable":true,"href":"https:\/\/www.raccontinellarete.it\/index.php?rest_route=\/wp\/v2\/users\/3"}],"replies":[{"embeddable":true,"href":"https:\/\/www.raccontinellarete.it\/index.php?rest_route=%2Fwp%2Fv2%2Fcomments&post=38991"}],"version-history":[{"count":3,"href":"https:\/\/www.raccontinellarete.it\/index.php?rest_route=\/wp\/v2\/posts\/38991\/revisions"}],"predecessor-version":[{"id":39006,"href":"https:\/\/www.raccontinellarete.it\/index.php?rest_route=\/wp\/v2\/posts\/38991\/revisions\/39006"}],"wp:featuredmedia":[{"embeddable":true,"href":"https:\/\/www.raccontinellarete.it\/index.php?rest_route=\/wp\/v2\/media\/38694"}],"wp:attachment":[{"href":"https:\/\/www.raccontinellarete.it\/index.php?rest_route=%2Fwp%2Fv2%2Fmedia&parent=38991"}],"wp:term":[{"taxonomy":"category","embeddable":true,"href":"https:\/\/www.raccontinellarete.it\/index.php?rest_route=%2Fwp%2Fv2%2Fcategories&post=38991"},{"taxonomy":"post_tag","embeddable":true,"href":"https:\/\/www.raccontinellarete.it\/index.php?rest_route=%2Fwp%2Fv2%2Ftags&post=38991"}],"curies":[{"name":"wp","href":"https:\/\/api.w.org\/{rel}","templated":true}]}}