{"id":38947,"date":"2019-05-24T17:16:47","date_gmt":"2019-05-24T16:16:47","guid":{"rendered":"http:\/\/www.raccontinellarete.it\/?p=38947"},"modified":"2019-05-24T17:16:49","modified_gmt":"2019-05-24T16:16:49","slug":"premio-racconti-nella-rete-2019-la-scelta-di-enrica-suprani","status":"publish","type":"post","link":"https:\/\/www.raccontinellarete.it\/?p=38947","title":{"rendered":"Premio Racconti nella Rete 2019 &#8220;La scelta&#8221; di Enrica Suprani"},"content":{"rendered":"\n<h2 class=\"wp-block-heading\"><\/h2>\n\n\n\n<p>Ormai Giusy la scelta \u00e8 fatta, non puoi\npi\u00f9 tornare indietro! Devi essere coerente, come lo sei sempre stata. <\/p>\n\n\n\n<p>E\u2019 quello che mi dico da giorni, la\ndecisione presa mi ha tolto il sonno, ma non posso pi\u00f9 cambiare rotta, se\ntornassi sulle mie determinazioni, sarebbe un tradimento non solo per le mie\nfiglie, ma significherebbe tradire me stessa. <\/p>\n\n\n\n<p>Purtroppo le cose sono andate cos\u00ec,\nquante volte nella mia vita sono iniziate in un modo e finite come mai e poi\nmai mi sarei immaginata, qui sono all\u2019epilogo, \u00e8 il capolinea!<\/p>\n\n\n\n<p>&nbsp;Ho scelto! <\/p>\n\n\n\n<p>La mia mente inizia a perdersi, devo\nammetterlo, ci sono giorni che ho la nebbia in testa, devo guardare fuori per\ncapire se \u00e8 mattino o \u00e8 notte, devo guardarmi bene addosso per vedere se ho il\npigiama o sono vestita. Dopo essermi guardata e aver visto che sono vestita mi\nritorna il dubbio: sono vestita perch\u00e9 mi sono appena alzata o \u00e8 ora di andare\na letto? <\/p>\n\n\n\n<p>E allora torno alla finestra per capire\nse \u00e8 l\u2019alba o il tramonto e cos\u00ec, solo cos\u00ec, dopo essere andata avanti e indietro\npi\u00f9 di una volta mi acquieto. <\/p>\n\n\n\n<p>Poi mi concentro, rifletto e dico a me\nstessa di non tremare, pian piano ce la far\u00f2 a rimanere lucida, devo rimanere\nlucida!<\/p>\n\n\n\n<p>&nbsp;Ma almeno Aldo, almeno tu, potevi restarmi\nvicino un p\u00f2 pi\u00f9 a lungo, accidenti! Quando ho deciso di sposarti ho dovuto\ncombattere con mia madre, avevi cinque anni meno di me, non andava bene questa\ncosa, diceva che anche se eri un bravo ragazzo prima o poi mi avresti tradita.\nPoi avrei fatto brutta figura in paese, tutti avrebbero pensato che io, per\nstare con uno bello e giovane come te, ero brava per quelle cose l\u00ed\u2026, insomma\u2026,\nquelle cose\u2026! <\/p>\n\n\n\n<p>A dire il vero, di questo, me ne sono\nsempre infischiata, pensavo invece che saresti rimasto con me fino alla fine,\ntemevo la solitudine e guarda invece come \u00e8 finita??? <\/p>\n\n\n\n<p>Te ne sei andato prima tu, e io che mi\npreoccupavo persino dei problemi che avresti avuto quando sarei morta! <\/p>\n\n\n\n<p>Pensavo che Chiara e Paola ti avrebbero\naffibbiato qualche badante ucraina che ti avrebbe maltrattato amore mio, oltre\nche distruggere il residuo dei nostri sacrifici, s\u00ed perch\u00e9 alla fine, pensando\nalle nostre figlie, ci siamo spogliati di tutto, di tutto per loro. <\/p>\n\n\n\n<p>Poi tu in casa sei sempre stato un\ndisastro, diciamolo! <\/p>\n\n\n\n<p>Mica sono stata capace di farti capire\ncome funziona una lavatrice? Neppure il latte sei mai stato capace di scaldare\nsenza versarmelo sul fornello tutte le volte, che poi puzza e per pulire \u00e8 un\ncasino, la panna cotta si attacca all&#8217;acciaio che \u00e8 un piacere e la spugnetta\nse non la pulisci con l\u2019ammoniaca la puoi buttare.<\/p>\n\n\n\n<p>&nbsp;Le corna?? Ma! Io penso che tu non me le abbia\nmai fatte, si \u00e8 logico ero gelosa, poi avevi quella l\u00ed in ufficio, la Silvia,\nche secondo me un giro se lo sarebbe pure fatto\u2026tutte le volte che te l&#8217;ho\ndetto mi hai bruciato sul tempo, dicendo: \u201cla Silvia! Ma dai Giusy \u00e8 una\nracchia!!\u201d. <\/p>\n\n\n\n<p>Beh si, non era bella, ma aveva\nvent\u2019anni meno di me! <\/p>\n\n\n\n<p>Voi uomini, soprattutto quando\ncominciate a passare i cinquanta, iniziate a sclerare, noi donne per la verit\u00e0\nanche prima. La Rosalba, c&#8217;\u00e8 stato un periodo che tra creme antirughe, massaggi\ne corsi di yoga, ha speso una fortuna. Poi, quando ha avuto il problema al\nseno, ha smesso di fare acquisti scellerati, neppure la parrucca si \u00e8 voluta\ncomprare, che quella s\u00ec, io l\u2019avrei presa. <\/p>\n\n\n\n<p>Ma perch\u00e9 dobbiamo prenderla sempre sui\ndenti prima di imparare a stare al mondo?<\/p>\n\n\n\n<p>&nbsp;Per fortuna ora sta bene, meglio di me, ha\nancora Sandro che la sostiene in tutto, i figli sono all&#8217;estero e loro due\npassano la giornata nella casetta piccola che avevano in campagna, qualche\npasseggiata e via, almeno sono insieme.<\/p>\n\n\n\n<p>&nbsp;L\u2019ultima volta che le ho parlato mi ha detto\nche usa solo la crema per il viso, la Venus comprata al supermercato. Come mi\npiacerebbe parlare un po&#8217; con Rosalba, potrei chiamarla, ma poi significherebbe\nsvelare a tutti il mio segreto\u2026ecco che arriva questa deficiente:<\/p>\n\n\n\n<p>&nbsp;\u201cGiusy come stai? Hai fatto colazione? Ti do\nla pillola gialla cara? La prendi da sola?\u201d. <\/p>\n\n\n\n<p>Capirai quanto le sono \u201ccara\u201d a questa\nqui!!<\/p>\n\n\n\n<p>&nbsp;\u00c8\nquella che mi sta pi\u00f9 antipatica! Per fortuna che se le faccio un cenno col capo\ne la folgoro con lo sguardo, sparisce per due ore. <\/p>\n\n\n\n<p>Appena il campo \u00e8 libero la pillola la\nbutto nel water. <\/p>\n\n\n\n<p>Eh, ma devo stare attenta, non mi devo\ndimenticare, mi sa che \u00e8 meglio che lo faccia subito. <\/p>\n\n\n\n<p>Che casino nel corridoio, dormirei un\npo&#8217;\u2026mi pare sia buio fuori, l&#8217; orologio fa le 6,20, ma saranno del mattino? No,\ndeve essere pomeriggio, possibile che abbia gi\u00e0 sonno. <\/p>\n\n\n\n<p>C&#8217;\u00e8 una pillola qui, che sar\u00e0? Cavolo \u00e8\nquella che dovevo buttare, che brutta roba diventar vecchia!!. <\/p>\n\n\n\n<p>Su questo Chiara e Paola hanno ragione,\nquella volta che ho lasciato la sedia di legno vicino al camino, l&#8217;ho fatta\ngrossa, chiss\u00e0 tu quante me ne avresti dette se ci fossi stato ancora, ma se\nc&#8217;eri tu scommetto che non sarebbe successo. <\/p>\n\n\n\n<p>Quando sono arrivati i vigili del fuoco\nera bruciato solo il divano e io stavo tagliando l&#8217;insalata in cucina, chiss\u00e0\nchi li ha chiamati, forse la Ines, mai una volta che si faccia i fatti suoi, ha\nsempre il naso fuori dal balcone quella l\u00ec! <\/p>\n\n\n\n<p>Bastava che ritornassi a prendere gli\nocchiali in salotto e me ne sarei accorta, magari con un paio di secchi d&#8217;acqua\nlo spegnevo io il fuoco. <\/p>\n\n\n\n<p>Mi sono spaventata pi\u00f9 per i vigili che\nper il fuoco. Un botto pazzesco, hanno buttato gi\u00f9 la porta, vestiti come degli\nextraterrestri\u2026il divano, alla fine, era un pezzo che avrei voluto cambiarlo,\nla tappezzeria era macchiata e consunta.<\/p>\n\n\n\n<p>&nbsp;Poi ho capito che dovevo decidere alla svelta,\nChiara ha l\u2019ufficio solo a cinque chilometri da casa mia, l\u2019avrebbero\nrintracciata al lavoro in fretta, sarebbe arrivata in poco minuti. <\/p>\n\n\n\n<p>Allora che faccio? Decido il mio destino\nin un momento, senza pensarci troppo, ho pochissimo tempo.<\/p>\n\n\n\n<p>&nbsp;Cos\u00ec, mentre un extraterrestre in abito\narancione tira su la maschera e rivela il suo viso da uomo chiedendomi come\nsto, io scelgo. Scelgo e taccio, muta come un pesce dinanzi a un futuro\ninatteso. <\/p>\n\n\n\n<p>Chiara \u00e8 arrivata subito, mi ha\nabbracciato, mi ha scosso, ma io non ho neppure fiatato. Devo essere sincera,\nlei \u00e8 quella pi\u00f9 affezionata a me, Paola invece se ne \u00e8 andata via presto, \u00e8\nandata a studiare&nbsp; al politecnico di\nTorino per correre dietro a Giorgio, lei si \u00e8 laureata in ingegneria\nelettronica, una roba da uomini, lui invece, sfaticato per devozione, dopo solo\nquattro esami universitari si \u00e8 fatto venire la depressione, che per\u00f2 gli \u00e8\npassata quasi subito quando Paola \u00e8 stata assunta alla Group. <\/p>\n\n\n\n<p>Paola ha iniziato a fare un sacco di\nviaggi all&#8217;estero, lei \u00e8 bella e lui, scemo solo in parte, ha capito che se non\nle fosse andato dietro l\u2019avrebbe persa. <\/p>\n\n\n\n<p>Cos\u00ec ha parlato col suo capo e si \u00e8\nofferto di curare il sito della Group per quattro soldi, altrimenti avrebbe\ncominciato a dare fastidio a Paola facendole cercare un lavoro meno stressante.\n<\/p>\n\n\n\n<p>Quindi su di loro io non ci ho mai fatto\naffidamento, tu Aldo invece, speravi che prima o poi, sarebbero venuti da noi\nalmeno in estate. <\/p>\n\n\n\n<p>Io&nbsp;\nho capito tutto da quella volta che Paola mi disse di non voleva avere\nbambini, figurati! Lei i bambini li ha sempre adorati sono certa, era Giorgio\nche non voleva, voleva essere libero. <\/p>\n\n\n\n<p>Quella stupida, si \u00e8 pure rovinata la\nsalute con tutti quegli anticoncezionali, prima o poi le verr\u00e0 un accidente! <\/p>\n\n\n\n<p>Da Chiara invece mi aspettavo qualcosa\ndi pi\u00f9. <\/p>\n\n\n\n<p>\u00c8 rimasta in casa con noi a lungo, non\nvoleva sposarsi diceva, io ero certa che se avesse trovato l&#8217;uomo giusto\navrebbe cambiato idea, non \u00e8 mai stata ambiziosa, ha trovato quel lavoro da\ncontabile al mobilificio e se lo \u00e8 fatto andar bene. Giulio lo ha incontrato\nandando al lavoro, in pullman, le \u00e8 piaciuto perch\u00e9 era bello. In effetti \u00e8 un\nbel ragazzo, ma con quel lavoro che ha in banca mi sa che \u00e8 bravo solo a far\ncalcoli. <\/p>\n\n\n\n<p>Per lui la vita \u00e8 una faccenda\nmatematica, due pi\u00f9 due fa quattro e non \u00e8 capace di guardare a un palmo dal\nnaso. <\/p>\n\n\n\n<p>Non so quei bambini come verranno su.\nBeh, mi sarebbe piaciuto continuare a fare la nonna, sono belli quei ragazzini\ne Chiara io l&#8217;ho aiutata tanto, ma neanche lei ha avuto piet\u00e0.<\/p>\n\n\n\n<p>&nbsp;Hanno deciso tutti insieme, concordemente, di\nmettermi in questa galera. <\/p>\n\n\n\n<p>\u201cTi troverai bene, \u00e8 un buon posto\u201d\nhanno detto, e sono finita qui. <\/p>\n\n\n\n<p>Eccola che ritorna questa! Ma che vuole\nadesso? Ah, il pranzo! O la cena? <\/p>\n\n\n\n<p>Com&#8217;\u00e8 che oggi sono cos\u00ec confusa? <\/p>\n\n\n\n<p>C&#8217;\u00e8 la minestra, allora sar\u00e0 la cena,\nsempre che non sia venerd\u00ec, mah! <\/p>\n\n\n\n<p>Indipendentemente dal giorno o l&#8217;ora \u00e8\nuna brodaglia e non la mangio accidenti!!! Almeno potrebbero mettere un cuoco\npi\u00f9 competente. Il prezzemolo \u00e8 crudo, le carote peggio, il resto \u00e8 acqua, non\nsa di niente! Mangio questo pezzetto di formaggio col pane che, secondo me, non\n\u00e8 neppure fresco. <\/p>\n\n\n\n<p>Sta passando Gigi, magari con lui le\nfarei pure due chiacchiere, ma come faccio. Devo dire che mi ispira simpatia,\nanche lui mi guardava con interesse, ma da quando ha capito che non parlo si \u00e8\nallontanato. <\/p>\n\n\n\n<p>Mi sto abituando alla scelta che ho\nfatto, all\u2019inizio pensavo di non farcela, ma ora le parole sono solo nei miei\npensieri, soffocano in gola prima che escano. La voce mi pare sparita, chiss\u00e0\nse c\u2019\u00e8 ancora, me lo chiedo, ma non voglio neanche provare, \u00e8 meglio per me e\nper tutti che io resti muta per lo spavento dell\u2019incendio. <\/p>\n\n\n\n<p>Tanto da questo posto non esco, non mi\nfaranno uscire neppure se lo chiedessi a gran voce, urlando, sono tutti troppo\nimpegnati nelle loro vite ed io, con loro, non voglio pi\u00f9 parlare. <\/p>\n\n\n\n<p>Ma tu Aldo, stammi vicino, restiamo\nstretti stretti come se fossimo sempre insieme, perch\u00e9 \u00e8 solo con te che ora posso\ncontinuare a parlare, con te adesso, qui in questa finta casa, tra la nebbia\nche ho nella mia testa. <\/p>\n\n\n\n<p>Stai attenta Giusy, stai attenta, zitta,\nnon ti imbrogliare\u2026<\/p>\n<div class=\"pvc_clear\"><\/div><p id=\"pvc_stats_38947\" class=\"pvc_stats all  \" data-element-id=\"38947\" style=\"\"><i class=\"pvc-stats-icon medium\" aria-hidden=\"true\"><svg aria-hidden=\"true\" focusable=\"false\" data-prefix=\"far\" data-icon=\"chart-bar\" role=\"img\" xmlns=\"http:\/\/www.w3.org\/2000\/svg\" viewBox=\"0 0 512 512\" class=\"svg-inline--fa fa-chart-bar fa-w-16 fa-2x\"><path fill=\"currentColor\" d=\"M396.8 352h22.4c6.4 0 12.8-6.4 12.8-12.8V108.8c0-6.4-6.4-12.8-12.8-12.8h-22.4c-6.4 0-12.8 6.4-12.8 12.8v230.4c0 6.4 6.4 12.8 12.8 12.8zm-192 0h22.4c6.4 0 12.8-6.4 12.8-12.8V140.8c0-6.4-6.4-12.8-12.8-12.8h-22.4c-6.4 0-12.8 6.4-12.8 12.8v198.4c0 6.4 6.4 12.8 12.8 12.8zm96 0h22.4c6.4 0 12.8-6.4 12.8-12.8V204.8c0-6.4-6.4-12.8-12.8-12.8h-22.4c-6.4 0-12.8 6.4-12.8 12.8v134.4c0 6.4 6.4 12.8 12.8 12.8zM496 400H48V80c0-8.84-7.16-16-16-16H16C7.16 64 0 71.16 0 80v336c0 17.67 14.33 32 32 32h464c8.84 0 16-7.16 16-16v-16c0-8.84-7.16-16-16-16zm-387.2-48h22.4c6.4 0 12.8-6.4 12.8-12.8v-70.4c0-6.4-6.4-12.8-12.8-12.8h-22.4c-6.4 0-12.8 6.4-12.8 12.8v70.4c0 6.4 6.4 12.8 12.8 12.8z\" class=\"\"><\/path><\/svg><\/i> <img loading=\"lazy\" decoding=\"async\" width=\"16\" height=\"16\" alt=\"Loading\" src=\"https:\/\/www.raccontinellarete.it\/301\/wp-content\/plugins\/page-views-count\/ajax-loader-2x.gif\" border=0 \/><\/p><div class=\"pvc_clear\"><\/div>","protected":false},"excerpt":{"rendered":"<p>Ormai Giusy la scelta \u00e8 fatta, non puoi pi\u00f9 tornare indietro! Devi essere coerente, come lo sei sempre stata. E\u2019 quello che mi dico da giorni, la decisione presa mi ha tolto il sonno, ma non posso pi\u00f9 cambiare rotta, se tornassi sulle mie determinazioni, sarebbe un tradimento non solo per le mie figlie, ma [&hellip;]<\/p>\n<div class=\"pvc_clear\"><\/div>\n<p id=\"pvc_stats_38947\" class=\"pvc_stats all  \" data-element-id=\"38947\" style=\"\"><i class=\"pvc-stats-icon medium\" aria-hidden=\"true\"><svg aria-hidden=\"true\" focusable=\"false\" data-prefix=\"far\" data-icon=\"chart-bar\" role=\"img\" xmlns=\"http:\/\/www.w3.org\/2000\/svg\" viewBox=\"0 0 512 512\" class=\"svg-inline--fa fa-chart-bar fa-w-16 fa-2x\"><path fill=\"currentColor\" d=\"M396.8 352h22.4c6.4 0 12.8-6.4 12.8-12.8V108.8c0-6.4-6.4-12.8-12.8-12.8h-22.4c-6.4 0-12.8 6.4-12.8 12.8v230.4c0 6.4 6.4 12.8 12.8 12.8zm-192 0h22.4c6.4 0 12.8-6.4 12.8-12.8V140.8c0-6.4-6.4-12.8-12.8-12.8h-22.4c-6.4 0-12.8 6.4-12.8 12.8v198.4c0 6.4 6.4 12.8 12.8 12.8zm96 0h22.4c6.4 0 12.8-6.4 12.8-12.8V204.8c0-6.4-6.4-12.8-12.8-12.8h-22.4c-6.4 0-12.8 6.4-12.8 12.8v134.4c0 6.4 6.4 12.8 12.8 12.8zM496 400H48V80c0-8.84-7.16-16-16-16H16C7.16 64 0 71.16 0 80v336c0 17.67 14.33 32 32 32h464c8.84 0 16-7.16 16-16v-16c0-8.84-7.16-16-16-16zm-387.2-48h22.4c6.4 0 12.8-6.4 12.8-12.8v-70.4c0-6.4-6.4-12.8-12.8-12.8h-22.4c-6.4 0-12.8 6.4-12.8 12.8v70.4c0 6.4 6.4 12.8 12.8 12.8z\" class=\"\"><\/path><\/svg><\/i> <img loading=\"lazy\" decoding=\"async\" width=\"16\" height=\"16\" alt=\"Loading\" src=\"https:\/\/www.raccontinellarete.it\/301\/wp-content\/plugins\/page-views-count\/ajax-loader-2x.gif\" border=0 \/><\/p>\n<div class=\"pvc_clear\"><\/div>\n","protected":false},"author":491,"featured_media":0,"comment_status":"open","ping_status":"closed","sticky":false,"template":"","format":"standard","meta":{"footnotes":""},"categories":[532],"tags":[],"class_list":["post-38947","post","type-post","status-publish","format-standard","hentry","category-premio-racconti-nella-rete-2019"],"_links":{"self":[{"href":"https:\/\/www.raccontinellarete.it\/index.php?rest_route=\/wp\/v2\/posts\/38947"}],"collection":[{"href":"https:\/\/www.raccontinellarete.it\/index.php?rest_route=\/wp\/v2\/posts"}],"about":[{"href":"https:\/\/www.raccontinellarete.it\/index.php?rest_route=\/wp\/v2\/types\/post"}],"author":[{"embeddable":true,"href":"https:\/\/www.raccontinellarete.it\/index.php?rest_route=\/wp\/v2\/users\/491"}],"replies":[{"embeddable":true,"href":"https:\/\/www.raccontinellarete.it\/index.php?rest_route=%2Fwp%2Fv2%2Fcomments&post=38947"}],"version-history":[{"count":2,"href":"https:\/\/www.raccontinellarete.it\/index.php?rest_route=\/wp\/v2\/posts\/38947\/revisions"}],"predecessor-version":[{"id":38995,"href":"https:\/\/www.raccontinellarete.it\/index.php?rest_route=\/wp\/v2\/posts\/38947\/revisions\/38995"}],"wp:attachment":[{"href":"https:\/\/www.raccontinellarete.it\/index.php?rest_route=%2Fwp%2Fv2%2Fmedia&parent=38947"}],"wp:term":[{"taxonomy":"category","embeddable":true,"href":"https:\/\/www.raccontinellarete.it\/index.php?rest_route=%2Fwp%2Fv2%2Fcategories&post=38947"},{"taxonomy":"post_tag","embeddable":true,"href":"https:\/\/www.raccontinellarete.it\/index.php?rest_route=%2Fwp%2Fv2%2Ftags&post=38947"}],"curies":[{"name":"wp","href":"https:\/\/api.w.org\/{rel}","templated":true}]}}