{"id":38776,"date":"2019-05-18T22:11:23","date_gmt":"2019-05-18T21:11:23","guid":{"rendered":"http:\/\/www.raccontinellarete.it\/?p=38776"},"modified":"2019-05-18T22:11:27","modified_gmt":"2019-05-18T21:11:27","slug":"premio-racconti-nella-rete-2019-harpaxofobiadi-di-felicita-amodio","status":"publish","type":"post","link":"https:\/\/www.raccontinellarete.it\/?p=38776","title":{"rendered":"Premio Racconti nella Rete 2019 &#8220;Harpaxofobiadi&#8221; di Felicita Amodio"},"content":{"rendered":"\n<p> <\/p>\n\n\n\n<p>\u00c8\nesattamente cos\u00ec che mi sono sentita. <\/p>\n\n\n\n<p>Violata.\nContaminata. Oltraggiata. <\/p>\n\n\n\n<p>Vado\nalla ricerca di brandelli dell&#8217;anima mia nei cassetti riversi, nelle scatole\nrovistate, negli indumenti sparpagliati ovunque. <\/p>\n\n\n\n<p>Un\nevento cataclismico di siffatta eco, non ti spoglia solo del presente\nsaccheggiando le tue abitudini pi\u00f9 intime, i tuoi spazi, le tue sicurezze. <\/p>\n\n\n\n<p>No.\n<\/p>\n\n\n\n<p>Perch\u00e9\nti scippa del passato, dei suoi oggetti e dei suoi ricordi.<\/p>\n\n\n\n<p>Il\ntempo galoppa ed io indugio sul mio divenire, anch\u2019esso predato. <\/p>\n\n\n\n<p>Di\ngiorno, indosso l&#8217;abito migliore di un&#8217;artefatta indifferenza. Sul viso il\nmake-up del tranquillavatuttobene a celare le profonde occhiaie di notti\ninquiete. <\/p>\n\n\n\n<p>Mi\nlascio fagocitare da tutti e da tutto. Mi rimpinzo di estranee occupazioni.<\/p>\n\n\n\n<p>La\nsera, per\u00f2, lacera la maschera e mi costringe a &#8220;STARE&#8221; faccia a\nfaccia con le mie angosce ed ossessioni. <\/p>\n\n\n\n<p>Sono\ndiventata harpaxofobica. Questo disse lo specialista. <\/p>\n\n\n\n<p>Ho\npaura, cio\u00e8, di essere derubata.<\/p>\n\n\n\n<p>&#8211; <em>E di cosa? Mi hanno\npreso tutto!<\/em> \u2013 esclamai guardandomi i palmi vuoti.<\/p>\n\n\n\n<p>Finanche il sonno ristoratore, la fame, il ciclo. <\/p>\n\n\n\n<p>Tutto.<\/p>\n\n\n\n<p>E ho paura dei ladri. Soprattutto di sera. <\/p>\n\n\n\n<p>Io li vedo ovunque. Si aggirano, ancora, in questa dimora dove\nnon voglio rientrare perch\u00e9 non \u00e8 pi\u00f9 <em>casa<\/em>\n<em>mia<\/em>.<\/p>\n\n\n\n<p>Sogno\nricorrente di camminare senza meta in una fitta vegetazione. Voglio lasciare\nquel luogo doloroso ed inquietante che \u00e8 la mia casa, la mia citt\u00e0. Ho bisogno\ndi volare alto e vivere con leggerezza la mia quotidianit\u00e0. <\/p>\n\n\n\n<p>E\nmi ritrovo, allora, circondata e sopraffatta da alberi pizzuti dall&#8217;alto fusto.\nDai severi rami si diparte il lussureggiante fogliame che mi ghermisce, mi\nattanaglia e mi soffoca, mentre tento disperatamente la fuga. <\/p>\n\n\n\n<p>Vano\nogni mio sforzo. <\/p>\n\n\n\n<p>Resto\nbloccata l\u00ec.&nbsp;&nbsp; <\/p>\n\n\n\n<p>Nello\nstesso punto, ogni notte cos\u00ec. <\/p>\n\n\n\n<p>Per\nmesi.<\/p>\n\n\n\n<p>Finch\u00e9\nun giorno, un pensiero semplice balena nella mente in un micro secondo di\nlucidit\u00e0 assoluta.<\/p>\n\n\n\n<p>Sono\nsul mio scoglio preferito, annego lo sguardo nell&#8217;infinito di quel liquido\nbalsamico. <\/p>\n\n\n\n<p>Estraggo\ndalla tasca l&#8217;emozione che mi domina: la Paura.<\/p>\n\n\n\n<p>La\nposo al mio fianco e lascio che sia la penna a disseminarla nelle onde ruggenti\ndel mare d&#8217;inverno.<\/p>\n\n\n\n<p>&#8220;Caro\ndiario,<\/p>\n\n\n\n<p>mi\nchiamo Asia, ho 38 anni e sto tornando a casa&#8230;&#8221;.<\/p>\n<div class=\"pvc_clear\"><\/div><p id=\"pvc_stats_38776\" class=\"pvc_stats all  \" data-element-id=\"38776\" style=\"\"><i class=\"pvc-stats-icon medium\" aria-hidden=\"true\"><svg aria-hidden=\"true\" focusable=\"false\" data-prefix=\"far\" data-icon=\"chart-bar\" role=\"img\" xmlns=\"http:\/\/www.w3.org\/2000\/svg\" viewBox=\"0 0 512 512\" class=\"svg-inline--fa fa-chart-bar fa-w-16 fa-2x\"><path fill=\"currentColor\" d=\"M396.8 352h22.4c6.4 0 12.8-6.4 12.8-12.8V108.8c0-6.4-6.4-12.8-12.8-12.8h-22.4c-6.4 0-12.8 6.4-12.8 12.8v230.4c0 6.4 6.4 12.8 12.8 12.8zm-192 0h22.4c6.4 0 12.8-6.4 12.8-12.8V140.8c0-6.4-6.4-12.8-12.8-12.8h-22.4c-6.4 0-12.8 6.4-12.8 12.8v198.4c0 6.4 6.4 12.8 12.8 12.8zm96 0h22.4c6.4 0 12.8-6.4 12.8-12.8V204.8c0-6.4-6.4-12.8-12.8-12.8h-22.4c-6.4 0-12.8 6.4-12.8 12.8v134.4c0 6.4 6.4 12.8 12.8 12.8zM496 400H48V80c0-8.84-7.16-16-16-16H16C7.16 64 0 71.16 0 80v336c0 17.67 14.33 32 32 32h464c8.84 0 16-7.16 16-16v-16c0-8.84-7.16-16-16-16zm-387.2-48h22.4c6.4 0 12.8-6.4 12.8-12.8v-70.4c0-6.4-6.4-12.8-12.8-12.8h-22.4c-6.4 0-12.8 6.4-12.8 12.8v70.4c0 6.4 6.4 12.8 12.8 12.8z\" class=\"\"><\/path><\/svg><\/i> <img loading=\"lazy\" decoding=\"async\" width=\"16\" height=\"16\" alt=\"Loading\" src=\"https:\/\/www.raccontinellarete.it\/301\/wp-content\/plugins\/page-views-count\/ajax-loader-2x.gif\" border=0 \/><\/p><div class=\"pvc_clear\"><\/div>","protected":false},"excerpt":{"rendered":"<p>\u00c8 esattamente cos\u00ec che mi sono sentita. Violata. Contaminata. Oltraggiata. Vado alla ricerca di brandelli dell&#8217;anima mia nei cassetti riversi, nelle scatole rovistate, negli indumenti sparpagliati ovunque. Un evento cataclismico di siffatta eco, non ti spoglia solo del presente saccheggiando le tue abitudini pi\u00f9 intime, i tuoi spazi, le tue sicurezze. No. Perch\u00e9 ti scippa [&hellip;]<\/p>\n<div class=\"pvc_clear\"><\/div>\n<p id=\"pvc_stats_38776\" class=\"pvc_stats all  \" data-element-id=\"38776\" style=\"\"><i class=\"pvc-stats-icon medium\" aria-hidden=\"true\"><svg aria-hidden=\"true\" focusable=\"false\" data-prefix=\"far\" data-icon=\"chart-bar\" role=\"img\" xmlns=\"http:\/\/www.w3.org\/2000\/svg\" viewBox=\"0 0 512 512\" class=\"svg-inline--fa fa-chart-bar fa-w-16 fa-2x\"><path fill=\"currentColor\" d=\"M396.8 352h22.4c6.4 0 12.8-6.4 12.8-12.8V108.8c0-6.4-6.4-12.8-12.8-12.8h-22.4c-6.4 0-12.8 6.4-12.8 12.8v230.4c0 6.4 6.4 12.8 12.8 12.8zm-192 0h22.4c6.4 0 12.8-6.4 12.8-12.8V140.8c0-6.4-6.4-12.8-12.8-12.8h-22.4c-6.4 0-12.8 6.4-12.8 12.8v198.4c0 6.4 6.4 12.8 12.8 12.8zm96 0h22.4c6.4 0 12.8-6.4 12.8-12.8V204.8c0-6.4-6.4-12.8-12.8-12.8h-22.4c-6.4 0-12.8 6.4-12.8 12.8v134.4c0 6.4 6.4 12.8 12.8 12.8zM496 400H48V80c0-8.84-7.16-16-16-16H16C7.16 64 0 71.16 0 80v336c0 17.67 14.33 32 32 32h464c8.84 0 16-7.16 16-16v-16c0-8.84-7.16-16-16-16zm-387.2-48h22.4c6.4 0 12.8-6.4 12.8-12.8v-70.4c0-6.4-6.4-12.8-12.8-12.8h-22.4c-6.4 0-12.8 6.4-12.8 12.8v70.4c0 6.4 6.4 12.8 12.8 12.8z\" class=\"\"><\/path><\/svg><\/i> <img loading=\"lazy\" decoding=\"async\" width=\"16\" height=\"16\" alt=\"Loading\" src=\"https:\/\/www.raccontinellarete.it\/301\/wp-content\/plugins\/page-views-count\/ajax-loader-2x.gif\" border=0 \/><\/p>\n<div class=\"pvc_clear\"><\/div>\n","protected":false},"author":19237,"featured_media":0,"comment_status":"open","ping_status":"closed","sticky":false,"template":"","format":"standard","meta":{"footnotes":""},"categories":[532],"tags":[],"class_list":["post-38776","post","type-post","status-publish","format-standard","hentry","category-premio-racconti-nella-rete-2019"],"_links":{"self":[{"href":"https:\/\/www.raccontinellarete.it\/index.php?rest_route=\/wp\/v2\/posts\/38776"}],"collection":[{"href":"https:\/\/www.raccontinellarete.it\/index.php?rest_route=\/wp\/v2\/posts"}],"about":[{"href":"https:\/\/www.raccontinellarete.it\/index.php?rest_route=\/wp\/v2\/types\/post"}],"author":[{"embeddable":true,"href":"https:\/\/www.raccontinellarete.it\/index.php?rest_route=\/wp\/v2\/users\/19237"}],"replies":[{"embeddable":true,"href":"https:\/\/www.raccontinellarete.it\/index.php?rest_route=%2Fwp%2Fv2%2Fcomments&post=38776"}],"version-history":[{"count":2,"href":"https:\/\/www.raccontinellarete.it\/index.php?rest_route=\/wp\/v2\/posts\/38776\/revisions"}],"predecessor-version":[{"id":38799,"href":"https:\/\/www.raccontinellarete.it\/index.php?rest_route=\/wp\/v2\/posts\/38776\/revisions\/38799"}],"wp:attachment":[{"href":"https:\/\/www.raccontinellarete.it\/index.php?rest_route=%2Fwp%2Fv2%2Fmedia&parent=38776"}],"wp:term":[{"taxonomy":"category","embeddable":true,"href":"https:\/\/www.raccontinellarete.it\/index.php?rest_route=%2Fwp%2Fv2%2Fcategories&post=38776"},{"taxonomy":"post_tag","embeddable":true,"href":"https:\/\/www.raccontinellarete.it\/index.php?rest_route=%2Fwp%2Fv2%2Ftags&post=38776"}],"curies":[{"name":"wp","href":"https:\/\/api.w.org\/{rel}","templated":true}]}}