{"id":38609,"date":"2019-05-15T21:52:08","date_gmt":"2019-05-15T20:52:08","guid":{"rendered":"http:\/\/www.raccontinellarete.it\/?p=38609"},"modified":"2019-05-15T21:52:11","modified_gmt":"2019-05-15T20:52:11","slug":"premio-racconti-nella-rete-2019-la-fuori-di-sandra-salvini","status":"publish","type":"post","link":"https:\/\/www.raccontinellarete.it\/?p=38609","title":{"rendered":"Premio Racconti nella Rete 2019 &#8220;L\u00e0 fuori&#8221; di Sandra Salvini"},"content":{"rendered":"\n<p><br><\/p>\n\n\n\n<p>Sono una che osserva. Trascorro la mia vita presso una\nfinestra da cui non mi sporgo. <\/p>\n\n\n\n<p>La finestra \u00e8 spaziosa, con due ampi pannelli di\nvetro, a specchio; io vedo l\u2019esterno ma l\u2019esterno non vede me. <\/p>\n\n\n\n<p>La finestra non ha tende, cos\u00ec osservo meglio, osservo\ntutto.<\/p>\n\n\n\n<p>Io vivo qua dentro, dietro la finestra, quasi non\ntocco il davanzale. <\/p>\n\n\n\n<p>Non la chiudo mai. <\/p>\n\n\n\n<p>La finestra d\u00e0 su una grande piazza in questa citt\u00e0\nrinascimentale. I colori sembrano ancora essere quelli di un tempo, pi\u00f9 sfumati\nper\u00f2. Il tempo non si \u00e8 accanito su questi palazzi, li ha lasciati sopravvivere\nnella loro bellezza.<\/p>\n\n\n\n<p>Anche la mia stanza \u00e8 spaziosa, elegante e porta\nanch\u2019essa i segni di un passato fastoso. Respiro questa atmosfera, ogni giorno.<\/p>\n\n\n\n<p>L\u00e0 fuori il mondo si muove, si agita, stabilisce\nobiettivi, lotta, fallisce, soffre.<\/p>\n\n\n\n<p>Io resto qua, delimitata dalle mie pareti. <\/p>\n\n\n\n<p>Alle spalle della finestra ci sono i resti di una\ncarta da parati dove \u00e8 raffigurato un giardino, dei fiori, anch\u2019essi un poco\nsbiaditi.<\/p>\n\n\n\n<p>Sono le mie frontiere; la natura immobile su un muro\nalle spalle, la gente, la banale vita, di fronte.<\/p>\n\n\n\n<p>Io vivo in mezzo; non mi lascio contaminare, osservo.<\/p>\n\n\n\n<p>Scelgo qualcuno l\u00e0 fuori di cui cogliere i gesti, gli\natti ripetuti. Non \u00e8 necessario che sia qualcuno con qualche singolarit\u00e0; \u00e8\nsufficiente una donna, una madre che ogni mattina accompagna il figlio a scuola\ne poi strappa un momento per s\u00e9, prima di recarsi al lavoro. Magari passa di\nnuovo il rossetto, furtivamente, o lancia uno sguardo a se stessa nella prima\nvetrina che incrocia.<\/p>\n\n\n\n<p>Io immagino il suo procedere, il suo \u201coltre\u201d, quando\nil mio sguardo non \u00e8 pi\u00f9 in grado di seguirla, di avvicinarla. La cerco poi\nall\u2019indomani, sempre con lo sguardo. Creo un legame, un\u2019emozione di attesa.<\/p>\n\n\n\n<p>Se piove lascio entrare la pioggia nella stanza; la\nfinestra \u00e8 il mio passaggio, il mio percorso immaginario verso l\u2019esterno. <\/p>\n\n\n\n<p>Io non esco, non esco mai. Sono un punto fermo,\nl\u2019osservatore intorno a cui ruota la vita l\u00e0 fuori. Qui ho messo radici. Pu\u00f2\nsembrare una rinuncia alla vita ma per me non lo \u00e8. Anzi, \u00e8 il massimo che un\nosservatore come me pu\u00f2 augurarsi. Non vado in cerca, \u00e8 il mondo che si offre a\nme, ogni giorno. Il mio equilibrio \u00e8 dato nell\u2019osservare con precisione, nel\ncogliere ogni piccola variazione, ogni dettaglio, ogni ombra di mutamento.<\/p>\n\n\n\n<p>La cornice di questa finestra ritaglia ogni immagine\nche si pone al mio sguardo instancabile.<\/p>\n\n\n\n<p>Io vivo di questi frammenti che pur reali si\nricompongono nel mio immaginario sovrapponendosi alla vita che io non ho\nvissuto, n\u00e9 vivo. Tuttavia, cos\u00ec facendo, io posso vivere tutte le loro vite, i\nloro amori, i lori cambi di scena.<\/p>\n\n\n\n<p>La bionda donna, per esempio, che da anni vedo passare\ndall\u2019altro lato della strada, sempre con il capo chino, pesante e con passo\nincerto che io colgo nel modo in cui pone il piede destro, con una lieve pausa\nprima di appoggiarlo a terra; la terra che si \u00e8 fatta pietra dura sotto i suoi\npassi, ancora timorosi di calpestarlo; con il suo cappotto ormai d\u00e9mod\u00e9 ma che\ndignitosamente indossa, alzando il bavero quando il freddo si fa pi\u00f9 pungente.<\/p>\n\n\n\n<p>Osservo ogni suo gesto, anche impercettibile, ma al\nmio occhio esperto non lo \u00e8. E\u2019 uno sguardo da cecchino il mio e la piazza \u00e8 un\npuzzle dove compongo e scompongo la vita.<\/p>\n\n\n\n<p>Non giudico, non commento, non anelo. Osservo e basta.\nHo affinato questa mia modalit\u00e0 quando ho percepito e poi sentito fortemente\nche per me l\u00e0 fuori nel mondo, oltre la piazza non c\u2019era spazio.<\/p>\n\n\n\n<p>Troppe le domande a cui nessuno avrebbe dato ascolto,\nn\u00e9 risposto.<\/p>\n\n\n\n<p>Troppi i compromessi che avrei dovuto accettare, le\nbugie che avrei dovuto dire.<\/p>\n\n\n\n<p>Troppa la delusione e la fatica.<\/p>\n\n\n\n<p>Lo stare alla finestra mi \u00e8 parsa una prospettiva\ninsolita che mi consentiva di non rinunciare completamente alla vita, forse\nl\u2019unica prospettiva per me.<\/p>\n\n\n\n<p>Mi sono cos\u00ec liberata degli \u2018<em>avrei potuto\u2019 <\/em>e<em> \u2018avrei\ndovuto\u2019<\/em>; ho dato spazio alla mia immaginazione, mi sono tirata fuori dagli\nschemi e dalle aspettative, le mie e quelle altrui. <\/p>\n\n\n\n<p>Ogni giorno, scegliendo una persona diversa, ho\nimmaginato per me e talvolta per la persona osservata una vita diversa, atti di\ncoraggio talvolta difficili da mettere in atto, abbandoni e nuovi incontri. <\/p>\n\n\n\n<p>Mi sono rinnovata ogni giorno, cambiando nome,\nnazionalit\u00e0, colore della pelle.<\/p>\n\n\n\n<p>Sono stata sempre libera di scegliere chi volessi\nessere o diventare: nessun ostacolo, nessuna barriera insormontabile.<\/p>\n\n\n\n<p>Avevo l\u2019universo dentro di me da dispiegare, qui alla\nmia finestra di fronte a\u2026 <\/p>\n\n\n\n<p>L\u00e0 fuori. <\/p>\n<div class=\"pvc_clear\"><\/div><p id=\"pvc_stats_38609\" class=\"pvc_stats all  \" data-element-id=\"38609\" style=\"\"><i class=\"pvc-stats-icon medium\" aria-hidden=\"true\"><svg aria-hidden=\"true\" focusable=\"false\" data-prefix=\"far\" data-icon=\"chart-bar\" role=\"img\" xmlns=\"http:\/\/www.w3.org\/2000\/svg\" viewBox=\"0 0 512 512\" class=\"svg-inline--fa fa-chart-bar fa-w-16 fa-2x\"><path fill=\"currentColor\" d=\"M396.8 352h22.4c6.4 0 12.8-6.4 12.8-12.8V108.8c0-6.4-6.4-12.8-12.8-12.8h-22.4c-6.4 0-12.8 6.4-12.8 12.8v230.4c0 6.4 6.4 12.8 12.8 12.8zm-192 0h22.4c6.4 0 12.8-6.4 12.8-12.8V140.8c0-6.4-6.4-12.8-12.8-12.8h-22.4c-6.4 0-12.8 6.4-12.8 12.8v198.4c0 6.4 6.4 12.8 12.8 12.8zm96 0h22.4c6.4 0 12.8-6.4 12.8-12.8V204.8c0-6.4-6.4-12.8-12.8-12.8h-22.4c-6.4 0-12.8 6.4-12.8 12.8v134.4c0 6.4 6.4 12.8 12.8 12.8zM496 400H48V80c0-8.84-7.16-16-16-16H16C7.16 64 0 71.16 0 80v336c0 17.67 14.33 32 32 32h464c8.84 0 16-7.16 16-16v-16c0-8.84-7.16-16-16-16zm-387.2-48h22.4c6.4 0 12.8-6.4 12.8-12.8v-70.4c0-6.4-6.4-12.8-12.8-12.8h-22.4c-6.4 0-12.8 6.4-12.8 12.8v70.4c0 6.4 6.4 12.8 12.8 12.8z\" class=\"\"><\/path><\/svg><\/i> <img loading=\"lazy\" decoding=\"async\" width=\"16\" height=\"16\" alt=\"Loading\" src=\"https:\/\/www.raccontinellarete.it\/301\/wp-content\/plugins\/page-views-count\/ajax-loader-2x.gif\" border=0 \/><\/p><div class=\"pvc_clear\"><\/div>","protected":false},"excerpt":{"rendered":"<p>Sono una che osserva. Trascorro la mia vita presso una finestra da cui non mi sporgo. La finestra \u00e8 spaziosa, con due ampi pannelli di vetro, a specchio; io vedo l\u2019esterno ma l\u2019esterno non vede me. La finestra non ha tende, cos\u00ec osservo meglio, osservo tutto. Io vivo qua dentro, dietro la finestra, quasi non [&hellip;]<\/p>\n<div class=\"pvc_clear\"><\/div>\n<p id=\"pvc_stats_38609\" class=\"pvc_stats all  \" data-element-id=\"38609\" style=\"\"><i class=\"pvc-stats-icon medium\" aria-hidden=\"true\"><svg aria-hidden=\"true\" focusable=\"false\" data-prefix=\"far\" data-icon=\"chart-bar\" role=\"img\" xmlns=\"http:\/\/www.w3.org\/2000\/svg\" viewBox=\"0 0 512 512\" class=\"svg-inline--fa fa-chart-bar fa-w-16 fa-2x\"><path fill=\"currentColor\" d=\"M396.8 352h22.4c6.4 0 12.8-6.4 12.8-12.8V108.8c0-6.4-6.4-12.8-12.8-12.8h-22.4c-6.4 0-12.8 6.4-12.8 12.8v230.4c0 6.4 6.4 12.8 12.8 12.8zm-192 0h22.4c6.4 0 12.8-6.4 12.8-12.8V140.8c0-6.4-6.4-12.8-12.8-12.8h-22.4c-6.4 0-12.8 6.4-12.8 12.8v198.4c0 6.4 6.4 12.8 12.8 12.8zm96 0h22.4c6.4 0 12.8-6.4 12.8-12.8V204.8c0-6.4-6.4-12.8-12.8-12.8h-22.4c-6.4 0-12.8 6.4-12.8 12.8v134.4c0 6.4 6.4 12.8 12.8 12.8zM496 400H48V80c0-8.84-7.16-16-16-16H16C7.16 64 0 71.16 0 80v336c0 17.67 14.33 32 32 32h464c8.84 0 16-7.16 16-16v-16c0-8.84-7.16-16-16-16zm-387.2-48h22.4c6.4 0 12.8-6.4 12.8-12.8v-70.4c0-6.4-6.4-12.8-12.8-12.8h-22.4c-6.4 0-12.8 6.4-12.8 12.8v70.4c0 6.4 6.4 12.8 12.8 12.8z\" class=\"\"><\/path><\/svg><\/i> <img loading=\"lazy\" decoding=\"async\" width=\"16\" height=\"16\" alt=\"Loading\" src=\"https:\/\/www.raccontinellarete.it\/301\/wp-content\/plugins\/page-views-count\/ajax-loader-2x.gif\" border=0 \/><\/p>\n<div class=\"pvc_clear\"><\/div>\n","protected":false},"author":19208,"featured_media":0,"comment_status":"open","ping_status":"closed","sticky":false,"template":"","format":"standard","meta":{"footnotes":""},"categories":[532],"tags":[],"class_list":["post-38609","post","type-post","status-publish","format-standard","hentry","category-premio-racconti-nella-rete-2019"],"_links":{"self":[{"href":"https:\/\/www.raccontinellarete.it\/index.php?rest_route=\/wp\/v2\/posts\/38609"}],"collection":[{"href":"https:\/\/www.raccontinellarete.it\/index.php?rest_route=\/wp\/v2\/posts"}],"about":[{"href":"https:\/\/www.raccontinellarete.it\/index.php?rest_route=\/wp\/v2\/types\/post"}],"author":[{"embeddable":true,"href":"https:\/\/www.raccontinellarete.it\/index.php?rest_route=\/wp\/v2\/users\/19208"}],"replies":[{"embeddable":true,"href":"https:\/\/www.raccontinellarete.it\/index.php?rest_route=%2Fwp%2Fv2%2Fcomments&post=38609"}],"version-history":[{"count":2,"href":"https:\/\/www.raccontinellarete.it\/index.php?rest_route=\/wp\/v2\/posts\/38609\/revisions"}],"predecessor-version":[{"id":38704,"href":"https:\/\/www.raccontinellarete.it\/index.php?rest_route=\/wp\/v2\/posts\/38609\/revisions\/38704"}],"wp:attachment":[{"href":"https:\/\/www.raccontinellarete.it\/index.php?rest_route=%2Fwp%2Fv2%2Fmedia&parent=38609"}],"wp:term":[{"taxonomy":"category","embeddable":true,"href":"https:\/\/www.raccontinellarete.it\/index.php?rest_route=%2Fwp%2Fv2%2Fcategories&post=38609"},{"taxonomy":"post_tag","embeddable":true,"href":"https:\/\/www.raccontinellarete.it\/index.php?rest_route=%2Fwp%2Fv2%2Ftags&post=38609"}],"curies":[{"name":"wp","href":"https:\/\/api.w.org\/{rel}","templated":true}]}}