{"id":38588,"date":"2019-05-10T16:09:38","date_gmt":"2019-05-10T15:09:38","guid":{"rendered":"http:\/\/www.raccontinellarete.it\/?p=38588"},"modified":"2019-05-10T16:09:41","modified_gmt":"2019-05-10T15:09:41","slug":"libri-e-digitale-si-rafforza-la-collaborazione-tra-aidr-ed-il-premio-racconti-nella-rete","status":"publish","type":"post","link":"https:\/\/www.raccontinellarete.it\/?p=38588","title":{"rendered":"Libri e digitale, si rafforza la collaborazione tra Aidr ed il premio Racconti nella Rete"},"content":{"rendered":"\n<figure class=\"wp-block-image\"><img loading=\"lazy\" decoding=\"async\" width=\"960\" height=\"639\" src=\"https:\/\/www.raccontinellarete.it\/301\/wp-content\/uploads\/2019\/05\/premiazione-Nicastri-AIDR.jpg\" alt=\"\" class=\"wp-image-38589\" srcset=\"https:\/\/www.raccontinellarete.it\/301\/wp-content\/uploads\/2019\/05\/premiazione-Nicastri-AIDR.jpg 960w, https:\/\/www.raccontinellarete.it\/301\/wp-content\/uploads\/2019\/05\/premiazione-Nicastri-AIDR-344x229.jpg 344w, https:\/\/www.raccontinellarete.it\/301\/wp-content\/uploads\/2019\/05\/premiazione-Nicastri-AIDR-768x511.jpg 768w\" sizes=\"(max-width: 960px) 100vw, 960px\" \/><\/figure>\n\n\n\n<p>Il digitale al servizio della letteratura, il web come supporto al libro tradizionale di carta. \u00c8 un connubio possibile, di certo stimolante, quello che lega due mondi in teoria distanti anni luce tra loro. Lo testimonia il rapporto di collaborazione molto stretto che unisce gi\u00e0 l\u2019Aidr (Associazione italian digital revolution) al festival LuccAutori, rassegna letteraria organizzata dall\u2019omonima associazione diretta da Demetrio Brandi, che si svolger\u00e0 nella citt\u00e0 delle mura dal 20 settembre al 6 ottobre prossimi. Un\u2019intesa che si manifester\u00e0 con la donazione di un tablet, da parte di Aidr \u2013 che verr\u00e0 consegnato nel corso del festival \u2013 al pi\u00f9 giovane vincitore della diciottesima edizione del premio letterario Racconti nella Rete.<\/p>\n\n\n\n<p>\u201cGrazie alle nuove tecnologie \u2013 afferma Mauro Nicastri, dell\u2019Agenzia per l\u2019Italia Digitale e presidente dell\u2019Aidr \u2013 la cultura \u00e8 cambiata. Con l\u2019avvento dell\u2019informatica e di Internet, come dimostra ormai da tempo il premio \u2018Racconti nella Rete\u2019, ci sono pi\u00f9 spazi e soprattutto esigenze diverse. E quindi, con questo piccolo gesto, il nostro auspicio \u00e8 di contribuire a favorire la digitalizzazione della societ\u00e0 e a coltivare un\u2019idea di cultura pi\u00f9 evoluta che possa coinvolgere tutti\u201d.<\/p>\n\n\n\n<p>Domani, sabato 11 maggio, il premio Racconti nella Rete verr\u00e0 presentato al Salone del libro di Torino. Per partecipare, basta inviare un racconto inedito entro il 31 maggio a www.raccontinellarete.it.<\/p>\n<div class=\"pvc_clear\"><\/div><p id=\"pvc_stats_38588\" class=\"pvc_stats all  \" data-element-id=\"38588\" style=\"\"><i class=\"pvc-stats-icon medium\" aria-hidden=\"true\"><svg aria-hidden=\"true\" focusable=\"false\" data-prefix=\"far\" data-icon=\"chart-bar\" role=\"img\" xmlns=\"http:\/\/www.w3.org\/2000\/svg\" viewBox=\"0 0 512 512\" class=\"svg-inline--fa fa-chart-bar fa-w-16 fa-2x\"><path fill=\"currentColor\" d=\"M396.8 352h22.4c6.4 0 12.8-6.4 12.8-12.8V108.8c0-6.4-6.4-12.8-12.8-12.8h-22.4c-6.4 0-12.8 6.4-12.8 12.8v230.4c0 6.4 6.4 12.8 12.8 12.8zm-192 0h22.4c6.4 0 12.8-6.4 12.8-12.8V140.8c0-6.4-6.4-12.8-12.8-12.8h-22.4c-6.4 0-12.8 6.4-12.8 12.8v198.4c0 6.4 6.4 12.8 12.8 12.8zm96 0h22.4c6.4 0 12.8-6.4 12.8-12.8V204.8c0-6.4-6.4-12.8-12.8-12.8h-22.4c-6.4 0-12.8 6.4-12.8 12.8v134.4c0 6.4 6.4 12.8 12.8 12.8zM496 400H48V80c0-8.84-7.16-16-16-16H16C7.16 64 0 71.16 0 80v336c0 17.67 14.33 32 32 32h464c8.84 0 16-7.16 16-16v-16c0-8.84-7.16-16-16-16zm-387.2-48h22.4c6.4 0 12.8-6.4 12.8-12.8v-70.4c0-6.4-6.4-12.8-12.8-12.8h-22.4c-6.4 0-12.8 6.4-12.8 12.8v70.4c0 6.4 6.4 12.8 12.8 12.8z\" class=\"\"><\/path><\/svg><\/i> <img loading=\"lazy\" decoding=\"async\" width=\"16\" height=\"16\" alt=\"Loading\" src=\"https:\/\/www.raccontinellarete.it\/301\/wp-content\/plugins\/page-views-count\/ajax-loader-2x.gif\" border=0 \/><\/p><div class=\"pvc_clear\"><\/div>","protected":false},"excerpt":{"rendered":"<p>Il digitale al servizio della letteratura, il web come supporto al libro tradizionale di carta. \u00c8 un connubio possibile, di certo stimolante, quello che lega due mondi in teoria distanti anni luce tra loro. Lo testimonia il rapporto di collaborazione molto stretto che unisce gi\u00e0 l\u2019Aidr (Associazione italian digital revolution) al festival LuccAutori, rassegna letteraria [&hellip;]<\/p>\n<div class=\"pvc_clear\"><\/div>\n<p id=\"pvc_stats_38588\" class=\"pvc_stats all  \" data-element-id=\"38588\" style=\"\"><i class=\"pvc-stats-icon medium\" aria-hidden=\"true\"><svg aria-hidden=\"true\" focusable=\"false\" data-prefix=\"far\" data-icon=\"chart-bar\" role=\"img\" xmlns=\"http:\/\/www.w3.org\/2000\/svg\" viewBox=\"0 0 512 512\" class=\"svg-inline--fa fa-chart-bar fa-w-16 fa-2x\"><path fill=\"currentColor\" d=\"M396.8 352h22.4c6.4 0 12.8-6.4 12.8-12.8V108.8c0-6.4-6.4-12.8-12.8-12.8h-22.4c-6.4 0-12.8 6.4-12.8 12.8v230.4c0 6.4 6.4 12.8 12.8 12.8zm-192 0h22.4c6.4 0 12.8-6.4 12.8-12.8V140.8c0-6.4-6.4-12.8-12.8-12.8h-22.4c-6.4 0-12.8 6.4-12.8 12.8v198.4c0 6.4 6.4 12.8 12.8 12.8zm96 0h22.4c6.4 0 12.8-6.4 12.8-12.8V204.8c0-6.4-6.4-12.8-12.8-12.8h-22.4c-6.4 0-12.8 6.4-12.8 12.8v134.4c0 6.4 6.4 12.8 12.8 12.8zM496 400H48V80c0-8.84-7.16-16-16-16H16C7.16 64 0 71.16 0 80v336c0 17.67 14.33 32 32 32h464c8.84 0 16-7.16 16-16v-16c0-8.84-7.16-16-16-16zm-387.2-48h22.4c6.4 0 12.8-6.4 12.8-12.8v-70.4c0-6.4-6.4-12.8-12.8-12.8h-22.4c-6.4 0-12.8 6.4-12.8 12.8v70.4c0 6.4 6.4 12.8 12.8 12.8z\" class=\"\"><\/path><\/svg><\/i> <img loading=\"lazy\" decoding=\"async\" width=\"16\" height=\"16\" alt=\"Loading\" src=\"https:\/\/www.raccontinellarete.it\/301\/wp-content\/plugins\/page-views-count\/ajax-loader-2x.gif\" border=0 \/><\/p>\n<div class=\"pvc_clear\"><\/div>\n","protected":false},"author":3,"featured_media":38589,"comment_status":"open","ping_status":"closed","sticky":false,"template":"","format":"standard","meta":{"footnotes":""},"categories":[87,543,5],"tags":[],"class_list":["post-38588","post","type-post","status-publish","format-standard","has-post-thumbnail","hentry","category-comunicato-stampa","category-forum-di-racconti-nella-rete","category-racconti-nella-rete"],"_links":{"self":[{"href":"https:\/\/www.raccontinellarete.it\/index.php?rest_route=\/wp\/v2\/posts\/38588"}],"collection":[{"href":"https:\/\/www.raccontinellarete.it\/index.php?rest_route=\/wp\/v2\/posts"}],"about":[{"href":"https:\/\/www.raccontinellarete.it\/index.php?rest_route=\/wp\/v2\/types\/post"}],"author":[{"embeddable":true,"href":"https:\/\/www.raccontinellarete.it\/index.php?rest_route=\/wp\/v2\/users\/3"}],"replies":[{"embeddable":true,"href":"https:\/\/www.raccontinellarete.it\/index.php?rest_route=%2Fwp%2Fv2%2Fcomments&post=38588"}],"version-history":[{"count":1,"href":"https:\/\/www.raccontinellarete.it\/index.php?rest_route=\/wp\/v2\/posts\/38588\/revisions"}],"predecessor-version":[{"id":38592,"href":"https:\/\/www.raccontinellarete.it\/index.php?rest_route=\/wp\/v2\/posts\/38588\/revisions\/38592"}],"wp:featuredmedia":[{"embeddable":true,"href":"https:\/\/www.raccontinellarete.it\/index.php?rest_route=\/wp\/v2\/media\/38589"}],"wp:attachment":[{"href":"https:\/\/www.raccontinellarete.it\/index.php?rest_route=%2Fwp%2Fv2%2Fmedia&parent=38588"}],"wp:term":[{"taxonomy":"category","embeddable":true,"href":"https:\/\/www.raccontinellarete.it\/index.php?rest_route=%2Fwp%2Fv2%2Fcategories&post=38588"},{"taxonomy":"post_tag","embeddable":true,"href":"https:\/\/www.raccontinellarete.it\/index.php?rest_route=%2Fwp%2Fv2%2Ftags&post=38588"}],"curies":[{"name":"wp","href":"https:\/\/api.w.org\/{rel}","templated":true}]}}