{"id":38397,"date":"2019-05-08T21:04:57","date_gmt":"2019-05-08T20:04:57","guid":{"rendered":"http:\/\/www.raccontinellarete.it\/?p=38397"},"modified":"2019-06-04T09:46:23","modified_gmt":"2019-06-04T08:46:23","slug":"premio-racconti-nella-rete-2019-archistar-di-andrea-perina","status":"publish","type":"post","link":"https:\/\/www.raccontinellarete.it\/?p=38397","title":{"rendered":"Premio Racconti nella Rete 2019 &#8220;Archistar&#8221; di Andrea Perina"},"content":{"rendered":"\n<p>Aaron\nRosenbaum si scost\u00f2 il ciuffo bianco dagli occhi, mentre sull&#8217;ultimo\nmattone della sua nuova creazione apponeva il suo logo, una rosa\ncircondata dal filo spinato, in onore dei propri parenti morti ad\nAuschwitz. Era stata una gran fatica, quella mega-villa sulla\ncollina che dominava la pianura del Giordano; lavorare a 40 gradi\nall&#8217;ombra non era stato uno scherzo, e lui non era pi\u00f9 un giovanotto\nda un pezzo. Inoltre, quegli scansafatiche straccioni avevano\navanzato pretese, e lui detestava le discussioni: aveva accettato di\nconcedere loro l&#8217;aumento richiesto, pur di levarseli di torno. Ci\u00f2\nera contrario alle direttive del governo, ma Aaron aveva il doppio\npassaporto, e sapeva quando far valere la sua nazionalit\u00e0 a stelle e\nstrisce.<\/p>\n\n\n\n<ul class=\"wp-block-list\"><li>Maestro,\n\tsi pu\u00f2 mettere in posa l\u00e0, per favore? &#8211; il fotografo di Vogue lo\n\ttrattava come un semidio, e questo lo faceva sentire\n\tbene.\n\t<\/li><li>Appoggiato\n\talla colonna, cos\u00ec?\n\t<\/li><li>Cos\u00ec\n\t\u00e8 perfetto, Maestro \u2013 il fotografo annu\u00ec in modo esagerato; ad\n\tAaron ricord\u00f2 di quando aveva assistito ad un servizio di quella\n\tche sarebbe diventata la sua terza moglie, e di come se ne fosse\n\tinnamorato proprio in quell&#8217;occasione. Ora per\u00f2 la star era lui.\n<\/li><\/ul>\n\n\n\n<p>Finito\nil servizio fotografico e tornato nella sede di Gerusalemme Ovest,\nc&#8217;era l&#8217;intervista; Aaron amava parlare in pubblico, era un\ninsegnante molto apprezzato, tuttavia le interviste lo mettevano a\ndisagio, specialmente quelle che volevano ficcare il naso nella sua\nvita privata. Come tutti, aveva una pagina facebook, un profilo\ntwitter ed uno instagram nel quale fotografava le proprie opere, ma\ntutto ci\u00f2 era a scopo promozionale, e i suoi familiari non\ncomparivano quasi mai.<\/p>\n\n\n\n<p>Per\nfortuna, sembrava che Betsy Krawitz, del Haaretz, avesse altre\ncuriosit\u00e0: &#8211; Maestro, come ci si sente ad essere il pi\u00f9 grande\narchitetto vivente? &#8211; chiese senza molta originalit\u00e0.<\/p>\n\n\n\n<ul class=\"wp-block-list\"><li>Bene,\n\tcos\u00ec almeno dice il mio medico di fiducia \u2013 rispose lui,\n\tsardonico.\n<\/li><\/ul>\n\n\n\n<p>Dopo una\nrisatina, Betsy prosegu\u00ec: &#8211; Qual \u00e8 stata l&#8217;idea per il progetto del\ncastillo?<\/p>\n\n\n\n<p>Aaron\naggrott\u00f2 la fronte, sentendo quella parola: &#8211; Non so chi ha avuto\nl&#8217;idea di battezzare cos\u00ec la mia creazione, che per me \u00e8 e rimarr\u00e0\n\u201cvilla sulla collina\u201d. Il ministro Liebermann mi ha dato\nl&#8217;incarico di costruirgli una casa di 1500 metri quadrati con\npiscina, e io ho eseguito.<\/p>\n\n\n\n<ul class=\"wp-block-list\"><li>S\u00ec,\n\tMaestro, per\u00f2 deve convenire che \u00e8 una villa molto sui generis.\n<\/li><\/ul>\n\n\n\n<p>Aaron\ntrasal\u00ec a quell&#8217;espressione latina (voleva sempre essere lui a\nimpressionare l&#8217;interlocutore con citazioni colte, non il contrario):\n&#8211; Bisogna considerare il territorio sul quale sorge la casa, che\npresenta caratteristiche particolari.<\/p>\n\n\n\n<ul class=\"wp-block-list\"><li>Quindi\n\tsecondo lei le due torrette di avvistamento con nidi di\n\tmitragliatrici non stonerebbero, col resto della villa?\n<\/li><\/ul>\n\n\n\n<p>Aaron\nalz\u00f2 le spalle: &#8211; Le notizie sugli ultimi attentati non me le sono\ninventate. Comunque, oltre alle torrette, ci sono altre novit\u00e0 \u2013 e\nBetsy si fece pi\u00f9 attenta \u2013 ad esempio, la cupola esposta a sud,\naccanto al giardino, ospita un piccolo radar per captare missili o\ndroni ad alta quota, mentre quel basamento accanto alla piscina\ncontiene una batteria di lanciarazzi. Ovviamente, lungo tutto il\nperimetro, vi sono sensori di movimento sempre attivi.<\/p>\n\n\n\n<ul class=\"wp-block-list\"><li>E&#8217;\n\tfantastico \u2013 convenne la giornalista \u2013 ma perch\u00e9 mi sta dicendo\n\ttutto questo? Non sono forse informazioni riservate?\n\t<\/li><li>No,\n\taffatto; il ministro anzi ci tiene a far sapere che la sua nuova\n\tmagione \u00e8 ben difesa ed ogni malintenzionato \u00e8 quindi avvisato.\n\tOgni tentativo di turbare la tranquillit\u00e0 del ministro sar\u00e0 punita\n\tduramente.\n\t<\/li><li>Bene,\n\tMaestro. Ed ora passiamo alla nuova commissione del governo&#8230;\n\t<\/li><li>Ah,\n\ts\u00ec, lei intende il nuovo autodromo?\n\t<\/li><li>Certamente.\n\tMi conferma che avete deciso dove costruirlo?\n\t<\/li><li>Dopo\n\tvarie e attente consultazioni, \u00e8 stato scelto il sito di\n\tGerusalemme Est. Sar\u00e0 un tracciato molto simile a quello di Monza\n\t(in Italia), e ci\u00e8 non \u00e8 casuale visto che la FIA ha deciso di\n\talternare il Gran Premio d&#8217;Italia con quello di Israele.\n\t<\/li><li>E\n\tgli italiani cos&#8217;hanno detto?\n\t<\/li><li>Si\n\tsono detti molto lusingati del fatto che un&#8217;archistar come il\n\tsottoscritto abbia deciso di copiare proprio il tracciato di un loro\n\tcircuito. D&#8217;altra parte, io ho un debito di riconoscenza con quella\n\tnazione. Come forse lei sa, ho insegnato per anni alla facolt\u00e0 di\n\tarchitettura di Roma e ho progettato l&#8217;ampliamento della stazione\n\tTermini.\n\t<\/li><li>Ne\n\tero a conoscenza \u2013 convenne Betsy \u2013 a questo proposito, ha\n\tqualche commento sui recenti disordini di Roma nati proprio nella\n\tparte costruita da poco della stazione?\n<\/li><\/ul>\n\n\n\n<p>Aaron\nesit\u00f2 un attimo, poi prosegu\u00ec: &#8211; Se si riferisce alle leggi\nspeciali approvate con urgenza in seguito alla Sommossa di Roma, sono\novviamente d&#8217;accordo che qualcosa andava fatto, per evitare il\nripetersi di questi fatti incresciosi.<\/p>\n\n\n\n<ul class=\"wp-block-list\"><li>Veramente\n\tio mi riferivo all&#8217;accusa rivolta verso di lei da alcuni esponenti\n\tdell&#8217;opposizione, secondo la quale la Nuova Termini avrebbe favorito\n\tgli scontri etnici \u2013 il tono di Betsy era improvvisamente\n\tcambiato, sembrava inquisitorio.\n<\/li><\/ul>\n\n\n\n<p>Asciugandosi\nuna goccia di sudore (l&#8217;aria condizionata funzionava male,\naccidenti!), Aaron rispose, molto infastidito: &#8211; Speculazioni\ninsensate, io sono un architetto. Punto e basta.<\/p>\n\n\n\n<ul class=\"wp-block-list\"><li>Torniamo\n\tal nuovo circuito. Vi aspettate qualche voce contraria da parte\n\tpalestinese per la scelta del sito?\n\t<\/li><li>Voci\n\tcontrarie ci sono e ci saranno sempre \u2013 fece Aaron con una smorfia\n\t\u2013 ma il sindaco di Gerusalemme Est si \u00e8 detto d&#8217;accordo con noi\n\tche l&#8217;autodromo sar\u00e0 un motivo di orgoglio anche per la popolazione\n\taraba.\n\t<\/li><li>Per\u00f2\n\tnessun palestinese vi potr\u00e0 accedere, durante le manifestazioni \u2013\n\taccenn\u00f2 la giornalista.\n\t<\/li><li>Ovviamente\n\tno, nessuno vuole il rischio di attentati, sarebbe una pessima\n\tpubblicit\u00e0 per tutti. Se i palestinesi vorranno, potranno vederlo\n\tin tv.\n<\/li><\/ul>\n\n\n\n<p>*<\/p>\n\n\n\n<p>L&#8217;intervista\nera stata pi\u00f9 faticosa del previsto; anzich\u00e9 rilassarsi, apr\u00ec\nl&#8217;agenda del suo smartphone. C&#8217;erano cinque messaggi della segreteria\ndel suo studio di Manhattan, e ognuno aveva la stessa richiesta. A\nquanto pareva, il suo \u201ccastillo\u201d (avrebbe dovuto rassegnarsi,\normai tutti lo chiamavano cos\u00ec) aveva avuto un successone presso\ntutti i super-ricchi del mondo. Cardoso dal Brasile, Zhu dalla Cina,\nMalenkov dalla Russia; Palos voleva addirittura installare una\ncentrale di droni da sorveglianza e combattimento al posto della sua\npalestra, nella villa che aveva appena acquistato nel Delaware e che\navrebbe voluto ampliare. Il lavoro non sarebbe stato un problema, per\nl&#8217;archistar.<\/p>\n\n\n\n<p>*<\/p>\n\n\n\n<p>Mahmoud\naccese il telefonino con dita tremanti: s\u00ec, il collegamento era\nattivo! Il semtex, nascosto all&#8217;interno dei mattoni nei muri portanti\ndel castillo, era pronto per esplodere. Compose il numero&#8230;<\/p>\n<div class=\"pvc_clear\"><\/div><p id=\"pvc_stats_38397\" class=\"pvc_stats all  \" data-element-id=\"38397\" style=\"\"><i class=\"pvc-stats-icon medium\" aria-hidden=\"true\"><svg aria-hidden=\"true\" focusable=\"false\" data-prefix=\"far\" data-icon=\"chart-bar\" role=\"img\" xmlns=\"http:\/\/www.w3.org\/2000\/svg\" viewBox=\"0 0 512 512\" class=\"svg-inline--fa fa-chart-bar fa-w-16 fa-2x\"><path fill=\"currentColor\" d=\"M396.8 352h22.4c6.4 0 12.8-6.4 12.8-12.8V108.8c0-6.4-6.4-12.8-12.8-12.8h-22.4c-6.4 0-12.8 6.4-12.8 12.8v230.4c0 6.4 6.4 12.8 12.8 12.8zm-192 0h22.4c6.4 0 12.8-6.4 12.8-12.8V140.8c0-6.4-6.4-12.8-12.8-12.8h-22.4c-6.4 0-12.8 6.4-12.8 12.8v198.4c0 6.4 6.4 12.8 12.8 12.8zm96 0h22.4c6.4 0 12.8-6.4 12.8-12.8V204.8c0-6.4-6.4-12.8-12.8-12.8h-22.4c-6.4 0-12.8 6.4-12.8 12.8v134.4c0 6.4 6.4 12.8 12.8 12.8zM496 400H48V80c0-8.84-7.16-16-16-16H16C7.16 64 0 71.16 0 80v336c0 17.67 14.33 32 32 32h464c8.84 0 16-7.16 16-16v-16c0-8.84-7.16-16-16-16zm-387.2-48h22.4c6.4 0 12.8-6.4 12.8-12.8v-70.4c0-6.4-6.4-12.8-12.8-12.8h-22.4c-6.4 0-12.8 6.4-12.8 12.8v70.4c0 6.4 6.4 12.8 12.8 12.8z\" class=\"\"><\/path><\/svg><\/i> <img loading=\"lazy\" decoding=\"async\" width=\"16\" height=\"16\" alt=\"Loading\" src=\"https:\/\/www.raccontinellarete.it\/301\/wp-content\/plugins\/page-views-count\/ajax-loader-2x.gif\" border=0 \/><\/p><div class=\"pvc_clear\"><\/div>","protected":false},"excerpt":{"rendered":"<p>Aaron Rosenbaum si scost\u00f2 il ciuffo bianco dagli occhi, mentre sull&#8217;ultimo mattone della sua nuova creazione apponeva il suo logo, una rosa circondata dal filo spinato, in onore dei propri parenti morti ad Auschwitz. Era stata una gran fatica, quella mega-villa sulla collina che dominava la pianura del Giordano; lavorare a 40 gradi all&#8217;ombra non [&hellip;]<\/p>\n<div class=\"pvc_clear\"><\/div>\n<p id=\"pvc_stats_38397\" class=\"pvc_stats all  \" data-element-id=\"38397\" style=\"\"><i class=\"pvc-stats-icon medium\" aria-hidden=\"true\"><svg aria-hidden=\"true\" focusable=\"false\" data-prefix=\"far\" data-icon=\"chart-bar\" role=\"img\" xmlns=\"http:\/\/www.w3.org\/2000\/svg\" viewBox=\"0 0 512 512\" class=\"svg-inline--fa fa-chart-bar fa-w-16 fa-2x\"><path fill=\"currentColor\" d=\"M396.8 352h22.4c6.4 0 12.8-6.4 12.8-12.8V108.8c0-6.4-6.4-12.8-12.8-12.8h-22.4c-6.4 0-12.8 6.4-12.8 12.8v230.4c0 6.4 6.4 12.8 12.8 12.8zm-192 0h22.4c6.4 0 12.8-6.4 12.8-12.8V140.8c0-6.4-6.4-12.8-12.8-12.8h-22.4c-6.4 0-12.8 6.4-12.8 12.8v198.4c0 6.4 6.4 12.8 12.8 12.8zm96 0h22.4c6.4 0 12.8-6.4 12.8-12.8V204.8c0-6.4-6.4-12.8-12.8-12.8h-22.4c-6.4 0-12.8 6.4-12.8 12.8v134.4c0 6.4 6.4 12.8 12.8 12.8zM496 400H48V80c0-8.84-7.16-16-16-16H16C7.16 64 0 71.16 0 80v336c0 17.67 14.33 32 32 32h464c8.84 0 16-7.16 16-16v-16c0-8.84-7.16-16-16-16zm-387.2-48h22.4c6.4 0 12.8-6.4 12.8-12.8v-70.4c0-6.4-6.4-12.8-12.8-12.8h-22.4c-6.4 0-12.8 6.4-12.8 12.8v70.4c0 6.4 6.4 12.8 12.8 12.8z\" class=\"\"><\/path><\/svg><\/i> <img loading=\"lazy\" decoding=\"async\" width=\"16\" height=\"16\" alt=\"Loading\" src=\"https:\/\/www.raccontinellarete.it\/301\/wp-content\/plugins\/page-views-count\/ajax-loader-2x.gif\" border=0 \/><\/p>\n<div class=\"pvc_clear\"><\/div>\n","protected":false},"author":19106,"featured_media":0,"comment_status":"open","ping_status":"closed","sticky":false,"template":"","format":"standard","meta":{"footnotes":""},"categories":[532],"tags":[],"class_list":["post-38397","post","type-post","status-publish","format-standard","hentry","category-premio-racconti-nella-rete-2019"],"_links":{"self":[{"href":"https:\/\/www.raccontinellarete.it\/index.php?rest_route=\/wp\/v2\/posts\/38397"}],"collection":[{"href":"https:\/\/www.raccontinellarete.it\/index.php?rest_route=\/wp\/v2\/posts"}],"about":[{"href":"https:\/\/www.raccontinellarete.it\/index.php?rest_route=\/wp\/v2\/types\/post"}],"author":[{"embeddable":true,"href":"https:\/\/www.raccontinellarete.it\/index.php?rest_route=\/wp\/v2\/users\/19106"}],"replies":[{"embeddable":true,"href":"https:\/\/www.raccontinellarete.it\/index.php?rest_route=%2Fwp%2Fv2%2Fcomments&post=38397"}],"version-history":[{"count":2,"href":"https:\/\/www.raccontinellarete.it\/index.php?rest_route=\/wp\/v2\/posts\/38397\/revisions"}],"predecessor-version":[{"id":39515,"href":"https:\/\/www.raccontinellarete.it\/index.php?rest_route=\/wp\/v2\/posts\/38397\/revisions\/39515"}],"wp:attachment":[{"href":"https:\/\/www.raccontinellarete.it\/index.php?rest_route=%2Fwp%2Fv2%2Fmedia&parent=38397"}],"wp:term":[{"taxonomy":"category","embeddable":true,"href":"https:\/\/www.raccontinellarete.it\/index.php?rest_route=%2Fwp%2Fv2%2Fcategories&post=38397"},{"taxonomy":"post_tag","embeddable":true,"href":"https:\/\/www.raccontinellarete.it\/index.php?rest_route=%2Fwp%2Fv2%2Ftags&post=38397"}],"curies":[{"name":"wp","href":"https:\/\/api.w.org\/{rel}","templated":true}]}}