{"id":38171,"date":"2019-04-18T10:29:39","date_gmt":"2019-04-18T09:29:39","guid":{"rendered":"http:\/\/www.raccontinellarete.it\/?p=38171"},"modified":"2019-04-18T13:45:54","modified_gmt":"2019-04-18T12:45:54","slug":"premio-racconti-nella-rete-2019-quando-lamilcare-risorse-di-cinzia-montagna","status":"publish","type":"post","link":"https:\/\/www.raccontinellarete.it\/?p=38171","title":{"rendered":"Premio Racconti nella Rete 2019 &#8220;Quando l&#8217;Amilcare risorse&#8221; di Cinzia Montagna"},"content":{"rendered":"\n<p>Torn\u00f2 in vita due giorni dopo essere morto, esattamente nel momento in\ncui il prete sollev\u00f2 il turibolo fumigante d\u2019incenso e gli fece compiere la\nprima oscillazione. Nel silenzio odoroso della camera mortuaria del cimitero, a\ndue metri dall\u2019ingresso del forno crematorio, si sent\u00ec qualcuno tossire e il\nqualcuno era lui. Era lampante a tutti che a tossire poteva essere soltanto il\nmorto. Gli addetti al servizio funerario si avvicinarono per primi alla bara,\nincerti se procedere subito ad aprirla o attendere qualcosa, pur non sapendo\ncosa. Da dentro la bara arrivarono altri colpi di tosse.<\/p>\n\n\n\n<ul class=\"wp-block-list\"><li>No, fermi \u2013 disse il prete ai due addetti al\nservizio funebre -. Non potete aprire la bara: bisogna avere l\u2019autorizzazione!<\/li><li>L\u2019autorizzazione di chi? \u2013 domand\u00f2 la vedova.<\/li><li>Non so, di qualche autorit\u00e0 immagino. Non si\npossono aprire le bare dei morti senza autorizzazione \u2013 le rispose il prete.<\/li><\/ul>\n\n\n\n<p>I presenti si scambiarono occhiate\nattonite. Il morto, intanto, continuava a tossire.<\/p>\n\n\n\n<ul class=\"wp-block-list\"><li>Ma che autorizzazione e autorizzazione! \u2013 disse la vedova \u2013 Quello muore soffocato se resta l\u00ec dentro ancora un po\u2019. Era allergico all\u2019incenso, per giunta.<\/li><\/ul>\n\n\n\n<p>La vedova si avvicin\u00f2 alla bara e inizi\u00f2\na trafficare sul coperchio per sollevarlo. Il prete dichiar\u00f2 che lui se ne\nlavava le mani. Gli addetti al servizio funerario si procurarono un puntello e\nun martello dal custode del cimitero. Il responsabile del forno crematorio,\nquello che azionava il pulsante di apertura e chiusura della bocca del forno,\narriv\u00f2 dal locale vicino, attratto dalle voci concitate.<\/p>\n\n\n\n<ul class=\"wp-block-list\"><li>Cosa succede? Devo spegnere il fuoco? \u2013 domand\u00f2.\nNessuno gli rispose.<\/li><\/ul>\n\n\n\n<p>Dopo cinque minuti, la bara fu\nscoperchiata e Amilcare Beltrami, di 66 anni al momento del decesso, si mise\nseduto per prendere aria con evidenti difficolt\u00e0 di respirazione.<\/p>\n\n\n\n<ul class=\"wp-block-list\"><li>Milcare, aspetta che ti slaccio la cravatta \u2013\ndisse la moglie. <\/li><\/ul>\n\n\n\n<p>I presenti s\u2019erano disposti intanto a\ncerchio intorno alla bara dentro la quale il morto stava seduto.<\/p>\n\n\n\n<ul class=\"wp-block-list\"><li>Cerca di uscire da l\u00ec, Milcare, riesci? \u2013 gli\nchiese la vedova.<\/li><\/ul>\n\n\n\n<p>Amilcare Beltrami fece un gesto con la\nmano a indicare che si calmasse. Uno dei figli compose il&nbsp; numero del 118, ma al momento di dover\nspiegare l\u2019accaduto dimostr\u00f2 di essere in serie difficolt\u00e0<\/p>\n\n\n\n<ul class=\"wp-block-list\"><li>Avremmo bisogno di un\u2019ambulanza al cimitero \u2013\ndisse -, per mio padre, che \u00e8 morto, ma non sta molto bene, sembra abbia\ndifficolt\u00e0 di respiro. <\/li><\/ul>\n\n\n\n<p>Alle intuibili rimostranze dell\u2019addetto\ndel 118 dall\u2019altra parte del telefono su scherzi stupidi, macabri e di cattivo\ngusto, il figlio aveva cercato di arrabattarsi come meglio poteva, finch\u00e9 la\nvedova aveva afferrato il cellulare e aveva intimato: \u201cVenite subito, che c\u2019\u00e8\nuno che sta male\u201d e aveva riattaccato, puntando uno sguardo di rimprovero negli\nocchi del figlio.<\/p>\n\n\n\n<p>Intanto gli addetti al servizio funebre\ns\u2019erano accordati fra loro per afferrare la bara e deporla dai cavalletti al\npavimento al fine di agevolare l\u2019uscita di Amilcare dalla stessa.<\/p>\n\n\n\n<p>Quando la bara tocc\u00f2 terra, Amilcare\nfece per scavalcare le assi delle bara, ma intervenne una donna: \u201cIo non\nuscirei, magari se si mette in piedi succede qualcosa e sta male. Aspettiamo il\n118\u201d.<\/p>\n\n\n\n<p>La donna era la Teresa Anselmi che\nabitava nel pianerottolo di fronte ai Beltrami e che negli anni s\u2019era\ndimostrata sempre una persona di buonsenso, per cui tutti commentarono che s\u00ec,\nla Teresa poteva aver ragione, meglio non rischiare che il morto morisse per un\ncollasso ortostatico.<\/p>\n\n\n\n<p>Amilcare, che gi\u00e0 aveva messo una gamba\nfuori dalla bara, la riport\u00f2 dentro.<\/p>\n\n\n\n<p>Seduto all\u2019interno della bara, in un\nsilenzio e in un\u2019immobilit\u00e0 irreale, Amilcare si guard\u00f2 intorno e pronunci\u00f2\ninfine la sue prime parole da risorto: \u201cVolevate bruciarmi?\u201d.<\/p>\n\n\n\n<p>La sua vedova gli rispose che, insomma,\nessendo morto, s\u2019erano trovati nella condizione di dover procedere alla\ncremazione, non per cattiveria.<\/p>\n\n\n\n<p>Amilcare fece una smorfia con la bocca,\ntipica di chi alimenta qualche dubbio, e poi si osserv\u00f2.<\/p>\n\n\n\n<p>Indossava l\u2019abito da cerimonia che aveva\nindossato il giorno del matrimonio, l\u2019unico abito completo nero che avesse mai\navuto. Sollev\u00f2 gli orli dei pantaloni e constat\u00f2 di non avere n\u00e9 calze n\u00e9\nscarpe.<\/p>\n\n\n\n<p>La vedova percep\u00ec il suo disagio: &#8211; Ai\nmorti non si mettono le calze e le scarpe \u2013 precis\u00f2.<\/p>\n\n\n\n<p>Amilcare prese atto con un cenno del\ncapo.<\/p>\n\n\n\n<p>In attesa dell\u2019arrivo dell\u2019ambulanza,\nAmilcare pass\u00f2 in rassegna con gli occhi tutti i presenti, sorprendendosi che\nfra questi fosse anche un cugino di Varese con il quale aveva avuto una lunga\ncausa legale per&nbsp; un\u2019eredit\u00e0.<\/p>\n\n\n\n<ul class=\"wp-block-list\"><li>Armando, come mai sei qua? Chi ti ha fatto\nsapere che sono morto? \u2013 gli chiese.<\/li><li>Lei, tua moglie \u2013 si discolp\u00f2 in fretta\nl\u2019Armando.<\/li><li>Ma se ti avevo detto che non lo avrei voluto al\nmio funerale! \u2013 protest\u00f2 il morto verso la sua vedova.<\/li><li>Di fronte alla morte bisogna essere superiori! \u2013\nsentenzi\u00f2 la donna.<\/li><li>Superiori un cazzo \u2013 protest\u00f2 il morto \u2013 Questo\ns\u2019\u00e8 tenuto tutta l\u2019eredit\u00e0 della zia Maria e in pi\u00f9 abbiamo anche speso\ncinquemila euro di avvocato.<\/li><\/ul>\n\n\n\n<p>Tutti guardarono l\u2019Armando, che chin\u00f2 il\ncapo, arrossendo.<\/p>\n\n\n\n<p>Arriv\u00f2 l\u2019ambulanza. La vedova spieg\u00f2\nsinteticamente l\u2019accaduto ai tre militi della Croce Rossa, che &nbsp;procedettero a visitare Amilcare.<\/p>\n\n\n\n<ul class=\"wp-block-list\"><li>Il battito \u00e8 regolare, la pressione pure \u2013 disse\nuno di loro \u2013 A mio parere, potrebbe uscire dalla&nbsp; bara senza problemi.<\/li><li>Ma sei matto? \u2013 gli rispose un altro \u2013 Prima di\nspostarlo, dobbiamo chiamare il Procuratore della Repubblica. Lo facciamo\nsempre quando abbiamo a che fare con un cadavere!<\/li><\/ul>\n\n\n\n<p>Un brivido di bizzarra inquietudine\npercorse tutti gli astanti. Tutti tranne Amilcare, che scavalc\u00f2 la bara con un\nsolo gesto e, ritto in piedi, scalzo e con i bottoni della giacca che gli\ntiravano un po\u2019 sulla pancia, disse:<\/p>\n\n\n\n<ul class=\"wp-block-list\"><li>Un cadavere non sono di certo.<\/li><\/ul>\n\n\n\n<p>I tre militi, dopo un rapido consulto,\ndecisero di trasportalo via. Il pi\u00f9 puntiglioso dei tre pens\u00f2 che nel verbale\navrebbe potuto scrivere che la decisione di spostare il cadavere era derivata\nda una libera e manifesta volont\u00e0 del cadavere stesso, giusto per sollevarsi da\nogni responsabilit\u00e0. I convenuti al funerale iniziarono ad andarsene, salutandosi\nun po\u2019 mesti, senza sapere cosa dire di preciso alla vedova e ai figli, se\nformulare condoglianze o congratulazioni.<\/p>\n\n\n\n<p>L\u2019addetto al forno crematorio sbuc\u00f2\nfuori dalla stanza adiacente e, avvicinandosi a uno dei figli, sussurr\u00f2:\n\u201cComunque, la cremazione dovrete pagarla lo stesso perch\u00e9 il forno l\u2019abbiamo\nmesso in funzione e pure di domenica, quindi per me si tratta di straordinari\u201d.\nIl figlio assicur\u00f2 che sarebbero passati a pagare le spese di cremazione nei\ngiorni successivi.<\/p>\n\n\n\n<p>All\u2019accettazione del Pronto Soccorso\ndell\u2019Ospedale si trovarono di fronte a una difficolt\u00e0: essendo che c\u2019era stato\nun giorno in cui il morto era morto, cosa avrebbero dovuto indicare sul campo\n\u201cdata di nascita\u201d del modulo di ricovero? La prima data, quella in cui il morto\nera stato partorito, o la seconda, quella in cui il morto era risorto? La\nquestione non era da poco, anche per le conseguenze sul Codice Fiscale, che\nsarebbe cambiato totalmente nel secondo caso. Inoltre, essendo morto, il morto\nnon rientrava pi\u00f9 fra gli aventi diritto alle prestazioni del Servizio\nSanitario Nazionale. Infatti la ricerca nominativa sul database digitale del\nMinistero della Sanit\u00e0 indicava che c\u2019era stato un giorno in cui Amilcare\nBeltrami era deceduto, con conseguente decadenza di tutti i diritti di cura e\nassistenza.<\/p>\n\n\n\n<p>Il medico del Pronto Soccorso stabil\u00ec di\nprocedere a un\u2019anamnesi approfondita del corpo del Beltrami e di ricoverarlo\nper 24 ore in osservazione. Avvis\u00f2 il primario dell\u2019ospedale, che avvis\u00f2 un\nispettore del Ministero. L\u2019ispettore del Ministero nomin\u00f2 d\u2019urgenza una\nCommissione Straordinaria composta da un Internista, un Cardiologo, un\nRianimatore &nbsp;e un Medico Legale. La\nCommissione si precipit\u00f2 in ospedale. <\/p>\n\n\n\n<p>Amilcare Beltrami risult\u00f2 a tutti\nindubbiamente vivo. <\/p>\n\n\n\n<p>Quando la vedova e i due figli ottennero\nl\u2019autorizzazione a far visita al marito e padre, lo trovarono seduto sul letto\ncon una vestaglietta bianca a fiorellini rosa e le gambe a penzoloni. <\/p>\n\n\n\n<ul class=\"wp-block-list\"><li>Ti porto un pigiama o aspettiamo che ti\ndimettano? \u2013 gli domand\u00f2.<\/li><li>Dovrebbero dimettermi&nbsp; domani mattina \u2013 rispose Amilcare \u2013 Sarebbe\nopportuno portarmi dei vestiti normali e delle calze e delle scarpe per non\nfarmi andare in giro a piedi nudi e vestito da morto. Hai avvisato l\u2019Inps?<\/li><\/ul>\n\n\n\n<p>La vedova allarg\u00f2 le braccia e con tono\ndi chi sta per sciorinare la propria efficienza disse: &#8211; Abbiamo avvisato che\nsei morto, s\u00ec, quando sei morto. Adesso il conto corrente in banca \u00e8 bloccato\nfinch\u00e9 non avremo finito la pratica di Successione.<\/p>\n\n\n\n<p>Amilcare la guard\u00f2 esterrefatto. La\nvedova si rese conto improvvisamente dell\u2019entit\u00e0 di quanto appena dichiarato.<\/p>\n\n\n\n<ul class=\"wp-block-list\"><li>Quindi adesso non soltanto non arriver\u00e0 pi\u00f9 la\nmia pensione \u2013 comment\u00f2 Amilcare \u2013 ma non abbiamo nemmeno un soldo a\ndisposizione.<\/li><\/ul>\n\n\n\n<p>La vedova assent\u00ec con il capo.<\/p>\n\n\n\n<ul class=\"wp-block-list\"><li>E non ho nemmeno un documento di identit\u00e0 valido\nper dimostrare che sono vivo \u2013 continu\u00f2 Amilcare -. E\u2019 come se non esistessi,\nadesso. Sarebbe stato meglio se fossi rimasto morto, diciamolo!<\/li><\/ul>\n\n\n\n<p>La vedova e gli orfani lo rassicurarono che\nla cosa importante era stata la resurrezione.<\/p>\n\n\n\n<ul class=\"wp-block-list\"><li>Ma se risulto morto \u2013 protest\u00f2 Amilcare \u2013come\nfaccio a guidare un\u2019auto, ad esempio? Se mi fermano i Carabinieri per un\ncontrollo, sembrer\u00e0 che io stia guidando con la patente falsa intestata a un\nmorto! <\/li><\/ul>\n\n\n\n<p>La vedova e gli orfani lo guardarono\nperplessi, senza trovare una risposta.<\/p>\n\n\n\n<ul class=\"wp-block-list\"><li>Pensa al lato positivo, pap\u00e0 \u2013 gli disse uno dei\nfigli \u2013 Diventerai famoso, ti intervisteranno tutti i giornali, ti inviteranno\nnei talk show! Potresti scrivere un libro, diventerebbe un best seller in un\npaio di giorni! Puoi anche aprire un blog! Iscriviti a Facebook!<\/li><\/ul>\n\n\n\n<p>Amilcare Beltrami congiunse le mani e\nsollev\u00f2 gli occhi verso l\u2019alto.<\/p>\n\n\n\n<ul class=\"wp-block-list\"><li>A proposito \u2013 intervenne la moglie \u2013 Cosa c\u2019\u00e8\nnell\u2019Aldil\u00e0?<\/li><\/ul>\n\n\n\n<p>Il marito la guard\u00f2 sconfortato.<\/p>\n\n\n\n<ul class=\"wp-block-list\"><li>Niente \u2013 rispose.<\/li><li>Ma come? \u2013 incalz\u00f2 la moglie \u2013 Gli angeli, i\ndiavoli, la luce in fondo al tunnel\u2026<\/li><li>Senti, io non ho visto niente e se anche avessi\nvisto qualcosa non lo direi, non sono mica un pagliaccio, sono soltanto un\nrisorto \u2013 afferm\u00f2 Amilcare.<\/li><li>E invece devi dirlo! \u2013 prosegu\u00ec l\u2019altro orfano,\nquello che non era intervenuto prima \u2013 Altrimenti&nbsp; in tiv\u00f9 non ti chiamano. In pratica tu adesso\nsei uno zombie, pap\u00e0, uno zombie vero!<\/li><\/ul>\n\n\n\n<p>Amilcare Beltrami guard\u00f2 fuori dalla\nfinestra della sua stanza d\u2019ospedale. La primavera aveva fatto germogliare le\npiante d\u2019acacia del giardino e le foglioline nuove si dibattevano nel vento con\nil loro verde luminoso, facendosi posto fra le foglie adulte dell\u2019anno prima.\nSi riassett\u00f2 la vestaglietta bianca con i fiorellini rosa e pens\u00f2 che la morte,\na volte, pu\u00f2 essere complicata, ma mai quanto la vita.<\/p>\n<div class=\"pvc_clear\"><\/div><p id=\"pvc_stats_38171\" class=\"pvc_stats all  \" data-element-id=\"38171\" style=\"\"><i class=\"pvc-stats-icon medium\" aria-hidden=\"true\"><svg aria-hidden=\"true\" focusable=\"false\" data-prefix=\"far\" data-icon=\"chart-bar\" role=\"img\" xmlns=\"http:\/\/www.w3.org\/2000\/svg\" viewBox=\"0 0 512 512\" class=\"svg-inline--fa fa-chart-bar fa-w-16 fa-2x\"><path fill=\"currentColor\" d=\"M396.8 352h22.4c6.4 0 12.8-6.4 12.8-12.8V108.8c0-6.4-6.4-12.8-12.8-12.8h-22.4c-6.4 0-12.8 6.4-12.8 12.8v230.4c0 6.4 6.4 12.8 12.8 12.8zm-192 0h22.4c6.4 0 12.8-6.4 12.8-12.8V140.8c0-6.4-6.4-12.8-12.8-12.8h-22.4c-6.4 0-12.8 6.4-12.8 12.8v198.4c0 6.4 6.4 12.8 12.8 12.8zm96 0h22.4c6.4 0 12.8-6.4 12.8-12.8V204.8c0-6.4-6.4-12.8-12.8-12.8h-22.4c-6.4 0-12.8 6.4-12.8 12.8v134.4c0 6.4 6.4 12.8 12.8 12.8zM496 400H48V80c0-8.84-7.16-16-16-16H16C7.16 64 0 71.16 0 80v336c0 17.67 14.33 32 32 32h464c8.84 0 16-7.16 16-16v-16c0-8.84-7.16-16-16-16zm-387.2-48h22.4c6.4 0 12.8-6.4 12.8-12.8v-70.4c0-6.4-6.4-12.8-12.8-12.8h-22.4c-6.4 0-12.8 6.4-12.8 12.8v70.4c0 6.4 6.4 12.8 12.8 12.8z\" class=\"\"><\/path><\/svg><\/i> <img loading=\"lazy\" decoding=\"async\" width=\"16\" height=\"16\" alt=\"Loading\" src=\"https:\/\/www.raccontinellarete.it\/301\/wp-content\/plugins\/page-views-count\/ajax-loader-2x.gif\" border=0 \/><\/p><div class=\"pvc_clear\"><\/div>","protected":false},"excerpt":{"rendered":"<p>Torn\u00f2 in vita due giorni dopo essere morto, esattamente nel momento in cui il prete sollev\u00f2 il turibolo fumigante d\u2019incenso e gli fece compiere la prima oscillazione. Nel silenzio odoroso della camera mortuaria del cimitero, a due metri dall\u2019ingresso del forno crematorio, si sent\u00ec qualcuno tossire e il qualcuno era lui. Era lampante a tutti [&hellip;]<\/p>\n<div class=\"pvc_clear\"><\/div>\n<p id=\"pvc_stats_38171\" class=\"pvc_stats all  \" data-element-id=\"38171\" style=\"\"><i class=\"pvc-stats-icon medium\" aria-hidden=\"true\"><svg aria-hidden=\"true\" focusable=\"false\" data-prefix=\"far\" data-icon=\"chart-bar\" role=\"img\" xmlns=\"http:\/\/www.w3.org\/2000\/svg\" viewBox=\"0 0 512 512\" class=\"svg-inline--fa fa-chart-bar fa-w-16 fa-2x\"><path fill=\"currentColor\" d=\"M396.8 352h22.4c6.4 0 12.8-6.4 12.8-12.8V108.8c0-6.4-6.4-12.8-12.8-12.8h-22.4c-6.4 0-12.8 6.4-12.8 12.8v230.4c0 6.4 6.4 12.8 12.8 12.8zm-192 0h22.4c6.4 0 12.8-6.4 12.8-12.8V140.8c0-6.4-6.4-12.8-12.8-12.8h-22.4c-6.4 0-12.8 6.4-12.8 12.8v198.4c0 6.4 6.4 12.8 12.8 12.8zm96 0h22.4c6.4 0 12.8-6.4 12.8-12.8V204.8c0-6.4-6.4-12.8-12.8-12.8h-22.4c-6.4 0-12.8 6.4-12.8 12.8v134.4c0 6.4 6.4 12.8 12.8 12.8zM496 400H48V80c0-8.84-7.16-16-16-16H16C7.16 64 0 71.16 0 80v336c0 17.67 14.33 32 32 32h464c8.84 0 16-7.16 16-16v-16c0-8.84-7.16-16-16-16zm-387.2-48h22.4c6.4 0 12.8-6.4 12.8-12.8v-70.4c0-6.4-6.4-12.8-12.8-12.8h-22.4c-6.4 0-12.8 6.4-12.8 12.8v70.4c0 6.4 6.4 12.8 12.8 12.8z\" class=\"\"><\/path><\/svg><\/i> <img loading=\"lazy\" decoding=\"async\" width=\"16\" height=\"16\" alt=\"Loading\" src=\"https:\/\/www.raccontinellarete.it\/301\/wp-content\/plugins\/page-views-count\/ajax-loader-2x.gif\" border=0 \/><\/p>\n<div class=\"pvc_clear\"><\/div>\n","protected":false},"author":19100,"featured_media":0,"comment_status":"open","ping_status":"closed","sticky":false,"template":"","format":"standard","meta":{"footnotes":""},"categories":[532],"tags":[],"class_list":["post-38171","post","type-post","status-publish","format-standard","hentry","category-premio-racconti-nella-rete-2019"],"_links":{"self":[{"href":"https:\/\/www.raccontinellarete.it\/index.php?rest_route=\/wp\/v2\/posts\/38171"}],"collection":[{"href":"https:\/\/www.raccontinellarete.it\/index.php?rest_route=\/wp\/v2\/posts"}],"about":[{"href":"https:\/\/www.raccontinellarete.it\/index.php?rest_route=\/wp\/v2\/types\/post"}],"author":[{"embeddable":true,"href":"https:\/\/www.raccontinellarete.it\/index.php?rest_route=\/wp\/v2\/users\/19100"}],"replies":[{"embeddable":true,"href":"https:\/\/www.raccontinellarete.it\/index.php?rest_route=%2Fwp%2Fv2%2Fcomments&post=38171"}],"version-history":[{"count":2,"href":"https:\/\/www.raccontinellarete.it\/index.php?rest_route=\/wp\/v2\/posts\/38171\/revisions"}],"predecessor-version":[{"id":38175,"href":"https:\/\/www.raccontinellarete.it\/index.php?rest_route=\/wp\/v2\/posts\/38171\/revisions\/38175"}],"wp:attachment":[{"href":"https:\/\/www.raccontinellarete.it\/index.php?rest_route=%2Fwp%2Fv2%2Fmedia&parent=38171"}],"wp:term":[{"taxonomy":"category","embeddable":true,"href":"https:\/\/www.raccontinellarete.it\/index.php?rest_route=%2Fwp%2Fv2%2Fcategories&post=38171"},{"taxonomy":"post_tag","embeddable":true,"href":"https:\/\/www.raccontinellarete.it\/index.php?rest_route=%2Fwp%2Fv2%2Ftags&post=38171"}],"curies":[{"name":"wp","href":"https:\/\/api.w.org\/{rel}","templated":true}]}}