{"id":38110,"date":"2019-04-12T17:22:03","date_gmt":"2019-04-12T16:22:03","guid":{"rendered":"http:\/\/www.raccontinellarete.it\/?p=38110"},"modified":"2019-04-12T22:48:06","modified_gmt":"2019-04-12T21:48:06","slug":"bruno-cannucciari-firma-la-copertina-di-racconti-nella-rete-2019","status":"publish","type":"post","link":"https:\/\/www.raccontinellarete.it\/?p=38110","title":{"rendered":"Bruno Cannucciari firma la copertina di Racconti nella Rete 2019"},"content":{"rendered":"\n<figure class=\"wp-block-image\"><img loading=\"lazy\" decoding=\"async\" width=\"768\" height=\"1024\" src=\"https:\/\/www.raccontinellarete.it\/301\/wp-content\/uploads\/2019\/04\/cannucciari-768x1024.jpg\" alt=\"\" class=\"wp-image-38112\" srcset=\"https:\/\/www.raccontinellarete.it\/301\/wp-content\/uploads\/2019\/04\/cannucciari-768x1024.jpg 768w, https:\/\/www.raccontinellarete.it\/301\/wp-content\/uploads\/2019\/04\/cannucciari-188x250.jpg 188w, https:\/\/www.raccontinellarete.it\/301\/wp-content\/uploads\/2019\/04\/cannucciari.jpg 1200w\" sizes=\"(max-width: 768px) 100vw, 768px\" \/><figcaption>Bruno Cannucciari <\/figcaption><\/figure>\n\n\n\n<p><strong>E\u2019 del celebre fumettista e illustratore  Bruno Cannucciari&nbsp; l\u2019immagine di copertina dell\u2019antologia 2019 di Racconti nella  Rete,  edita da Castelvecchi.&nbsp; L\u2019antologia uscir\u00e0 a settembre e raccoglier\u00e0 i 25  racconti vincitori. Il pi\u00f9 importante premio letterario sul web dedicato ai  racconti brevi, racconti per bambini e soggetti per cortometraggi, rende omaggio  al grande professionista&nbsp; del fumetto diventato celebre per il personaggio di  Lupo Alberto. <\/strong> &nbsp; <\/p>\n\n\n\n<p>La diciottesima  edizione del premio letterario Racconti nella Rete si sviluppa fino al 31  maggio, termine ultimo per partecipare al concorso, nel sito <a href=\"https:\/\/www.raccontinellarete.it\">www.raccontinellarete.it<\/a>. Qui gli  scrittori possono pubblicare i loro racconti oltre che leggerli e commentarli.&nbsp;&nbsp;  Il concorso \u00e8&nbsp; una vetrina d\u2019autore. Possono partecipare al premio tutti coloro  che hanno un racconto inedito, oppure un soggetto per la sezione corti. Numerosi  sono gli appuntamenti con il premio e gli scrittori fissati nelle pi\u00f9 importanti  citt\u00e0 italiane. &nbsp; <\/p>\n\n\n\n<p><\/p>\n\n\n\n<p>Gli autori fino ai 25 anni di et\u00e0 potranno  usufruire di uno sconto sulla quota di partecipazione al premio 2019 \u2013 sezioni  racconti e corti.&nbsp; Baster\u00e0 segnalare la vostra adesione con una email  indirizzata a <a href=\"mailto:info@raccontinellarete.it\">info@raccontinellarete.it<\/a> . \u201cQuesta  agevolazione\u201d \u2013 dice Demetrio Brandi, presidente del Premio \u2013 \u201c\u00e8 rivolta ai  giovani talenti letterari, uno stimolo in pi\u00f9 per farli partecipare ad una  vetrina sempre pi\u00f9 importante per gli autori emergenti.&nbsp; Molti tra gli autori  pubblicati in questi anni nelle antologie&nbsp; hanno ottenuto&nbsp; brillanti risultati  in campo letterario.\u201d &nbsp; <\/p>\n\n\n\n<p>Per partecipare basta registrarsi e leggere il  regolamento pubblicato nel sito www.raccontinellarete.it. Il racconto, a tema  libero, non dovr\u00e0 superare le cinque cartelle di testo: se l\u2019elaborato sar\u00e0  ritenuto interessante verr\u00e0 subito inserito nel sito. &nbsp; I  venticinque racconti scelti dalla giuria tecnica saranno inseriti nell\u2019antologia  \u201cRacconti nella Rete \u201d edita da Castelvecchi. <\/p>\n\n\n\n<p>La prefazione sar\u00e0 realizzata  dalla scrittrice <strong>Alice Cappagli<\/strong>.  Tra i racconti selezionati ci sar\u00e0 un testo  umoristico che sar\u00e0 premiato dal giornale \u201c<strong>Budu\u00e0r<\/strong>\u201d.&nbsp; Un premio sar\u00e0 assegnato da  <strong>AIDR<\/strong> associazione italiana digital revolution allo scrittore o scrittrice pi\u00f9  giovane.&nbsp; <\/p>\n\n\n\n<p>La presentazione in anteprima  dell\u2019antologia avverr\u00e0 insieme alla proiezione del cortometraggio vincitore  della sezione Corti in occasione del 25\u00b0 festival letterario LuccAutori in  programma a Lucca nel mese di ottobre. &nbsp; <\/p>\n\n\n\n<p><strong>Bruno  Cannucciari<\/strong> nasce a Roma&nbsp; il 4 dicembre 1964. Esordisce giovanissimo  sul mensile <strong><em>Comic Art<\/em><\/strong> riprendendo il personaggio di <strong>Yellow  Kid<\/strong> in una storia un po&#8217; folle e piena di colpi di scena. In seguito  realizza, sulla stessa rivista, <strong>Franco&amp;Bruno<\/strong>, storie sul mondo dei  fumetti visto dietro le quinte, ritraendo nei due protagonisti se stesso e  l&#8217;autore dei testi, il critico <strong>Franco Fossati<\/strong>.<br>Assunto nel novembre  1986 dal neonato quotidiano economico <em><strong>Italia oggi<\/strong><\/em> come vignettista  e illustratore, dirada per qualche tempo la produzione fumettistica ma  perfeziona la sua tecnica. Alla fine del 1988 d\u00e0 vita, sulle pagine del mensile  <em><strong>Lupo Alberto<\/strong><\/em>, a <strong>Winny<\/strong>, un ragazzo dalla fantasia catenata,  dedicandosi poi prevalentemente alla realizzazione di <strong>Lupo Alberto<\/strong>, il  personaggio creato da <a>Silver<\/a>, per il quale scrive e disegna  storie e illustra copertine e merchandising d&#8217;ogni tipo. Sempre da Silver, a  met\u00e0 degli anni Novanta, riceve l&#8217;incarico prestigioso di occuparsi delle tavole  autoconclusive di <strong>Lupo Alberto<\/strong>, attivit\u00e0 che prosegue tutt&#8217;ora firmandone  diverse centinaia. Nel frattempo illustra libri d&#8217;inglese e di cucina, manuali  per <em>Speak-Up<\/em> e vademecum per il Comune di Rozzano, e vince nel 2002 un  premio della critica  di Amnesty International con il suo gruppo musicale, i <a>Monz\u00f2n<\/a>.   <\/p>\n\n\n\n<p><strong>Emiliano Pagani e  Bruno Cannucciari<\/strong> hanno realizzato <strong>\u201cKraken<\/strong>\u201d (edito da  Tunu\u00e8), salutato dalla critica specializzata e dal pubblico come un capolavoro.  \u201cKraken\u201d si \u00e8 aggiudicato il primo premio ex aequo come Miglior libro di scuola  italiana al Concorso Romics dei Libri a Fumetti nel 2018 e il Premio Boscarato  come Miglior Fumetto Italiano al Treviso Comic Book Festival  2018.<\/p>\n\n\n\n<p><br>Per informazioni\u00a0 <strong>Associazione Culturale  LuccAutori<\/strong>\u00a0 tel. 0584.961169 info@raccontinellarete.it\u00a0 <a href=\"https:\/\/www.raccontinellarete.it\">www.raccontinellarete.it<\/a><\/p>\n\n\n\n<figure class=\"wp-block-image\"><img loading=\"lazy\" decoding=\"async\" width=\"814\" height=\"1024\" src=\"https:\/\/www.raccontinellarete.it\/301\/wp-content\/uploads\/2019\/04\/copertina-2019-corretta-814x1024.jpg\" alt=\"\" class=\"wp-image-38111\" srcset=\"https:\/\/www.raccontinellarete.it\/301\/wp-content\/uploads\/2019\/04\/copertina-2019-corretta-814x1024.jpg 814w, https:\/\/www.raccontinellarete.it\/301\/wp-content\/uploads\/2019\/04\/copertina-2019-corretta-199x250.jpg 199w, https:\/\/www.raccontinellarete.it\/301\/wp-content\/uploads\/2019\/04\/copertina-2019-corretta-768x966.jpg 768w, https:\/\/www.raccontinellarete.it\/301\/wp-content\/uploads\/2019\/04\/copertina-2019-corretta.jpg 1849w\" sizes=\"(max-width: 814px) 100vw, 814px\" \/><figcaption>La copertina realizzata da Bruno Cannucciari<\/figcaption><\/figure>\n<div class=\"pvc_clear\"><\/div><p id=\"pvc_stats_38110\" class=\"pvc_stats all  \" data-element-id=\"38110\" style=\"\"><i class=\"pvc-stats-icon medium\" aria-hidden=\"true\"><svg aria-hidden=\"true\" focusable=\"false\" data-prefix=\"far\" data-icon=\"chart-bar\" role=\"img\" xmlns=\"http:\/\/www.w3.org\/2000\/svg\" viewBox=\"0 0 512 512\" class=\"svg-inline--fa fa-chart-bar fa-w-16 fa-2x\"><path fill=\"currentColor\" d=\"M396.8 352h22.4c6.4 0 12.8-6.4 12.8-12.8V108.8c0-6.4-6.4-12.8-12.8-12.8h-22.4c-6.4 0-12.8 6.4-12.8 12.8v230.4c0 6.4 6.4 12.8 12.8 12.8zm-192 0h22.4c6.4 0 12.8-6.4 12.8-12.8V140.8c0-6.4-6.4-12.8-12.8-12.8h-22.4c-6.4 0-12.8 6.4-12.8 12.8v198.4c0 6.4 6.4 12.8 12.8 12.8zm96 0h22.4c6.4 0 12.8-6.4 12.8-12.8V204.8c0-6.4-6.4-12.8-12.8-12.8h-22.4c-6.4 0-12.8 6.4-12.8 12.8v134.4c0 6.4 6.4 12.8 12.8 12.8zM496 400H48V80c0-8.84-7.16-16-16-16H16C7.16 64 0 71.16 0 80v336c0 17.67 14.33 32 32 32h464c8.84 0 16-7.16 16-16v-16c0-8.84-7.16-16-16-16zm-387.2-48h22.4c6.4 0 12.8-6.4 12.8-12.8v-70.4c0-6.4-6.4-12.8-12.8-12.8h-22.4c-6.4 0-12.8 6.4-12.8 12.8v70.4c0 6.4 6.4 12.8 12.8 12.8z\" class=\"\"><\/path><\/svg><\/i> <img loading=\"lazy\" decoding=\"async\" width=\"16\" height=\"16\" alt=\"Loading\" src=\"https:\/\/www.raccontinellarete.it\/301\/wp-content\/plugins\/page-views-count\/ajax-loader-2x.gif\" border=0 \/><\/p><div class=\"pvc_clear\"><\/div>","protected":false},"excerpt":{"rendered":"<p>E\u2019 del celebre fumettista e illustratore Bruno Cannucciari&nbsp; l\u2019immagine di copertina dell\u2019antologia 2019 di Racconti nella Rete, edita da Castelvecchi.&nbsp; L\u2019antologia uscir\u00e0 a settembre e raccoglier\u00e0 i 25 racconti vincitori. Il pi\u00f9 importante premio letterario sul web dedicato ai racconti brevi, racconti per bambini e soggetti per cortometraggi, rende omaggio al grande professionista&nbsp; del fumetto [&hellip;]<\/p>\n<div class=\"pvc_clear\"><\/div>\n<p id=\"pvc_stats_38110\" class=\"pvc_stats all  \" data-element-id=\"38110\" style=\"\"><i class=\"pvc-stats-icon medium\" aria-hidden=\"true\"><svg aria-hidden=\"true\" focusable=\"false\" data-prefix=\"far\" data-icon=\"chart-bar\" role=\"img\" xmlns=\"http:\/\/www.w3.org\/2000\/svg\" viewBox=\"0 0 512 512\" class=\"svg-inline--fa fa-chart-bar fa-w-16 fa-2x\"><path fill=\"currentColor\" d=\"M396.8 352h22.4c6.4 0 12.8-6.4 12.8-12.8V108.8c0-6.4-6.4-12.8-12.8-12.8h-22.4c-6.4 0-12.8 6.4-12.8 12.8v230.4c0 6.4 6.4 12.8 12.8 12.8zm-192 0h22.4c6.4 0 12.8-6.4 12.8-12.8V140.8c0-6.4-6.4-12.8-12.8-12.8h-22.4c-6.4 0-12.8 6.4-12.8 12.8v198.4c0 6.4 6.4 12.8 12.8 12.8zm96 0h22.4c6.4 0 12.8-6.4 12.8-12.8V204.8c0-6.4-6.4-12.8-12.8-12.8h-22.4c-6.4 0-12.8 6.4-12.8 12.8v134.4c0 6.4 6.4 12.8 12.8 12.8zM496 400H48V80c0-8.84-7.16-16-16-16H16C7.16 64 0 71.16 0 80v336c0 17.67 14.33 32 32 32h464c8.84 0 16-7.16 16-16v-16c0-8.84-7.16-16-16-16zm-387.2-48h22.4c6.4 0 12.8-6.4 12.8-12.8v-70.4c0-6.4-6.4-12.8-12.8-12.8h-22.4c-6.4 0-12.8 6.4-12.8 12.8v70.4c0 6.4 6.4 12.8 12.8 12.8z\" class=\"\"><\/path><\/svg><\/i> <img loading=\"lazy\" decoding=\"async\" width=\"16\" height=\"16\" alt=\"Loading\" src=\"https:\/\/www.raccontinellarete.it\/301\/wp-content\/plugins\/page-views-count\/ajax-loader-2x.gif\" border=0 \/><\/p>\n<div class=\"pvc_clear\"><\/div>\n","protected":false},"author":3,"featured_media":38111,"comment_status":"open","ping_status":"closed","sticky":false,"template":"","format":"standard","meta":{"footnotes":""},"categories":[87,5],"tags":[],"class_list":["post-38110","post","type-post","status-publish","format-standard","has-post-thumbnail","hentry","category-comunicato-stampa","category-racconti-nella-rete"],"_links":{"self":[{"href":"https:\/\/www.raccontinellarete.it\/index.php?rest_route=\/wp\/v2\/posts\/38110"}],"collection":[{"href":"https:\/\/www.raccontinellarete.it\/index.php?rest_route=\/wp\/v2\/posts"}],"about":[{"href":"https:\/\/www.raccontinellarete.it\/index.php?rest_route=\/wp\/v2\/types\/post"}],"author":[{"embeddable":true,"href":"https:\/\/www.raccontinellarete.it\/index.php?rest_route=\/wp\/v2\/users\/3"}],"replies":[{"embeddable":true,"href":"https:\/\/www.raccontinellarete.it\/index.php?rest_route=%2Fwp%2Fv2%2Fcomments&post=38110"}],"version-history":[{"count":5,"href":"https:\/\/www.raccontinellarete.it\/index.php?rest_route=\/wp\/v2\/posts\/38110\/revisions"}],"predecessor-version":[{"id":38121,"href":"https:\/\/www.raccontinellarete.it\/index.php?rest_route=\/wp\/v2\/posts\/38110\/revisions\/38121"}],"wp:featuredmedia":[{"embeddable":true,"href":"https:\/\/www.raccontinellarete.it\/index.php?rest_route=\/wp\/v2\/media\/38111"}],"wp:attachment":[{"href":"https:\/\/www.raccontinellarete.it\/index.php?rest_route=%2Fwp%2Fv2%2Fmedia&parent=38110"}],"wp:term":[{"taxonomy":"category","embeddable":true,"href":"https:\/\/www.raccontinellarete.it\/index.php?rest_route=%2Fwp%2Fv2%2Fcategories&post=38110"},{"taxonomy":"post_tag","embeddable":true,"href":"https:\/\/www.raccontinellarete.it\/index.php?rest_route=%2Fwp%2Fv2%2Ftags&post=38110"}],"curies":[{"name":"wp","href":"https:\/\/api.w.org\/{rel}","templated":true}]}}