{"id":37826,"date":"2019-03-21T17:10:33","date_gmt":"2019-03-21T16:10:33","guid":{"rendered":"http:\/\/www.raccontinellarete.it\/?p=37826"},"modified":"2019-04-03T17:47:37","modified_gmt":"2019-04-03T16:47:37","slug":"sabato-30-marzo-racconti-nella-rete-alla-feltrinelli-di-pescara","status":"publish","type":"post","link":"https:\/\/www.raccontinellarete.it\/?p=37826","title":{"rendered":"Sabato 30 marzo Racconti nella Rete alla Feltrinelli di Pescara"},"content":{"rendered":"<p><a href=\"https:\/\/www.raccontinellarete.it\/?attachment_id=37828\" rel=\"attachment wp-att-37828\"><img loading=\"lazy\" decoding=\"async\" class=\"alignleft size-medium wp-image-37828\" src=\"https:\/\/www.raccontinellarete.it\/301\/wp-content\/uploads\/2019\/03\/pescara-locandina-177x250.jpg\" alt=\"\" width=\"177\" height=\"250\" srcset=\"https:\/\/www.raccontinellarete.it\/301\/wp-content\/uploads\/2019\/03\/pescara-locandina-177x250.jpg 177w, https:\/\/www.raccontinellarete.it\/301\/wp-content\/uploads\/2019\/03\/pescara-locandina-768x1086.jpg 768w, https:\/\/www.raccontinellarete.it\/301\/wp-content\/uploads\/2019\/03\/pescara-locandina-724x1024.jpg 724w, https:\/\/www.raccontinellarete.it\/301\/wp-content\/uploads\/2019\/03\/pescara-locandina.jpg 1240w\" sizes=\"(max-width: 177px) 100vw, 177px\" \/><\/a><\/p>\n<p style=\"text-align: justify;\">PESCARA &#8211; Sabato 30 marzo&nbsp; alle 18 alla libreria Feltrinelli, via Trento, \u00e8 in programma la presentazione dell\u2019antologia del premio letterario RACCONTI NELLA RETE&nbsp; (Castelvecchi Editore).<\/p>\n<p style=\"text-align: justify;\">Intervengono Demetrio Brandi, presidente del premio letterario, e gli autori Elisa De Leonardis, Marco Floridia, Ester Arena, Massimiliano Ferraris Di Celle, Marta Cer\u00f9, Liliana Sghettini, Nicoletta Fazio.&nbsp; Letture a cura&nbsp; dell\u2019attrice Franca Minnucci.&nbsp; Sar\u00e0 proiettato il cortometraggio \u201cPeccato capitale\u201d tratto dal soggetto di Donatella Mascia, vincitore della sezione corti del premio Racconti nella Rete 2018.&nbsp; Regia di Giuseppe Ferlito.<\/p>\n<p style=\"text-align: justify;\"><strong>Il premio \u00e8 una democratica vetrina d\u2019autore che si sviluppa annualmente nel sito www.raccontinellarete.it. Si pu\u00f2 partecipare alla diciottesima edizione inserendo un racconto inedito o un soggetto per cortometraggi&nbsp; entro il 31 maggio.<\/strong><\/p>\n<p style=\"text-align: justify;\">Racconti, racconti per bambini, soggetti per cortometraggi. Sono centinaia gli elaborati giunti quest\u2019anno alla XVII edizione di Racconti nella Rete\u00ae. Scegliere non \u00e8 mai facile. Scegliere \u00e8 perdersi in un labirinto di parole che vorremmo fossero tutte premiate per la loro bellezza e per il trasporto emotivo che evocano.&nbsp; In un mondo, quello contemporaneo, quasi totalmente social, il premio Racconti nella Rete\u00ae \u00e8 sempre pi\u00f9 una piattaforma di confronto per scrittori, per chi desidera mettersi alla prova con le parole, per quanti non temono di mettere a nudo i propri sentimenti, sottoponendo i loro scritti al giudizio di altri lettori.&nbsp; E questa formula, testata e perfettamente rodata da diciassette anni di premio, \u00e8 semplicemente meravigliosa. L\u2019antologia, arricchita per la copertina dal disegno di Benito Jacovitti, \u00e8 un pamphlet dei migliori componimenti che sono arrivati. Scegliere questi 25 non \u00e8 stato facile perch\u00e9 il livello dei racconti che arrivano \u00e8 sempre pi\u00f9 alto, anno dopo anno.<\/p>\n<p style=\"text-align: justify;\">Questi i venticinque scrittori che hanno vinto la selezione 2018: Alberto Alassio, Ester Arena, Federica Baggio, Mariangela Casulli, Marta Cer\u00f9, Manuel Chiocca, Elisa De Leonardis, Federico Fabbri, Laura Ferloni, Massimiliano Ferraris di Celle, Marco Floridia, Marianna Guida, Gianni Luca Iaccarino, Giorgio Leone, Ivana Librici, Lucia Masetti, Marco Mastroleo, Danilo Nucci, Claudia Mereu, Allyson Obber, Valeria Pisi, Rita Poggioli, Gaspare Scim\u00f2, Eleonora Selvi, Marco Stanzani.<\/p>\n<div class=\"pvc_clear\"><\/div>\n<p id=\"pvc_stats_37826\" class=\"pvc_stats all  \" data-element-id=\"37826\" style=\"\"><i class=\"pvc-stats-icon medium\" aria-hidden=\"true\"><svg aria-hidden=\"true\" focusable=\"false\" data-prefix=\"far\" data-icon=\"chart-bar\" role=\"img\" xmlns=\"http:\/\/www.w3.org\/2000\/svg\" viewBox=\"0 0 512 512\" class=\"svg-inline--fa fa-chart-bar fa-w-16 fa-2x\"><path fill=\"currentColor\" d=\"M396.8 352h22.4c6.4 0 12.8-6.4 12.8-12.8V108.8c0-6.4-6.4-12.8-12.8-12.8h-22.4c-6.4 0-12.8 6.4-12.8 12.8v230.4c0 6.4 6.4 12.8 12.8 12.8zm-192 0h22.4c6.4 0 12.8-6.4 12.8-12.8V140.8c0-6.4-6.4-12.8-12.8-12.8h-22.4c-6.4 0-12.8 6.4-12.8 12.8v198.4c0 6.4 6.4 12.8 12.8 12.8zm96 0h22.4c6.4 0 12.8-6.4 12.8-12.8V204.8c0-6.4-6.4-12.8-12.8-12.8h-22.4c-6.4 0-12.8 6.4-12.8 12.8v134.4c0 6.4 6.4 12.8 12.8 12.8zM496 400H48V80c0-8.84-7.16-16-16-16H16C7.16 64 0 71.16 0 80v336c0 17.67 14.33 32 32 32h464c8.84 0 16-7.16 16-16v-16c0-8.84-7.16-16-16-16zm-387.2-48h22.4c6.4 0 12.8-6.4 12.8-12.8v-70.4c0-6.4-6.4-12.8-12.8-12.8h-22.4c-6.4 0-12.8 6.4-12.8 12.8v70.4c0 6.4 6.4 12.8 12.8 12.8z\" class=\"\"><\/path><\/svg><\/i> <img loading=\"lazy\" decoding=\"async\" width=\"16\" height=\"16\" alt=\"Loading\" src=\"https:\/\/www.raccontinellarete.it\/301\/wp-content\/plugins\/page-views-count\/ajax-loader-2x.gif\" border=0 \/><\/p>\n<div class=\"pvc_clear\"><\/div>\n","protected":false},"excerpt":{"rendered":"<p>PESCARA &#8211; Sabato 30 marzo&nbsp; alle 18 alla libreria Feltrinelli, via Trento, \u00e8 in programma la presentazione dell\u2019antologia del premio letterario RACCONTI NELLA RETE&nbsp; (Castelvecchi Editore). Intervengono Demetrio Brandi, presidente del premio letterario, e gli autori Elisa De Leonardis, Marco Floridia, Ester Arena, Massimiliano Ferraris Di Celle, Marta Cer\u00f9, Liliana Sghettini, Nicoletta Fazio.&nbsp; Letture a [&hellip;]<\/p>\n<div class=\"pvc_clear\"><\/div>\n<p id=\"pvc_stats_37826\" class=\"pvc_stats all  \" data-element-id=\"37826\" style=\"\"><i class=\"pvc-stats-icon medium\" aria-hidden=\"true\"><svg aria-hidden=\"true\" focusable=\"false\" data-prefix=\"far\" data-icon=\"chart-bar\" role=\"img\" xmlns=\"http:\/\/www.w3.org\/2000\/svg\" viewBox=\"0 0 512 512\" class=\"svg-inline--fa fa-chart-bar fa-w-16 fa-2x\"><path fill=\"currentColor\" d=\"M396.8 352h22.4c6.4 0 12.8-6.4 12.8-12.8V108.8c0-6.4-6.4-12.8-12.8-12.8h-22.4c-6.4 0-12.8 6.4-12.8 12.8v230.4c0 6.4 6.4 12.8 12.8 12.8zm-192 0h22.4c6.4 0 12.8-6.4 12.8-12.8V140.8c0-6.4-6.4-12.8-12.8-12.8h-22.4c-6.4 0-12.8 6.4-12.8 12.8v198.4c0 6.4 6.4 12.8 12.8 12.8zm96 0h22.4c6.4 0 12.8-6.4 12.8-12.8V204.8c0-6.4-6.4-12.8-12.8-12.8h-22.4c-6.4 0-12.8 6.4-12.8 12.8v134.4c0 6.4 6.4 12.8 12.8 12.8zM496 400H48V80c0-8.84-7.16-16-16-16H16C7.16 64 0 71.16 0 80v336c0 17.67 14.33 32 32 32h464c8.84 0 16-7.16 16-16v-16c0-8.84-7.16-16-16-16zm-387.2-48h22.4c6.4 0 12.8-6.4 12.8-12.8v-70.4c0-6.4-6.4-12.8-12.8-12.8h-22.4c-6.4 0-12.8 6.4-12.8 12.8v70.4c0 6.4 6.4 12.8 12.8 12.8z\" class=\"\"><\/path><\/svg><\/i> <img loading=\"lazy\" decoding=\"async\" width=\"16\" height=\"16\" alt=\"Loading\" src=\"https:\/\/www.raccontinellarete.it\/301\/wp-content\/plugins\/page-views-count\/ajax-loader-2x.gif\" border=0 \/><\/p>\n<div class=\"pvc_clear\"><\/div>\n","protected":false},"author":3,"featured_media":38013,"comment_status":"open","ping_status":"closed","sticky":false,"template":"","format":"standard","meta":{"footnotes":""},"categories":[87,5],"tags":[],"class_list":["post-37826","post","type-post","status-publish","format-standard","has-post-thumbnail","hentry","category-comunicato-stampa","category-racconti-nella-rete"],"_links":{"self":[{"href":"https:\/\/www.raccontinellarete.it\/index.php?rest_route=\/wp\/v2\/posts\/37826"}],"collection":[{"href":"https:\/\/www.raccontinellarete.it\/index.php?rest_route=\/wp\/v2\/posts"}],"about":[{"href":"https:\/\/www.raccontinellarete.it\/index.php?rest_route=\/wp\/v2\/types\/post"}],"author":[{"embeddable":true,"href":"https:\/\/www.raccontinellarete.it\/index.php?rest_route=\/wp\/v2\/users\/3"}],"replies":[{"embeddable":true,"href":"https:\/\/www.raccontinellarete.it\/index.php?rest_route=%2Fwp%2Fv2%2Fcomments&post=37826"}],"version-history":[{"count":3,"href":"https:\/\/www.raccontinellarete.it\/index.php?rest_route=\/wp\/v2\/posts\/37826\/revisions"}],"predecessor-version":[{"id":38014,"href":"https:\/\/www.raccontinellarete.it\/index.php?rest_route=\/wp\/v2\/posts\/37826\/revisions\/38014"}],"wp:featuredmedia":[{"embeddable":true,"href":"https:\/\/www.raccontinellarete.it\/index.php?rest_route=\/wp\/v2\/media\/38013"}],"wp:attachment":[{"href":"https:\/\/www.raccontinellarete.it\/index.php?rest_route=%2Fwp%2Fv2%2Fmedia&parent=37826"}],"wp:term":[{"taxonomy":"category","embeddable":true,"href":"https:\/\/www.raccontinellarete.it\/index.php?rest_route=%2Fwp%2Fv2%2Fcategories&post=37826"},{"taxonomy":"post_tag","embeddable":true,"href":"https:\/\/www.raccontinellarete.it\/index.php?rest_route=%2Fwp%2Fv2%2Ftags&post=37826"}],"curies":[{"name":"wp","href":"https:\/\/api.w.org\/{rel}","templated":true}]}}