{"id":37751,"date":"2019-03-19T17:58:33","date_gmt":"2019-03-19T16:58:33","guid":{"rendered":"http:\/\/www.raccontinellarete.it\/?p=37751"},"modified":"2019-03-19T17:58:33","modified_gmt":"2019-03-19T16:58:33","slug":"premio-racconti-per-corti-2019-il-paese-degli-amori-sprecati-di-danilo-nucci","status":"publish","type":"post","link":"https:\/\/www.raccontinellarete.it\/?p=37751","title":{"rendered":"Premio Racconti per Corti 2019 &#8220;Il paese degli amori sprecati&#8221; di Danilo Nucci"},"content":{"rendered":"<p style=\"text-align: justify;\">Davide sta guidando su una strada quasi deserta nella campagna in un luogo qualunque. Suona il telefono. Attiva il vivavoce :<\/p>\n<p style=\"text-align: justify;\"><em>\u201cDavide, sono Marco. Ma dove sei? Mi ha telefonato Mary, che \u00e8 successo?\u201d<\/em><\/p>\n<p style=\"text-align: justify;\"><em>\u201cCiao Marco, niente di nuovo. Stavolta ci siamo accapigliati per la scelta di dove passare le vacanze e me ne sono andato\u201d.\u00a0\u00a0\u00a0 <\/em><\/p>\n<p style=\"text-align: justify;\"><em>\u201cDi nuovo? Possibile che non riusciate a trovarvi su niente? Tutti e due cocciuti, ostinati sulle proprie posizioni. Eppure lo so che vi amate\u201d.<\/em><\/p>\n<p style=\"text-align: justify;\"><em>\u201cNon possiamo continuare a distruggerci cos\u00ec. Ora \u00e8 veramente finita. Sono partito da solo. Non ti preoccupare: \u00e8 tutto a posto. Grazie, ciao Marco\u201d.<\/em><\/p>\n<p style=\"text-align: justify;\">Riattacca senza aspettare risposta.<br \/>\nVede un piccolo bar aperto e si ferma, prende un caff\u00e8 esce e ritorna verso l\u2019auto parcheggiata.<br \/>\nE\u2019 di nuovo alla guida quando intravede una stradina sterrata sulla destra. All\u2019inizio della stradina c\u2019\u00e8 un cartello malmesso, che punta in basso.Accosta con l\u2019auto e riesce a leggere: \u201cColleperso &#8211; Il paese degli amori sprecati\u201d.<br \/>\nSi avvia per quella stradina che si fa sempre pi\u00f9 angusta. Lascia l\u2019auto e prosegue a piedi. Si fa largo con difficolt\u00e0 fra i cespugli fino ad arrivare a una radura in alto con poche case.<br \/>\nVede un donna seduta fuori di una casa intenta a lavorare a maglia. Lei interrompe il lavoro:<\/p>\n<p style=\"text-align: justify;\"><em>\u00abBenvenuto, Signor \u2026?\u00bb.<\/em><\/p>\n<p style=\"text-align: justify;\"><em>\u00abDavide,\u00a0 Davide Romiti\u2026 Non so perch\u00e9 mi trovi quass\u00f9, non vorrei averla disturbata \u2026 signora? \u2026\u00bb<\/em><\/p>\n<p style=\"text-align: justify;\"><em>\u00abMargherita. No, nessun disturbo. Se \u00e8 arrivato qui certamente una ragione c\u2019\u00e8, anche se non lo sa\u00bb.<\/em><\/p>\n<p style=\"text-align: justify;\"><em>\u00abMa dove mi trovo?\u00bb<\/em><\/p>\n<p style=\"text-align: justify;\"><em>\u00abCome? Non l\u2019ha capito? Non ha letto l\u2019indicazione?\u00bb<\/em><\/p>\n<p style=\"text-align: justify;\"><em>\u00abS\u00ec, l\u2019ho letta, ma che senso ha? Ho pensato che si trattasse di un invito per un\u2019attrazione turistica. Amori sprecati?\u00bb<\/em><\/p>\n<p style=\"text-align: justify;\"><em>\u00abNo, Davide, niente di turistico e nemmeno di divertente, stiamo parlando di sentimenti profondi, anche estremamente dolci e pieni di ricordi struggenti, ma niente da esibire. Tutto \u00e8 molto personale e privato\u00bb.<\/em><\/p>\n<p style=\"text-align: justify;\"><em>\u00abNon riesco proprio a capire, mi scusi. Che paese \u00e8 questo? Chi \u00e8 lei? E chi sono gli altri abitanti di queste case qui attorno?\u00bb.<\/em><\/p>\n<p style=\"text-align: justify;\"><em>\u00abVede Davide, lei ha varcato la soglia di una specie di limbo da cui potremmo uscire se solo riuscissimo a fare scelte coraggiose. Qui siamo tutti uniti dall\u2019errore comune di aver sprecato, in modi diversi, l\u2019amore. In un mondo in cui l\u2019odio \u00e8 cos\u00ec diffuso e a buon mercato, sprecare l\u2019amore \u00e8 una colpa grave, Davide\u00bb.<\/em><\/p>\n<p style=\"text-align: justify;\"><em>\u00abMa, chi sono gli altri che abitano qui?\u00bb<\/em><\/p>\n<p style=\"text-align: justify;\"><em>\u00abSemplicemente uomini e donne, proprio come lei e me, diversi nelle loro storie. L\u00e0 abita Caterina. Ha amato un uomo che la picchiava selvaggiamente e lei non l\u2019ha mai denunciato. Quando l\u2019hanno arrestato e condannato per un omicidio che aveva commesso \u00e8 stata la fine dell\u2019incubo di Caterina. Ma lei ha continuato ad amarlo e lo ama ancora\u00bb.<\/em><\/p>\n<p style=\"text-align: justify;\"><em>\u00abE in quella casa un po\u2019 pi\u00f9 grande, l\u00ec accanto?\u00bb<\/em><\/p>\n<p style=\"text-align: justify;\"><em>\u00abL\u00e0 abita Enrico, un brav\u2019uomo. Ha amato una donna fino da quando entrambi erano bambini, l\u2019ha amata per tutta la vita, ma la sua timidezza, il suo timore di sentirsi sempre inadeguato ad ogni situazione,\u00a0 la paura di sentirsi rifiutato, non gli hanno mai permesso di esprimersi, di chiederle di uscire con lui, di dirle \u201cti amo\u201d.<\/em><\/p>\n<p style=\"text-align: justify;\">Si vede un uomo che porta una fascina sulle spalle.<\/p>\n<p style=\"text-align: justify;\"><em>\u00abE quello chi \u00e8?\u00bb<\/em><\/p>\n<p style=\"text-align: justify;\"><em>\u00ab\u00c8 Carlo, il fornaio del villaggio. Carlo era sposato con Anna, un\u2019unione tranquilla, fino a che lui non conobbe Maria, la donna che aveva sempre sognato, quella che se avesse potuto, se la sarebbe plasmata proprio cos\u00ec, con la stessa cura che metteva nell\u2019impastare il suo pane, una donna con cui bastava incrociare uno sguardo per capirsi al volo, senza bisogno di tante parole.<br \/>\nNon ebbe il coraggio di lasciare Anna. Il suo senso di responsabilit\u00e0 ebbe il sopravvento sui sentimenti e Carlo, con grande dolore, rinunci\u00f2 alla donna della sua vita.<\/em><\/p>\n<p style=\"text-align: justify;\"><em>\u00abE lei? perch\u00e9 si trova qui?\u00bb<\/em><\/p>\n<p style=\"text-align: justify;\"><em>\u00abTanti anni fa ebbi una relazione con uomo che credetti di amare alla follia, ma quando gli dissi che aspettavo un figlio da lui, si dilegu\u00f2 rapidamente, senza lasciare tracce di s\u00e9. Decisi che avrei fatto tutto da sola, che sarei riuscita a tirare su mio figlio, anche senza un padre. Purtroppo una malattia che non perdona me lo port\u00f2 via. Da allora vivo soltanto nel ricordo di lui. Passo il mio tempo cucendo, lavorando a maglia, ricamando, facendo abiti e accessori per lui, seguendo la sua ideale crescita. In casa ho cassetti pieni di cose che ho fatto per lui\u00bb.<\/em><\/p>\n<p style=\"text-align: justify;\"><em>\u00abMa \u2026 che senso ha? A che serve? A chi serve?\u00bb<\/em><\/p>\n<p style=\"text-align: justify;\"><em>\u00abA nessuno, serve, se non a me, per mantenere viva questa illusione, ma lei non faccia il mio, il nostro, stesso errore, Davide\u00bb.<\/em><\/p>\n<p style=\"text-align: justify;\">Davide saluta Margherita e si dirige nuovamente verso quell\u2019intricato groviglio di cespugli. Il passaggio \u00e8 \u00a0ancora pi\u00f9 difficile. Viene colto dal panico.<br \/>\nAd un tratto una voce:<\/p>\n<p style=\"text-align: justify;\"><em>\u00abSignore? Tutto bene?\u00bb<\/em><\/p>\n<p style=\"text-align: justify;\">Davide si risveglia confuso all\u2019interno dell\u2019auto nel piazzale del bar in cui si era fermato.<\/p>\n<p style=\"text-align: justify;\"><em>\u00abS\u00ec, s\u00ec, grazie \u2026\u00bb.<\/em><\/p>\n<p style=\"text-align: justify;\">Rimane perplesso, come a voler definire il tenue confine fra realt\u00e0 e sogno. Mette in moto e riprogramma il navigatore. La solita voce fredda e senza emozioni: <em>\u201cTornate indietro, appena potete\u201d<\/em>.<\/p>\n<div class=\"pvc_clear\"><\/div>\n<p id=\"pvc_stats_37751\" class=\"pvc_stats all  \" data-element-id=\"37751\" style=\"\"><i class=\"pvc-stats-icon medium\" aria-hidden=\"true\"><svg aria-hidden=\"true\" focusable=\"false\" data-prefix=\"far\" data-icon=\"chart-bar\" role=\"img\" xmlns=\"http:\/\/www.w3.org\/2000\/svg\" viewBox=\"0 0 512 512\" class=\"svg-inline--fa fa-chart-bar fa-w-16 fa-2x\"><path fill=\"currentColor\" d=\"M396.8 352h22.4c6.4 0 12.8-6.4 12.8-12.8V108.8c0-6.4-6.4-12.8-12.8-12.8h-22.4c-6.4 0-12.8 6.4-12.8 12.8v230.4c0 6.4 6.4 12.8 12.8 12.8zm-192 0h22.4c6.4 0 12.8-6.4 12.8-12.8V140.8c0-6.4-6.4-12.8-12.8-12.8h-22.4c-6.4 0-12.8 6.4-12.8 12.8v198.4c0 6.4 6.4 12.8 12.8 12.8zm96 0h22.4c6.4 0 12.8-6.4 12.8-12.8V204.8c0-6.4-6.4-12.8-12.8-12.8h-22.4c-6.4 0-12.8 6.4-12.8 12.8v134.4c0 6.4 6.4 12.8 12.8 12.8zM496 400H48V80c0-8.84-7.16-16-16-16H16C7.16 64 0 71.16 0 80v336c0 17.67 14.33 32 32 32h464c8.84 0 16-7.16 16-16v-16c0-8.84-7.16-16-16-16zm-387.2-48h22.4c6.4 0 12.8-6.4 12.8-12.8v-70.4c0-6.4-6.4-12.8-12.8-12.8h-22.4c-6.4 0-12.8 6.4-12.8 12.8v70.4c0 6.4 6.4 12.8 12.8 12.8z\" class=\"\"><\/path><\/svg><\/i> <img loading=\"lazy\" decoding=\"async\" width=\"16\" height=\"16\" alt=\"Loading\" src=\"https:\/\/www.raccontinellarete.it\/301\/wp-content\/plugins\/page-views-count\/ajax-loader-2x.gif\" border=0 \/><\/p>\n<div class=\"pvc_clear\"><\/div>\n","protected":false},"excerpt":{"rendered":"<p>Davide sta guidando su una strada quasi deserta nella campagna in un luogo qualunque. Suona il telefono. Attiva il vivavoce : \u201cDavide, sono Marco. Ma dove sei? Mi ha telefonato Mary, che \u00e8 successo?\u201d \u201cCiao Marco, niente di nuovo. Stavolta ci siamo accapigliati per la scelta di dove passare le vacanze e me ne sono [&hellip;]<\/p>\n<div class=\"pvc_clear\"><\/div>\n<p id=\"pvc_stats_37751\" class=\"pvc_stats all  \" data-element-id=\"37751\" style=\"\"><i class=\"pvc-stats-icon medium\" aria-hidden=\"true\"><svg aria-hidden=\"true\" focusable=\"false\" data-prefix=\"far\" data-icon=\"chart-bar\" role=\"img\" xmlns=\"http:\/\/www.w3.org\/2000\/svg\" viewBox=\"0 0 512 512\" class=\"svg-inline--fa fa-chart-bar fa-w-16 fa-2x\"><path fill=\"currentColor\" d=\"M396.8 352h22.4c6.4 0 12.8-6.4 12.8-12.8V108.8c0-6.4-6.4-12.8-12.8-12.8h-22.4c-6.4 0-12.8 6.4-12.8 12.8v230.4c0 6.4 6.4 12.8 12.8 12.8zm-192 0h22.4c6.4 0 12.8-6.4 12.8-12.8V140.8c0-6.4-6.4-12.8-12.8-12.8h-22.4c-6.4 0-12.8 6.4-12.8 12.8v198.4c0 6.4 6.4 12.8 12.8 12.8zm96 0h22.4c6.4 0 12.8-6.4 12.8-12.8V204.8c0-6.4-6.4-12.8-12.8-12.8h-22.4c-6.4 0-12.8 6.4-12.8 12.8v134.4c0 6.4 6.4 12.8 12.8 12.8zM496 400H48V80c0-8.84-7.16-16-16-16H16C7.16 64 0 71.16 0 80v336c0 17.67 14.33 32 32 32h464c8.84 0 16-7.16 16-16v-16c0-8.84-7.16-16-16-16zm-387.2-48h22.4c6.4 0 12.8-6.4 12.8-12.8v-70.4c0-6.4-6.4-12.8-12.8-12.8h-22.4c-6.4 0-12.8 6.4-12.8 12.8v70.4c0 6.4 6.4 12.8 12.8 12.8z\" class=\"\"><\/path><\/svg><\/i> <img loading=\"lazy\" decoding=\"async\" width=\"16\" height=\"16\" alt=\"Loading\" src=\"https:\/\/www.raccontinellarete.it\/301\/wp-content\/plugins\/page-views-count\/ajax-loader-2x.gif\" border=0 \/><\/p>\n<div class=\"pvc_clear\"><\/div>\n","protected":false},"author":12806,"featured_media":0,"comment_status":"open","ping_status":"closed","sticky":false,"template":"","format":"standard","meta":{"footnotes":""},"categories":[533],"tags":[],"class_list":["post-37751","post","type-post","status-publish","format-standard","hentry","category-premio-racconti-per-corti-2019"],"_links":{"self":[{"href":"https:\/\/www.raccontinellarete.it\/index.php?rest_route=\/wp\/v2\/posts\/37751"}],"collection":[{"href":"https:\/\/www.raccontinellarete.it\/index.php?rest_route=\/wp\/v2\/posts"}],"about":[{"href":"https:\/\/www.raccontinellarete.it\/index.php?rest_route=\/wp\/v2\/types\/post"}],"author":[{"embeddable":true,"href":"https:\/\/www.raccontinellarete.it\/index.php?rest_route=\/wp\/v2\/users\/12806"}],"replies":[{"embeddable":true,"href":"https:\/\/www.raccontinellarete.it\/index.php?rest_route=%2Fwp%2Fv2%2Fcomments&post=37751"}],"version-history":[{"count":7,"href":"https:\/\/www.raccontinellarete.it\/index.php?rest_route=\/wp\/v2\/posts\/37751\/revisions"}],"predecessor-version":[{"id":37805,"href":"https:\/\/www.raccontinellarete.it\/index.php?rest_route=\/wp\/v2\/posts\/37751\/revisions\/37805"}],"wp:attachment":[{"href":"https:\/\/www.raccontinellarete.it\/index.php?rest_route=%2Fwp%2Fv2%2Fmedia&parent=37751"}],"wp:term":[{"taxonomy":"category","embeddable":true,"href":"https:\/\/www.raccontinellarete.it\/index.php?rest_route=%2Fwp%2Fv2%2Fcategories&post=37751"},{"taxonomy":"post_tag","embeddable":true,"href":"https:\/\/www.raccontinellarete.it\/index.php?rest_route=%2Fwp%2Fv2%2Ftags&post=37751"}],"curies":[{"name":"wp","href":"https:\/\/api.w.org\/{rel}","templated":true}]}}