{"id":37738,"date":"2019-03-19T18:02:10","date_gmt":"2019-03-19T17:02:10","guid":{"rendered":"http:\/\/www.raccontinellarete.it\/?p=37738"},"modified":"2019-03-19T18:02:10","modified_gmt":"2019-03-19T17:02:10","slug":"premio-racconti-per-corti-2019-amici-per-sempre-di-giorgio-leone","status":"publish","type":"post","link":"https:\/\/www.raccontinellarete.it\/?p=37738","title":{"rendered":"Premio Racconti per Corti 2019 &#8220;Amici per sempre&#8221; di Giorgio Leone"},"content":{"rendered":"<p>\u00c8 mattina. Un vecchio percorre i vicoli di Lucca trascinando faticosamente una valigia.<\/p>\n<p>Interno di un appartamento. Un altro vecchio si alza dal letto e gira per casa in pigiama. Zoppica lievemente. <em>(le scene all\u2019esterno vanno alternate con quelle all\u2019interno). <\/em>Si fa la barba col rasoio a batteria, annaffia qualche piantina, prepara la colazione. Mette dei croccantini in una scodella per terra e cambia l\u2019acqua della ciotola.<\/p>\n<p>\u00abBal\u00f9, vieni, la pappa \u00e8 pronta!\u00bb<\/p>\n<p>Il cane non arriva.<\/p>\n<p>Il campanello squilla e va ad aprire la porta.\u00a0\u00c8 l\u2019uomo con la valigia. Si abbracciano con affetto dandosi vigorose pacche sulle spalle.<\/p>\n<p>\u00abEccomi qua, Giacomo, come ti avevo promesso.\u00bb dice il nuovo venuto. \u00abAppena arrivato mi sono precipitato da te. Prima ancora di andare a casa.\u00bb<\/p>\n<p>\u00abHai fatto bene, Vanni, tanto l\u00ec non c\u2019\u00e8 nessuno. Mi hai fatto aspettare, ma alla fine eccoti qui. Entra, sarai stanco per il viaggio.\u00bb<\/p>\n<p>\u00abLo sono, ma non vedevo l\u2019ora di rivederti. Sono passati sei mesi dall&#8217;ultima volta!\u00bb<\/p>\n<p>Si siedono al tavolo della cucina.<\/p>\n<p>\u00abNon ti trovo molto bene, anzi stai da schifo!\u00bb dice il padrone di casa \u00abL&#8217;ultimo periodo deve essere stato tosto per te. Sei pallido come un morto!\u00bb .<\/p>\n<p>\u00abTu invece sei uguale all\u2019ultima volta che ti ho visto, e non eri certo il ritratto della salute!\u00bb<\/p>\n<p>Ridono di gusto.<\/p>\n<p>\u00abAdesso basta con i complimenti. Dai, beviamoci un bicchiere di prosecco.\u00bb invita Giacomo.<\/p>\n<p>\u00abMa non \u00e8 un po\u2019 troppo presto?\u00bb<\/p>\n<p>\u00abE chi se ne frega, ormai possiamo fare quello che vogliamo. Cosa abbiamo da perdere? Inoltre oggi dobbiamo festeggiare, e il caff\u00e8 non va bene.\u00bb<\/p>\n<p>Brindano, poi restano qualche tempo in silenzio, come presi dai ricordi. Riprende a parlare Vanni.<\/p>\n<p>\u00abE che mi dici, ti sei annoiato senza di me?\u00bb<\/p>\n<p>\u00abLo sai bene che c\u2019\u00e8 il mio cane a farmi compagnia. Tra noi c\u2019\u00e8 un\u2019amicizia pi\u00f9 unica che rara. Bal\u00f9, vieni a mangiare, non hai fame oggi?\u00bb<\/p>\n<p>Fischia, ma il cane ancora non compare.<\/p>\n<p>\u00abGi\u00e0, tuo cane. Ma sei proprio sicuro che possa ancora venire da te?\u00bb<\/p>\n<p>\u00abMa certo che pu\u00f2! Bal\u00f9, dove ti sei cacciato?\u00bb<\/p>\n<p>Vanni scuote la testa tristemente.<\/p>\n<p>\u00abLo vedi che non viene? Te lo dico da amico, ormai non pu\u00f2 pi\u00f9 farlo.\u00bb<\/p>\n<p>\u00abTi sbagli di grosso! Viene tutti i giorni almeno un paio di volte, si fa fuori i croccantini in un attimo, poi si accuccia ai miei piedi.\u00bb<\/p>\n<p>\u00abSei sicuro di non immaginartelo? Non pensi che ormai sia solo nei tuoi ricordi?\u00bb<\/p>\n<p>\u00abMa perch\u00e9 dici cos\u00ec?\u00bb<\/p>\n<p>Vanni esita un attimo, poi si fa coraggio. Questa cosa non la voleva dire, ma non sa che altro fare.<\/p>\n<p>\u00abPerch\u00e9 la morte alza barriere invalicabili.\u00bb<\/p>\n<p>\u00abMa l&#8217;amicizia che c\u2019\u00e8 tra me e lui \u00e8 pi\u00f9 forte di qualunque barriera! Chiamalo pure miracolo, se vuoi. Se non mi credi, puoi anche andartene a casa tua.\u00bb<\/p>\n<p>Vanni sta per ribattere, ma in quel momento entra il cane che abbaia felice al padrone e divora la pappa. Poi si accoccola sul pavimento.<\/p>\n<p>\u00ab\u00c8 proprio Bal\u00f9, lo riconosco!\u00bb dice Vanni sbalordito e frastornato \u00abMa com\u2019\u00e8 possibile?\u00bb<\/p>\n<p>\u00abQuindi lo vedi anche tu! Che dici, siamo in due a immaginarcelo?\u00bb<\/p>\n<p>\u00abTi chiedo scusa, avevo torto!\u00bb<\/p>\n<p>\u00abNon ti preoccupare, facciamoci un altro calice alla salute di tutti e tre.\u00bb<\/p>\n<p>Versa da bere.<\/p>\n<p>\u00abAlla nostra!\u00bb<\/p>\n<p>\u00abAlla nostra! Viva Bal\u00f9!\u00bb<\/p>\n<p style=\"text-align: center;\">*******<\/p>\n<p>La scena cambia, siamo al cimitero. Un cane \u00e8 accucciato davanti a una tomba. Un uomo e una donna, che accudiscono quella accanto, lo guardano inteneriti.<\/p>\n<p>\u00abChe cane straordinario! Da quando il suo padrone \u00e8 morto sei mesi fa, non si da pace e tutti i giorni, bello o cattivo tempo che sia, viene a trovarlo e resta buono buono ai piedi della lapide. Spesso si addormenta, poi la sera se ne va chiss\u00e0 dove. Giacomo non aveva nessuno al mondo e aveva come compagnia solo i suoi cani, Bal\u00f9 \u00e8 stato l\u2019ultimo. Ah no, mi sto sbagliando, aveva anche un amico, un altro solitario. Si \u00e8 occupato proprio lui del funerale e della tomba. Pensa, l\u2019hanno seppellito oggi.\u00bb<\/p>\n<p>\u00abUna storia incredibile e commovente, Bal\u00f9 \u00e8 un cane unico. E pensare che tutti nel quartiere fanno a gara a offrirgli del cibo, ma lui rifiuta sempre. Dio solo sa dove va a mangiare!\u00bb<\/p>\n<p>Mentre parla, l&#8217;obiettivo zuma sulla lapide dove c\u2019\u00e8 la foto di Giacomo sorridente con l\u2019animale beato fra le sue braccia. La musica, prima in sottofondo e poi sempre pi\u00f9 forte anche durante la dissolvenza e i titoli di coda, \u00e8 \u201cYou\u2019ve got a friend\u201d di James Taylor.<\/p>\n<p style=\"text-align: center;\">Fine.<\/p>\n<div class=\"pvc_clear\"><\/div>\n<p id=\"pvc_stats_37738\" class=\"pvc_stats all  \" data-element-id=\"37738\" style=\"\"><i class=\"pvc-stats-icon medium\" aria-hidden=\"true\"><svg aria-hidden=\"true\" focusable=\"false\" data-prefix=\"far\" data-icon=\"chart-bar\" role=\"img\" xmlns=\"http:\/\/www.w3.org\/2000\/svg\" viewBox=\"0 0 512 512\" class=\"svg-inline--fa fa-chart-bar fa-w-16 fa-2x\"><path fill=\"currentColor\" d=\"M396.8 352h22.4c6.4 0 12.8-6.4 12.8-12.8V108.8c0-6.4-6.4-12.8-12.8-12.8h-22.4c-6.4 0-12.8 6.4-12.8 12.8v230.4c0 6.4 6.4 12.8 12.8 12.8zm-192 0h22.4c6.4 0 12.8-6.4 12.8-12.8V140.8c0-6.4-6.4-12.8-12.8-12.8h-22.4c-6.4 0-12.8 6.4-12.8 12.8v198.4c0 6.4 6.4 12.8 12.8 12.8zm96 0h22.4c6.4 0 12.8-6.4 12.8-12.8V204.8c0-6.4-6.4-12.8-12.8-12.8h-22.4c-6.4 0-12.8 6.4-12.8 12.8v134.4c0 6.4 6.4 12.8 12.8 12.8zM496 400H48V80c0-8.84-7.16-16-16-16H16C7.16 64 0 71.16 0 80v336c0 17.67 14.33 32 32 32h464c8.84 0 16-7.16 16-16v-16c0-8.84-7.16-16-16-16zm-387.2-48h22.4c6.4 0 12.8-6.4 12.8-12.8v-70.4c0-6.4-6.4-12.8-12.8-12.8h-22.4c-6.4 0-12.8 6.4-12.8 12.8v70.4c0 6.4 6.4 12.8 12.8 12.8z\" class=\"\"><\/path><\/svg><\/i> <img loading=\"lazy\" decoding=\"async\" width=\"16\" height=\"16\" alt=\"Loading\" src=\"https:\/\/www.raccontinellarete.it\/301\/wp-content\/plugins\/page-views-count\/ajax-loader-2x.gif\" border=0 \/><\/p>\n<div class=\"pvc_clear\"><\/div>\n","protected":false},"excerpt":{"rendered":"<p>\u00c8 mattina. Un vecchio percorre i vicoli di Lucca trascinando faticosamente una valigia. Interno di un appartamento. Un altro vecchio si alza dal letto e gira per casa in pigiama. Zoppica lievemente. (le scene all\u2019esterno vanno alternate con quelle all\u2019interno). Si fa la barba col rasoio a batteria, annaffia qualche piantina, prepara la colazione. Mette [&hellip;]<\/p>\n<div class=\"pvc_clear\"><\/div>\n<p id=\"pvc_stats_37738\" class=\"pvc_stats all  \" data-element-id=\"37738\" style=\"\"><i class=\"pvc-stats-icon medium\" aria-hidden=\"true\"><svg aria-hidden=\"true\" focusable=\"false\" data-prefix=\"far\" data-icon=\"chart-bar\" role=\"img\" xmlns=\"http:\/\/www.w3.org\/2000\/svg\" viewBox=\"0 0 512 512\" class=\"svg-inline--fa fa-chart-bar fa-w-16 fa-2x\"><path fill=\"currentColor\" d=\"M396.8 352h22.4c6.4 0 12.8-6.4 12.8-12.8V108.8c0-6.4-6.4-12.8-12.8-12.8h-22.4c-6.4 0-12.8 6.4-12.8 12.8v230.4c0 6.4 6.4 12.8 12.8 12.8zm-192 0h22.4c6.4 0 12.8-6.4 12.8-12.8V140.8c0-6.4-6.4-12.8-12.8-12.8h-22.4c-6.4 0-12.8 6.4-12.8 12.8v198.4c0 6.4 6.4 12.8 12.8 12.8zm96 0h22.4c6.4 0 12.8-6.4 12.8-12.8V204.8c0-6.4-6.4-12.8-12.8-12.8h-22.4c-6.4 0-12.8 6.4-12.8 12.8v134.4c0 6.4 6.4 12.8 12.8 12.8zM496 400H48V80c0-8.84-7.16-16-16-16H16C7.16 64 0 71.16 0 80v336c0 17.67 14.33 32 32 32h464c8.84 0 16-7.16 16-16v-16c0-8.84-7.16-16-16-16zm-387.2-48h22.4c6.4 0 12.8-6.4 12.8-12.8v-70.4c0-6.4-6.4-12.8-12.8-12.8h-22.4c-6.4 0-12.8 6.4-12.8 12.8v70.4c0 6.4 6.4 12.8 12.8 12.8z\" class=\"\"><\/path><\/svg><\/i> <img loading=\"lazy\" decoding=\"async\" width=\"16\" height=\"16\" alt=\"Loading\" src=\"https:\/\/www.raccontinellarete.it\/301\/wp-content\/plugins\/page-views-count\/ajax-loader-2x.gif\" border=0 \/><\/p>\n<div class=\"pvc_clear\"><\/div>\n","protected":false},"author":6970,"featured_media":0,"comment_status":"open","ping_status":"closed","sticky":false,"template":"","format":"standard","meta":{"footnotes":""},"categories":[533],"tags":[],"class_list":["post-37738","post","type-post","status-publish","format-standard","hentry","category-premio-racconti-per-corti-2019"],"_links":{"self":[{"href":"https:\/\/www.raccontinellarete.it\/index.php?rest_route=\/wp\/v2\/posts\/37738"}],"collection":[{"href":"https:\/\/www.raccontinellarete.it\/index.php?rest_route=\/wp\/v2\/posts"}],"about":[{"href":"https:\/\/www.raccontinellarete.it\/index.php?rest_route=\/wp\/v2\/types\/post"}],"author":[{"embeddable":true,"href":"https:\/\/www.raccontinellarete.it\/index.php?rest_route=\/wp\/v2\/users\/6970"}],"replies":[{"embeddable":true,"href":"https:\/\/www.raccontinellarete.it\/index.php?rest_route=%2Fwp%2Fv2%2Fcomments&post=37738"}],"version-history":[{"count":26,"href":"https:\/\/www.raccontinellarete.it\/index.php?rest_route=\/wp\/v2\/posts\/37738\/revisions"}],"predecessor-version":[{"id":37807,"href":"https:\/\/www.raccontinellarete.it\/index.php?rest_route=\/wp\/v2\/posts\/37738\/revisions\/37807"}],"wp:attachment":[{"href":"https:\/\/www.raccontinellarete.it\/index.php?rest_route=%2Fwp%2Fv2%2Fmedia&parent=37738"}],"wp:term":[{"taxonomy":"category","embeddable":true,"href":"https:\/\/www.raccontinellarete.it\/index.php?rest_route=%2Fwp%2Fv2%2Fcategories&post=37738"},{"taxonomy":"post_tag","embeddable":true,"href":"https:\/\/www.raccontinellarete.it\/index.php?rest_route=%2Fwp%2Fv2%2Ftags&post=37738"}],"curies":[{"name":"wp","href":"https:\/\/api.w.org\/{rel}","templated":true}]}}