{"id":37635,"date":"2019-03-05T22:42:28","date_gmt":"2019-03-05T21:42:28","guid":{"rendered":"http:\/\/www.raccontinellarete.it\/?p=37635"},"modified":"2019-03-12T16:48:49","modified_gmt":"2019-03-12T15:48:49","slug":"premio-racconti-nella-rete-2019-la-leyenda-del-santuario-de-quetzalcoatl-la-leggenda-del-santuario-di-quetzalcoatl","status":"publish","type":"post","link":"https:\/\/www.raccontinellarete.it\/?p=37635","title":{"rendered":"Premio Racconti nella Rete 2019 &#8220;La leyenda del Santuario de Quetzalcoatl  &#8211; \u00a0La leggenda del santuario di  Quetzalcoatl&#8221; di Donatella Salucci"},"content":{"rendered":"<p><em>\u00a0 \u00a0 \u00a0 \u00a0 \u00a0 \u00a0 \u00a0 \u00a0 \u00a0 \u00a0 \u00a0 \u00a0 \u00a0 \u00a0 \u00a0 \u00a0 \u00a0 \u00a0 \u00a0 \u00a0 \u00a0 \u00a0 \u00a0 \u00a0 \u00a0 \u00a0 \u00a0 \u00a0 \u00a0 \u00a0 \u00a0 \u00a0 \u00a0 \u00a0 \u00a0 \u00a0 \u00a0 \u00a0 \u00a0 \u00a0 \u00a0 \u00a0 \u00a0 \u00a0 \u00a0 \u00a0 \u00a0 \u00a0 \u00a0 \u00a0 \u00a0 \u00a0 \u00a0 \u00a0 \u00a0 \u00a0 \u00a0 \u00a0 \u00a0 \u00a0 \u00a0 \u00a0 \u00a0 \u00a0 \u00a0 \u00a0 \u00a0 \u00a0 \u00a0 \u00a0 \u00a0 \u00a0 \u00a0 \u00a0 \u00a0 \u00a0 \u00a0 \u00a0 \u00a0 \u00a0 \u00a0 \u00a0 \u00a0 \u00a0 \u00a0 \u00a0 \u00a0 \u00a0 \u00a0 \u00a0 \u00a0 \u00a0 \u00a0 \u00a0 \u00a0 \u00a0 \u00a0 \u00a0 \u00a0 \u00a0Salamanca, 22 de agosto de 2005<\/em><\/p>\n<p><em>\u00a0\u00a0\u00a0\u00a0\u00a0\u00a0\u00a0\u00a0\u00a0\u00a0\u00a0\u00a0\u00a0\u00a0\u00a0\u00a0\u00a0\u00a0\u00a0\u00a0\u00a0\u00a0\u00a0\u00a0\u00a0\u00a0\u00a0\u00a0\u00a0\u00a0\u00a0\u00a0\u00a0\u00a0\u00a0\u00a0\u00a0\u00a0\u00a0\u00a0\u00a0\u00a0\u00a0\u00a0\u00a0\u00a0\u00a0\u00a0\u00a0\u00a0\u00a0\u00a0\u00a0\u00a0\u00a0\u00a0\u00a0\u00a0\u00a0\u00a0\u00a0\u00a0\u00a0\u00a0\u00a0\u00a0\u00a0\u00a0\u00a0\u00a0\u00a0\u00a0\u00a0\u00a0\u00a0\u00a0\u00a0\u00a0\u00a0\u00a0\u00a0\u00a0\u00a0\u00a0\u00a0\u00a0\u00a0\u00a0\u00a0\u00a0\u00a0\u00a0\u00a0\u00a0\u00a0\u00a0\u00a0\u00a0\u00a0\u00a0\u00a0\u00a0\u00a0\u00a0\u00a0\u00a0\u00a0\u00a0\u00a0\u00a0\u00a0\u00a0\u00a0\u00a0\u00a0\u00a0\u00a0\u00a0\u00a0\u00a0\u00a0\u00a0\u00a0\u00a0\u00a0\u00a0\u00a0\u00a0\u00a0\u00a0\u00a0\u00a0\u00a0\u00a0\u00a0\u00a0\u00a0\u00a0\u00a0\u00a0\u00a0\u00a0\u00a0\u00a0\u00a0\u00a0\u00a0\u00a0\u00a0\u00a0\u00a0\u00a0\u00a0\u00a0\u00a0\u00a0 <\/em><\/p>\n<p><em>\u00a0<\/em><\/p>\n<p style=\"text-align: center;\"><strong>LA LEYENDA DEL SANTUARIO DE QUETZALCOATL<\/strong><\/p>\n<p><strong>\u00a0<\/strong><\/p>\n<p style=\"text-align: justify;\">Ten\u00eda el nombre de Danto Volc\u00e1n pero no por casualidad &#8220;sino porque \u00e9l mismo lo busc\u00f3 y lo encontr\u00f3 y se visti\u00f3 con \u00e9l&#8221;.<\/p>\n<p style=\"text-align: justify;\">Era un hombre aparentemente simple, con rasgos que escond\u00edan su origen nicarag\u00fcense y llevaba siempre ropa de colores oscuros para pasar inadvertido. Era lo suficientemente abierto con la gente y no importaba cu\u00e1l fuera el tema de que se hablara, era capaz de ocultar sus emociones. No frecuentaba mujeres, mucho menos si eran peninsulares. Nadie sab\u00eda por qu\u00e9 hab\u00eda dejado su pa\u00eds para vivir en la profundidad de la vieja Castilla, donde hab\u00eda encontrado trabajo como conductor para una panader\u00eda de Salamanca y tampoco nadie se atrevi\u00f3 a pregunt\u00e1rselo.<\/p>\n<p style=\"text-align: justify;\">Cada d\u00eda, Francisco Aguilar Ortega, as\u00ed se llamaba en realidad, cuando sal\u00eda de la panader\u00eda para entregar la mercanc\u00eda, acud\u00eda al archivo de la ciudad y al convento de los Dominicos, donde se quedaba todo el tiempo que pod\u00eda robar a su trabajo para consultar unos antiguos y raros documentos del siglo XV. Un gris jueves de noviembre por la lluvia interminable que le recordaba la venganza de los cielos del Tr\u00f3pico, por fin encontr\u00f3 lo que estaba buscando: los actos de la <em>cuesti\u00f3n ind\u00edgena<\/em>, un conjunto de documentos \u00fanicos tra\u00eddos de Am\u00e9rica. Se sinti\u00f3 transportado a otra \u00e9poca: escuchaba la voz de los religiosos en el convento que debat\u00edan sobre el asunto de si los indios eran o no eran seres humanos, si ten\u00edan alma o no ten\u00edan alma y, por lo tanto, sobre el significado de la evangelizaci\u00f3n en el nuevo mundo.<\/p>\n<p style=\"text-align: justify;\">Un fuerte orgullo corr\u00eda por sus venas y aborrec\u00eda todo lo que era espa\u00f1ol, incluso sus apellidos. Particularmente \u00e9l que era descendiente de aquel Aguilar que, procediendo de Andaluc\u00eda, fue traductor oficial de Cort\u00e9s en su conquista del imperio azteca y maya. Su conflicto eterno por ser mestizo dej\u00f3 paso a la fuerza de su nombre de elecci\u00f3n y a la herencia de los Chorotegas que guardaba altivo. Ahora faltaba encontrar entre todos aquellos documentos el m\u00e1s importante que lo llevar\u00eda a descubrir el lugar donde se escond\u00eda el m\u00e1s antiguo santuario de la diosa Quetzalcoatl o Serpiente Emplumada.<\/p>\n<p style=\"text-align: justify;\">Pero pas\u00f3 algo inesperado. Un d\u00eda apareci\u00f3 ella en el archivo. \u00c9l la mir\u00f3 y sinti\u00f3 algo m\u00e1gico en su mirada. Algo que nunca hab\u00eda sentido pero que sus ancestros le hab\u00edan advertido, que la diosa pod\u00eda leer el alma a trav\u00e9s de los ojos e incluso convertirse en due\u00f1a de su esp\u00edritu.<\/p>\n<p style=\"text-align: justify;\">Entonces, sin dejar de mirarlo, ella le dijo: \u201cS\u00e9 lo que est\u00e1s buscando. No hace falta que sigas. No estoy donde t\u00fa crees, he encontrado refugio en Cappelle dei Marsi, en la M\u00e1rsica, un sitio que t\u00fa no conoces pero donde no corro ning\u00fan peligro. A partir de ahora t\u00fa estar\u00e1s a mi lado y me seguir\u00e1s a donde vaya\u201d.<\/p>\n<p style=\"text-align: justify;\">Mientras la llama de su libertad se iba apagando como una d\u00e9bil vela, Danto Volc\u00e1n le dijo: \u201cTantas generaciones lucharon por nuestra libertad y el destino ha querido que yo terminara siendo tu esclavo, \u00a1el esclavo de una Romana!\u201d.<\/p>\n<p>&nbsp;<\/p>\n<p>&nbsp;<\/p>\n<p><em>\u00a0 \u00a0 \u00a0 \u00a0 \u00a0 \u00a0 \u00a0 \u00a0 \u00a0 \u00a0 \u00a0 \u00a0 \u00a0 \u00a0 \u00a0 \u00a0 \u00a0 \u00a0 \u00a0 \u00a0 \u00a0 \u00a0 \u00a0 \u00a0 \u00a0 \u00a0 \u00a0 \u00a0 \u00a0 \u00a0 \u00a0 \u00a0 \u00a0 \u00a0 \u00a0 \u00a0 \u00a0 \u00a0 \u00a0 \u00a0 \u00a0 \u00a0 \u00a0 \u00a0 \u00a0 \u00a0 \u00a0 \u00a0 \u00a0 \u00a0 \u00a0 \u00a0 \u00a0 \u00a0 \u00a0 \u00a0 \u00a0 \u00a0 \u00a0 \u00a0 \u00a0 \u00a0 \u00a0 \u00a0 \u00a0 \u00a0 \u00a0 \u00a0 \u00a0 \u00a0 \u00a0 \u00a0 \u00a0 \u00a0 \u00a0 \u00a0 \u00a0 \u00a0 \u00a0 \u00a0 \u00a0 \u00a0 \u00a0 \u00a0 \u00a0 \u00a0 \u00a0 \u00a0 \u00a0 \u00a0 \u00a0 \u00a0 \u00a0 \u00a0 \u00a0 \u00a0 \u00a0 \u00a0 \u00a0 \u00a0 \u00a0 \u00a0 \u00a0 \u00a0 Salamanca, 22 agosto 2005<\/em><\/p>\n<p><em>\u00a0<\/em><\/p>\n<p><em>\u00a0<\/em><\/p>\n<p style=\"text-align: center;\"><strong>LA LEGGENDA DEL SANTUARIO DI QUETZALCOATL<\/strong><\/p>\n<p><strong>\u00a0<\/strong><\/p>\n<p><strong>\u00a0<\/strong><\/p>\n<p style=\"text-align: justify;\">Aveva il nome di Danto Volc\u00e1n ma non per caso \u201dma perch\u00e9 lui stesso lo cerc\u00f2 e lo trov\u00f2 e si vest\u00ec con esso\u201d.<\/p>\n<p style=\"text-align: justify;\">Era un uomo apparentemente semplice, con tratti che nascondevano la sua origine nicaraguense e portava sempre indumenti di colori scuri per passare inosservato. Era aperto con la gente il necessario e non importava quale fosse il tema del quale si parlasse, era capace di occultare le proprie emozioni. Non frequentava donne, e ancor meno se erano della penisola. Nessuno sapeva perch\u00e9 aveva lasciato il suo paese per vivere nella profondit\u00e0 della vecchia Castiglia, dove aveva trovato lavoro come autista per un panificio di Salamanca e tantomeno nessuno os\u00f2 chiederglielo.<\/p>\n<p style=\"text-align: justify;\">Ogni giorno, Francisco Aguilar Ortega, cos\u00ec si chiamava in realt\u00e0, quando usciva dalla panetteria per consegnare la merce, si dirigeva all\u2019archivio della citt\u00e0 e al convento dei Domenicani, dove rimaneva tutto il tempo che poteva rubare al suo lavoro per consultare alcuni antichi e rari documenti del XV secolo. Un grigio gioved\u00ec di novembre per la pioggia interminabile che gli ricordava la vendetta del Tropico, alla fine trov\u00f2 ci\u00f2 che stava cercando: gli atti della <em>questione indigena<\/em>, un insieme di documenti unici arrivati dall\u2019America. Si sent\u00ec trasportato in un\u2019altra epoca: ascoltava la voce dei religiosi nel convento che dibattevano sulla questione se gli indios fossero o non fossero esseri umani, se avessero l\u2019anima o non avessero l\u2019anima e quindi sul significato dell\u2019evangelizzazione nel nuovo mondo.<\/p>\n<p style=\"text-align: justify;\">Un forte orgoglio correva nelle sue vene e detestava tutto ci\u00f2 che era spagnolo, incluso il proprio cognome. Specialmente lui che era discendente di quell\u2019Aguilar che, provenendo dall\u2019Andalusia, fu traduttore ufficiale di Cort\u00e9s nella conquista dell\u2019impero azteca e maya. Il suo eterno conflitto per essere meticcio lasci\u00f2 il passo alla forza del suo nome d\u2019elezione e all\u2019eredit\u00e0 dei Chorotegas che conservava altero. Adesso non gli mancava che trovare tra tutti quei documenti il pi\u00f9 importante, quello che lo avrebbe portato a scoprire il luogo dove si nascondeva il pi\u00f9 antico santuario della dea Quetzalcoatl o Serpente Piumato.<\/p>\n<p style=\"text-align: justify;\">Ma successe qualcosa di inaspettato. Un giorno apparve lei nell\u2019archivio. Lui la guard\u00f2 e sent\u00ec qualcosa di magico nel suo sguardo. Qualcosa che mai aveva sentito ma del quale i suoi antenati lo avevano avvertito, che la dea poteva leggere l\u2019anima attraverso gli occhi e diventare perfino la padrona del suo spirito.<\/p>\n<p style=\"text-align: justify;\">Allora, senza smettere di guardarlo, lei gli disse: \u201cSo cosa stai cercando. Non c\u2019\u00e8 bisogno che continui. Non sono dove tu credi, ho trovato rifugio a Cappelle dei Marsi, nella Marsica, un posto che tu non conosci ma dove non corro alcun pericolo. A partire da questo momento tu starai al mio fianco e mi seguirai dovunque io vada\u201d.<\/p>\n<p style=\"text-align: justify;\">Mentre la fiamma della sua libert\u00e0 si andava spegnendo come una flebile candela, Danto Volc\u00e1n le disse: \u201cTante generazioni lottarono per la nostra libert\u00e0 e il destino ha voluto che io finissi per essere il tuo schiavo, lo schiavo di una Romana!<\/p>\n<p>&nbsp;<\/p>\n<p>&nbsp;<\/p>\n<p>&nbsp;<\/p>\n<div class=\"pvc_clear\"><\/div>\n<p id=\"pvc_stats_37635\" class=\"pvc_stats all  \" data-element-id=\"37635\" style=\"\"><i class=\"pvc-stats-icon medium\" aria-hidden=\"true\"><svg aria-hidden=\"true\" focusable=\"false\" data-prefix=\"far\" data-icon=\"chart-bar\" role=\"img\" xmlns=\"http:\/\/www.w3.org\/2000\/svg\" viewBox=\"0 0 512 512\" class=\"svg-inline--fa fa-chart-bar fa-w-16 fa-2x\"><path fill=\"currentColor\" d=\"M396.8 352h22.4c6.4 0 12.8-6.4 12.8-12.8V108.8c0-6.4-6.4-12.8-12.8-12.8h-22.4c-6.4 0-12.8 6.4-12.8 12.8v230.4c0 6.4 6.4 12.8 12.8 12.8zm-192 0h22.4c6.4 0 12.8-6.4 12.8-12.8V140.8c0-6.4-6.4-12.8-12.8-12.8h-22.4c-6.4 0-12.8 6.4-12.8 12.8v198.4c0 6.4 6.4 12.8 12.8 12.8zm96 0h22.4c6.4 0 12.8-6.4 12.8-12.8V204.8c0-6.4-6.4-12.8-12.8-12.8h-22.4c-6.4 0-12.8 6.4-12.8 12.8v134.4c0 6.4 6.4 12.8 12.8 12.8zM496 400H48V80c0-8.84-7.16-16-16-16H16C7.16 64 0 71.16 0 80v336c0 17.67 14.33 32 32 32h464c8.84 0 16-7.16 16-16v-16c0-8.84-7.16-16-16-16zm-387.2-48h22.4c6.4 0 12.8-6.4 12.8-12.8v-70.4c0-6.4-6.4-12.8-12.8-12.8h-22.4c-6.4 0-12.8 6.4-12.8 12.8v70.4c0 6.4 6.4 12.8 12.8 12.8z\" class=\"\"><\/path><\/svg><\/i> <img loading=\"lazy\" decoding=\"async\" width=\"16\" height=\"16\" alt=\"Loading\" src=\"https:\/\/www.raccontinellarete.it\/301\/wp-content\/plugins\/page-views-count\/ajax-loader-2x.gif\" border=0 \/><\/p>\n<div class=\"pvc_clear\"><\/div>\n","protected":false},"excerpt":{"rendered":"<p>\u00a0 \u00a0 \u00a0 \u00a0 \u00a0 \u00a0 \u00a0 \u00a0 \u00a0 \u00a0 \u00a0 \u00a0 \u00a0 \u00a0 \u00a0 \u00a0 \u00a0 \u00a0 \u00a0 \u00a0 \u00a0 \u00a0 \u00a0 \u00a0 \u00a0 \u00a0 \u00a0 \u00a0 \u00a0 \u00a0 \u00a0 \u00a0 \u00a0 \u00a0 \u00a0 \u00a0 \u00a0 \u00a0 \u00a0 \u00a0 \u00a0 \u00a0 \u00a0 \u00a0 \u00a0 \u00a0 \u00a0 \u00a0 \u00a0 \u00a0 \u00a0 \u00a0 \u00a0 \u00a0 \u00a0 [&hellip;]<\/p>\n<div class=\"pvc_clear\"><\/div>\n<p id=\"pvc_stats_37635\" class=\"pvc_stats all  \" data-element-id=\"37635\" style=\"\"><i class=\"pvc-stats-icon medium\" aria-hidden=\"true\"><svg aria-hidden=\"true\" focusable=\"false\" data-prefix=\"far\" data-icon=\"chart-bar\" role=\"img\" xmlns=\"http:\/\/www.w3.org\/2000\/svg\" viewBox=\"0 0 512 512\" class=\"svg-inline--fa fa-chart-bar fa-w-16 fa-2x\"><path fill=\"currentColor\" d=\"M396.8 352h22.4c6.4 0 12.8-6.4 12.8-12.8V108.8c0-6.4-6.4-12.8-12.8-12.8h-22.4c-6.4 0-12.8 6.4-12.8 12.8v230.4c0 6.4 6.4 12.8 12.8 12.8zm-192 0h22.4c6.4 0 12.8-6.4 12.8-12.8V140.8c0-6.4-6.4-12.8-12.8-12.8h-22.4c-6.4 0-12.8 6.4-12.8 12.8v198.4c0 6.4 6.4 12.8 12.8 12.8zm96 0h22.4c6.4 0 12.8-6.4 12.8-12.8V204.8c0-6.4-6.4-12.8-12.8-12.8h-22.4c-6.4 0-12.8 6.4-12.8 12.8v134.4c0 6.4 6.4 12.8 12.8 12.8zM496 400H48V80c0-8.84-7.16-16-16-16H16C7.16 64 0 71.16 0 80v336c0 17.67 14.33 32 32 32h464c8.84 0 16-7.16 16-16v-16c0-8.84-7.16-16-16-16zm-387.2-48h22.4c6.4 0 12.8-6.4 12.8-12.8v-70.4c0-6.4-6.4-12.8-12.8-12.8h-22.4c-6.4 0-12.8 6.4-12.8 12.8v70.4c0 6.4 6.4 12.8 12.8 12.8z\" class=\"\"><\/path><\/svg><\/i> <img loading=\"lazy\" decoding=\"async\" width=\"16\" height=\"16\" alt=\"Loading\" src=\"https:\/\/www.raccontinellarete.it\/301\/wp-content\/plugins\/page-views-count\/ajax-loader-2x.gif\" border=0 \/><\/p>\n<div class=\"pvc_clear\"><\/div>\n","protected":false},"author":18918,"featured_media":0,"comment_status":"open","ping_status":"closed","sticky":false,"template":"","format":"standard","meta":{"footnotes":""},"categories":[532],"tags":[],"class_list":["post-37635","post","type-post","status-publish","format-standard","hentry","category-premio-racconti-nella-rete-2019"],"_links":{"self":[{"href":"https:\/\/www.raccontinellarete.it\/index.php?rest_route=\/wp\/v2\/posts\/37635"}],"collection":[{"href":"https:\/\/www.raccontinellarete.it\/index.php?rest_route=\/wp\/v2\/posts"}],"about":[{"href":"https:\/\/www.raccontinellarete.it\/index.php?rest_route=\/wp\/v2\/types\/post"}],"author":[{"embeddable":true,"href":"https:\/\/www.raccontinellarete.it\/index.php?rest_route=\/wp\/v2\/users\/18918"}],"replies":[{"embeddable":true,"href":"https:\/\/www.raccontinellarete.it\/index.php?rest_route=%2Fwp%2Fv2%2Fcomments&post=37635"}],"version-history":[{"count":5,"href":"https:\/\/www.raccontinellarete.it\/index.php?rest_route=\/wp\/v2\/posts\/37635\/revisions"}],"predecessor-version":[{"id":37702,"href":"https:\/\/www.raccontinellarete.it\/index.php?rest_route=\/wp\/v2\/posts\/37635\/revisions\/37702"}],"wp:attachment":[{"href":"https:\/\/www.raccontinellarete.it\/index.php?rest_route=%2Fwp%2Fv2%2Fmedia&parent=37635"}],"wp:term":[{"taxonomy":"category","embeddable":true,"href":"https:\/\/www.raccontinellarete.it\/index.php?rest_route=%2Fwp%2Fv2%2Fcategories&post=37635"},{"taxonomy":"post_tag","embeddable":true,"href":"https:\/\/www.raccontinellarete.it\/index.php?rest_route=%2Fwp%2Fv2%2Ftags&post=37635"}],"curies":[{"name":"wp","href":"https:\/\/api.w.org\/{rel}","templated":true}]}}