{"id":37627,"date":"2019-03-04T18:38:16","date_gmt":"2019-03-04T17:38:16","guid":{"rendered":"http:\/\/www.raccontinellarete.it\/?p=37627"},"modified":"2019-03-12T19:18:48","modified_gmt":"2019-03-12T18:18:48","slug":"venerdi-15-marzo-racconti-nella-rete-alla-biblioteca-marconi-di-roma","status":"publish","type":"post","link":"https:\/\/www.raccontinellarete.it\/?p=37627","title":{"rendered":"Venerd\u00ec 15 marzo &#8220;Racconti nella Rete&#8221; alla Biblioteca Marconi di Roma"},"content":{"rendered":"<p><a href=\"https:\/\/www.raccontinellarete.it\/?attachment_id=37115\" rel=\"attachment wp-att-37115\"><img loading=\"lazy\" decoding=\"async\" class=\"alignleft size-medium wp-image-37115\" src=\"https:\/\/www.raccontinellarete.it\/301\/wp-content\/uploads\/2018\/12\/gruppo-1-333x250.jpg\" alt=\"\" width=\"333\" height=\"250\" srcset=\"https:\/\/www.raccontinellarete.it\/301\/wp-content\/uploads\/2018\/12\/gruppo-1-333x250.jpg 333w, https:\/\/www.raccontinellarete.it\/301\/wp-content\/uploads\/2018\/12\/gruppo-1-768x576.jpg 768w, https:\/\/www.raccontinellarete.it\/301\/wp-content\/uploads\/2018\/12\/gruppo-1-1024x768.jpg 1024w, https:\/\/www.raccontinellarete.it\/301\/wp-content\/uploads\/2018\/12\/gruppo-1.jpg 1599w\" sizes=\"(max-width: 333px) 100vw, 333px\" \/><\/a><\/p>\n<p><strong>Venerd\u00ec 15 marzo\u00a0 alle 17 alla Biblioteca Marconi di Roma, via Cardano 135, \u00e8 in programma la presentazione dell\u2019antologia del premio letterario RACCONTI NELLA RETE\u00a0 (Castelvecchi Editore).<\/strong><\/p>\n<p>Intervengono Demetrio Brandi, presidente del premio letterario, e gli autori Marco Floridia, Ester Arena, Massimiliano Ferraris Di Celle, Claudia Mereu, Eleonora Selvi, Marco Mastroleo, Marta Cer\u00f9, Marianna Guida, Manuel Chiocca, Gianni Luca Iaccarino. Sar\u00e0 proiettato il cortometraggio \u201cPeccato Capitale\u201d di Donatella Mascia, vincitore della sezione corti del Premio Racconti nella Rete 2018. Regia di Giuseppe Ferlito.<\/p>\n<p>Letture di Carmen Verde, Cinzia Iacono e Ines Lonigro.\u00a0 Con la partecipazione di\u00a0 Mauro Nicastri &#8211; presidente AIDR, Marco De Angelis &#8211; caporedattore del giornale umoristico Budu\u00e0r, il poeta Ennio Cavalli, il cantautore Edoardo De Angelis.<\/p>\n<p>Il premio \u00e8 una democratica vetrina d\u2019autore che si sviluppa annualmente nel sito www.raccontinellarete.it. Si pu\u00f2 partecipare alla diciottesima edizione inserendo un racconto inedito o un soggetto per cortometraggi\u00a0 entro il 31 maggio.<\/p>\n<p>Racconti, racconti per bambini, soggetti per cortometraggi. Sono centinaia gli elaborati giunti quest\u2019anno alla XVII edizione di Racconti nella Rete\u00ae. Scegliere non \u00e8 mai facile. Scegliere \u00e8 perdersi in un labirinto di parole che vorremmo fossero tutte premiate per la loro bellezza e per il trasporto emotivo che evocano.\u00a0 In un mondo, quello contemporaneo, quasi totalmente social, il premio Racconti nella Rete\u00ae \u00e8 sempre pi\u00f9 una piattaforma di confronto per scrittori, per chi desidera mettersi alla prova con le parole, per quanti non temono di mettere a nudo i propri sentimenti, sottoponendo i loro scritti al giudizio di altri lettori.\u00a0 E questa formula, testata e perfettamente rodata da diciassette anni di premio, \u00e8 semplicemente meravigliosa. L\u2019antologia, arricchita per la copertina dal disegno di Benito Jacovitti, \u00e8 un pamphlet dei migliori componimenti che sono arrivati. Scegliere questi 25 non \u00e8 stato facile perch\u00e9 il livello dei racconti che arrivano \u00e8 sempre pi\u00f9 alto, anno dopo anno.<\/p>\n<p>&nbsp;<\/p>\n<p>Questi i venticinque scrittori che hanno vinto la selezione 2018: Alberto Alassio, Ester Arena, Federica Baggio, Mariangela Casulli, Marta Cer\u00f9, Manuel Chiocca, Elisa De Leonardis, Federico Fabbri, Laura Ferloni, Massimiliano Ferraris di Celle, Marco Floridia, Marianna Guida, Gianni Luca Iaccarino, Giorgio Leone, Ivana Librici, Lucia Masetti, Marco Mastroleo, Danilo Nucci, Claudia Mereu, Allyson Obber, Valeria Pisi, Rita Poggioli, Gaspare Scim\u00f2, Eleonora Selvi, Marco Stanzani.<\/p>\n<p><a href=\"https:\/\/www.raccontinellarete.it\/?attachment_id=37707\" rel=\"attachment wp-att-37707\"><img loading=\"lazy\" decoding=\"async\" class=\"alignleft size-medium wp-image-37707\" src=\"https:\/\/www.raccontinellarete.it\/301\/wp-content\/uploads\/2019\/03\/roma-15-marzo-181x250.jpg\" alt=\"\" width=\"181\" height=\"250\" \/><\/a><a href=\"https:\/\/www.raccontinellarete.it\/?attachment_id=37633\" rel=\"attachment wp-att-37633\"><img loading=\"lazy\" decoding=\"async\" class=\"alignleft size-medium wp-image-37633\" src=\"https:\/\/www.raccontinellarete.it\/301\/wp-content\/uploads\/2019\/03\/loc_racconti_nella_rete_roma_2019-page-0-177x250.jpg\" alt=\"\" width=\"177\" height=\"250\" srcset=\"https:\/\/www.raccontinellarete.it\/301\/wp-content\/uploads\/2019\/03\/loc_racconti_nella_rete_roma_2019-page-0-177x250.jpg 177w, https:\/\/www.raccontinellarete.it\/301\/wp-content\/uploads\/2019\/03\/loc_racconti_nella_rete_roma_2019-page-0-768x1085.jpg 768w, https:\/\/www.raccontinellarete.it\/301\/wp-content\/uploads\/2019\/03\/loc_racconti_nella_rete_roma_2019-page-0-725x1024.jpg 725w\" sizes=\"(max-width: 177px) 100vw, 177px\" \/><\/a><\/p>\n<div class=\"pvc_clear\"><\/div>\n<p id=\"pvc_stats_37627\" class=\"pvc_stats all  \" data-element-id=\"37627\" style=\"\"><i class=\"pvc-stats-icon medium\" aria-hidden=\"true\"><svg aria-hidden=\"true\" focusable=\"false\" data-prefix=\"far\" data-icon=\"chart-bar\" role=\"img\" xmlns=\"http:\/\/www.w3.org\/2000\/svg\" viewBox=\"0 0 512 512\" class=\"svg-inline--fa fa-chart-bar fa-w-16 fa-2x\"><path fill=\"currentColor\" d=\"M396.8 352h22.4c6.4 0 12.8-6.4 12.8-12.8V108.8c0-6.4-6.4-12.8-12.8-12.8h-22.4c-6.4 0-12.8 6.4-12.8 12.8v230.4c0 6.4 6.4 12.8 12.8 12.8zm-192 0h22.4c6.4 0 12.8-6.4 12.8-12.8V140.8c0-6.4-6.4-12.8-12.8-12.8h-22.4c-6.4 0-12.8 6.4-12.8 12.8v198.4c0 6.4 6.4 12.8 12.8 12.8zm96 0h22.4c6.4 0 12.8-6.4 12.8-12.8V204.8c0-6.4-6.4-12.8-12.8-12.8h-22.4c-6.4 0-12.8 6.4-12.8 12.8v134.4c0 6.4 6.4 12.8 12.8 12.8zM496 400H48V80c0-8.84-7.16-16-16-16H16C7.16 64 0 71.16 0 80v336c0 17.67 14.33 32 32 32h464c8.84 0 16-7.16 16-16v-16c0-8.84-7.16-16-16-16zm-387.2-48h22.4c6.4 0 12.8-6.4 12.8-12.8v-70.4c0-6.4-6.4-12.8-12.8-12.8h-22.4c-6.4 0-12.8 6.4-12.8 12.8v70.4c0 6.4 6.4 12.8 12.8 12.8z\" class=\"\"><\/path><\/svg><\/i> <img loading=\"lazy\" decoding=\"async\" width=\"16\" height=\"16\" alt=\"Loading\" src=\"https:\/\/www.raccontinellarete.it\/301\/wp-content\/plugins\/page-views-count\/ajax-loader-2x.gif\" border=0 \/><\/p>\n<div class=\"pvc_clear\"><\/div>\n","protected":false},"excerpt":{"rendered":"<p>Venerd\u00ec 15 marzo\u00a0 alle 17 alla Biblioteca Marconi di Roma, via Cardano 135, \u00e8 in programma la presentazione dell\u2019antologia del premio letterario RACCONTI NELLA RETE\u00a0 (Castelvecchi Editore). Intervengono Demetrio Brandi, presidente del premio letterario, e gli autori Marco Floridia, Ester Arena, Massimiliano Ferraris Di Celle, Claudia Mereu, Eleonora Selvi, Marco Mastroleo, Marta Cer\u00f9, Marianna Guida, [&hellip;]<\/p>\n<div class=\"pvc_clear\"><\/div>\n<p id=\"pvc_stats_37627\" class=\"pvc_stats all  \" data-element-id=\"37627\" style=\"\"><i class=\"pvc-stats-icon medium\" aria-hidden=\"true\"><svg aria-hidden=\"true\" focusable=\"false\" data-prefix=\"far\" data-icon=\"chart-bar\" role=\"img\" xmlns=\"http:\/\/www.w3.org\/2000\/svg\" viewBox=\"0 0 512 512\" class=\"svg-inline--fa fa-chart-bar fa-w-16 fa-2x\"><path fill=\"currentColor\" d=\"M396.8 352h22.4c6.4 0 12.8-6.4 12.8-12.8V108.8c0-6.4-6.4-12.8-12.8-12.8h-22.4c-6.4 0-12.8 6.4-12.8 12.8v230.4c0 6.4 6.4 12.8 12.8 12.8zm-192 0h22.4c6.4 0 12.8-6.4 12.8-12.8V140.8c0-6.4-6.4-12.8-12.8-12.8h-22.4c-6.4 0-12.8 6.4-12.8 12.8v198.4c0 6.4 6.4 12.8 12.8 12.8zm96 0h22.4c6.4 0 12.8-6.4 12.8-12.8V204.8c0-6.4-6.4-12.8-12.8-12.8h-22.4c-6.4 0-12.8 6.4-12.8 12.8v134.4c0 6.4 6.4 12.8 12.8 12.8zM496 400H48V80c0-8.84-7.16-16-16-16H16C7.16 64 0 71.16 0 80v336c0 17.67 14.33 32 32 32h464c8.84 0 16-7.16 16-16v-16c0-8.84-7.16-16-16-16zm-387.2-48h22.4c6.4 0 12.8-6.4 12.8-12.8v-70.4c0-6.4-6.4-12.8-12.8-12.8h-22.4c-6.4 0-12.8 6.4-12.8 12.8v70.4c0 6.4 6.4 12.8 12.8 12.8z\" class=\"\"><\/path><\/svg><\/i> <img loading=\"lazy\" decoding=\"async\" width=\"16\" height=\"16\" alt=\"Loading\" src=\"https:\/\/www.raccontinellarete.it\/301\/wp-content\/plugins\/page-views-count\/ajax-loader-2x.gif\" border=0 \/><\/p>\n<div class=\"pvc_clear\"><\/div>\n","protected":false},"author":3,"featured_media":0,"comment_status":"open","ping_status":"closed","sticky":false,"template":"","format":"standard","meta":{"footnotes":""},"categories":[87,5],"tags":[],"class_list":["post-37627","post","type-post","status-publish","format-standard","hentry","category-comunicato-stampa","category-racconti-nella-rete"],"_links":{"self":[{"href":"https:\/\/www.raccontinellarete.it\/index.php?rest_route=\/wp\/v2\/posts\/37627"}],"collection":[{"href":"https:\/\/www.raccontinellarete.it\/index.php?rest_route=\/wp\/v2\/posts"}],"about":[{"href":"https:\/\/www.raccontinellarete.it\/index.php?rest_route=\/wp\/v2\/types\/post"}],"author":[{"embeddable":true,"href":"https:\/\/www.raccontinellarete.it\/index.php?rest_route=\/wp\/v2\/users\/3"}],"replies":[{"embeddable":true,"href":"https:\/\/www.raccontinellarete.it\/index.php?rest_route=%2Fwp%2Fv2%2Fcomments&post=37627"}],"version-history":[{"count":6,"href":"https:\/\/www.raccontinellarete.it\/index.php?rest_route=\/wp\/v2\/posts\/37627\/revisions"}],"predecessor-version":[{"id":37709,"href":"https:\/\/www.raccontinellarete.it\/index.php?rest_route=\/wp\/v2\/posts\/37627\/revisions\/37709"}],"wp:attachment":[{"href":"https:\/\/www.raccontinellarete.it\/index.php?rest_route=%2Fwp%2Fv2%2Fmedia&parent=37627"}],"wp:term":[{"taxonomy":"category","embeddable":true,"href":"https:\/\/www.raccontinellarete.it\/index.php?rest_route=%2Fwp%2Fv2%2Fcategories&post=37627"},{"taxonomy":"post_tag","embeddable":true,"href":"https:\/\/www.raccontinellarete.it\/index.php?rest_route=%2Fwp%2Fv2%2Ftags&post=37627"}],"curies":[{"name":"wp","href":"https:\/\/api.w.org\/{rel}","templated":true}]}}