{"id":37609,"date":"2019-03-03T14:41:59","date_gmt":"2019-03-03T13:41:59","guid":{"rendered":"http:\/\/www.raccontinellarete.it\/?p=37609"},"modified":"2019-03-05T18:40:47","modified_gmt":"2019-03-05T17:40:47","slug":"premio-racconti-per-corti-il-supplente-di-andrea-masotti","status":"publish","type":"post","link":"https:\/\/www.raccontinellarete.it\/?p=37609","title":{"rendered":"Premio Racconti per Corti 2019 &#8220;Il supplente&#8221; di Andrea Masotti"},"content":{"rendered":"<p style=\"margin: 0cm; margin-bottom: .0001pt; background: white;\"><em><b><span style=\"font-size: 12.5pt; font-family: 'Arial','sans-serif'; color: #545454; font-style: normal;\">\u00a0<\/span><\/b><\/em><em><span style=\"font-size: 12.5pt; font-family: 'Arial','sans-serif'; color: #545454;\">\u00a0<\/span><\/em><\/p>\n<p style=\"margin: 0cm; margin-bottom: .0001pt; background: white;\"><em><span style=\"font-size: 12.5pt; font-family: 'Arial','sans-serif'; color: #545454;\">Stanza di un appartamento di periferia. Una donna scarmigliata e una bambina attendono davanti alla porta di un bagno.<\/span><\/em><\/p>\n<p style=\"margin: 0cm; margin-bottom: .0001pt; background: white;\"><span style=\"font-size: 12.5pt; font-family: 'Arial','sans-serif'; color: #545454;\">\u00a0<\/span><\/p>\n<p style=\"margin: 0cm; margin-bottom: .0001pt; background: white;\"><span style=\"font-size: 12.5pt; font-family: 'Arial','sans-serif'; color: #545454;\">\u2013 Quando esci?<br \/>\n\u2013 Ho quasi finito.<br \/>\n\u2013 La pasta si raffredda.<br \/>\n\u2013 Caterina, poi iniziare tu.<br \/>\n\u2013 Noi abbiamo finito.<\/span><\/p>\n<p style=\"margin: 0cm; margin-bottom: .0001pt; background: white;\"><span style=\"font-size: 12.5pt; font-family: 'Arial','sans-serif'; color: #545454;\">\u00a0<\/span><\/p>\n<p style=\"margin: 0cm; margin-bottom: .0001pt; background: white;\"><em><span style=\"font-size: 12.5pt; font-family: 'Arial','sans-serif'; color: #545454;\">Ripresa all\u2019interno del bagno. Un uomo si guarda allo specchio tirandosi una calza femminile scura sulla testa. Sotto la calza brilla un orecchino e lui cerca di coprirlo con la mano.<\/span><\/em><\/p>\n<p style=\"margin: 0cm; margin-bottom: .0001pt; background: white;\"><span style=\"font-size: 12.5pt; font-family: 'Arial','sans-serif'; color: #545454;\">\u00a0<\/span><\/p>\n<p style=\"margin: 0cm; margin-bottom: .0001pt; background: white;\"><span style=\"font-size: 12.5pt; font-family: 'Arial','sans-serif'; color: #545454;\">\u2013 Allora te ne vuoi uscire da l\u00ec!<br \/>\n\u2013 Arrivo\u2026<br \/>\n\u2013 Maria deve lavarsi i denti.<br \/>\n\u2013 Non li lava mai!<br \/>\n\u2013 Il dentista ha insistito. Ha detto che le vengono dei buchini con tutte le caramelle che mangia.<br \/>\n\u2013 S\u00ec pap\u00e0. Altrimenti nascono i vermini.\u00a0<em><span style=\"font-family: 'Arial','sans-serif';\">(risponde Maria)<\/span><\/em><br \/>\n\u2013 Due minuti e sono fuori.<\/span><\/p>\n<p style=\"margin: 0cm; margin-bottom: .0001pt; background: white;\"><span style=\"font-size: 12.5pt; font-family: 'Arial','sans-serif'; color: #545454;\">\u00a0<\/span><\/p>\n<p style=\"margin: 0cm; margin-bottom: .0001pt; background: white;\"><em><span style=\"font-size: 12.5pt; font-family: 'Arial','sans-serif'; color: #545454;\">Toglie l\u2019orecchino, poi tira gi\u00f9 la calza, guarda ancora e infine la toglie e con una smorfia di disgusto la annusa. La mette in tasca e rimette a posto l\u2019orecchino.<\/span><\/em><\/p>\n<p style=\"margin: 0cm; margin-bottom: .0001pt; background: white;\"><span style=\"font-size: 12.5pt; font-family: 'Arial','sans-serif'; color: #545454;\">\u00a0<\/span><\/p>\n<p style=\"margin: 0cm; margin-bottom: .0001pt; background: white;\"><span style=\"font-size: 12.5pt; font-family: 'Arial','sans-serif'; color: #545454;\">\u2013 Senti Claudio, faccio una passeggiata con Maria fino ai giardini. Non trovo le mie calze. Sono in bagno?<br \/>\n\u2013 Non le vedo. Tutta questa fretta\u2026<br \/>\n\u2013 Lo sai che Maria domani consegna il tema di italiano. Deve ancora copiarlo.<br \/>\n\u2013 Perch\u00e9, ci sono anche dei temi in spagnolo?\u00a0<em><span style=\"font-family: 'Arial','sans-serif';\">( lui sovrappensiero digrigna i denti facendo una smorfia cattiva allo specchio)\u00a0<\/span><\/em><br \/>\n\u2013 Quanto sei sciocco\u2026<\/span><\/p>\n<p style=\"margin: 0cm; margin-bottom: .0001pt; background: white;\"><span style=\"font-size: 12.5pt; font-family: 'Arial','sans-serif'; color: #545454;\">\u00a0<\/span><\/p>\n<p style=\"margin: 0cm; margin-bottom: .0001pt; background: white;\"><em><span style=\"font-size: 12.5pt; font-family: 'Arial','sans-serif'; color: #545454;\">Controlla una mappa disegnata su cui sono segnate strade, semafori, direzioni da prendere. Loro escono sbattendo la porta e lui dal bagno passa in corridoio. Sul tavolo della cucina si intravede un piatto di spaghetti.<\/span><\/em><\/p>\n<p style=\"margin: 0cm; margin-bottom: .0001pt; background: white;\"><span style=\"font-size: 12.5pt; font-family: 'Arial','sans-serif'; color: #545454;\">\u00a0<\/span><\/p>\n<p style=\"margin: 0cm; margin-bottom: .0001pt; background: white;\"><span style=\"font-size: 12.5pt; font-family: 'Arial','sans-serif'; color: #545454;\">\u2013 Il bagno \u00e8 libero. \u00c8 quello che volete? O volete solo vedermi? Sono sempre io. Stasera sono io, perch\u00e9 domani sar\u00f2 un altro.\u00a0<em><span style=\"font-family: 'Arial','sans-serif';\">(sottovoce)<\/span><\/em><\/span><\/p>\n<p style=\"margin: 0cm; margin-bottom: .0001pt; background: white;\"><em><span style=\"font-size: 12.5pt; font-family: 'Arial','sans-serif'; color: #545454;\">\u00a0<\/span><\/em><\/p>\n<p style=\"margin: 0cm; margin-bottom: .0001pt; background: white;\"><em><span style=\"font-size: 12.5pt; font-family: 'Arial','sans-serif'; color: #545454;\">Controlla un pacchetto di bollette arretrate. Riportano delle cifre segnate a penna. Apre il portafogli e ci sono solo due banconote da cinque euro. Scende in cantina, apre e prova una targa da sovrapporre a quella originale della vecchia moto. Prende il cellulare e compone un numero.<\/span><\/em><\/p>\n<p style=\"margin: 0cm; margin-bottom: .0001pt; background: white;\"><span style=\"font-size: 12.5pt; font-family: 'Arial','sans-serif'; color: #545454;\">\u2013 Adriano?<br \/>\n\u2013 Ah\u2026 Sei pronto per domani?<br \/>\n\u2013 Mi serve un giubbotto da motociclista.<br \/>\n\u2013 Devi andare a una sfilata?\u00a0<em><span style=\"font-family: 'Arial','sans-serif';\">( si sente ridere)<\/span><\/em><br \/>\n\u2013 Ho solo la giacca a quadretti. Quella che uso quando vado alle scuole. Mi possono riconoscere.<br \/>\n\u2013 In dieci minuti spariamo tutti e due. Spariamo nel senso che non ci vedono perch\u00e9 coi taglierini non si spara.<br \/>\n\u2013 A me non ci pensa nessuno, ma nessuno proprio perch\u00e9 faccio il supplente e un professore \u00e8 insospettabile. Un dottore conosce i veleni, un ingegnere sa progettare una bomba, ma un professore \u00e8 sopra ogni sospetto.<br \/>\n\u2013 Sta tranquillo.<br \/>\n\u2013 Ah, se i ragazzi a scuola lo sapessero! Mi rispetterebbero di pi\u00f9. La smetterebbero di fare casino a lezione. Claudio Capelli, ahah il prof che ha la giacca a quadretti, sempre la stessa d\u2019inverno e d\u2019estate.<br \/>\n\u2013 Ti presto il giubbetto io. A domani, ti aspetto.<\/span><\/p>\n<p style=\"margin: 0cm; margin-bottom: .0001pt; background: white;\"><span style=\"font-size: 12.5pt; font-family: 'Arial','sans-serif'; color: #545454;\">\u00a0<\/span><\/p>\n<p style=\"margin: 0cm; margin-bottom: .0001pt; background: white;\"><em><span style=\"font-size: 12.5pt; font-family: 'Arial','sans-serif'; color: #545454;\">Poi apre uno scatolone e armeggia fino a che trova un taglierino. Controlla il funzionamento infine lo ripone nella scatola insieme alla targa e risale nell\u2019appartamento. Caterina rientra con il volto scuro.<\/span><\/em><\/p>\n<p style=\"margin: 0cm; margin-bottom: .0001pt; background: white;\"><span style=\"font-size: 12.5pt; font-family: 'Arial','sans-serif'; color: #545454;\">\u00a0<\/span><\/p>\n<p style=\"margin: 0cm; margin-bottom: .0001pt; background: white;\"><span style=\"font-size: 12.5pt; font-family: 'Arial','sans-serif'; color: #545454;\">\u2013 Te ne stai per conto tuo\u2026 non parli nemmeno con tua figlia.<br \/>\n\u2013 Lo sai che qui va tutto storto. Zio Ezio poi, l\u2019hanno sfrattato o sta ancora in casa?<br \/>\n\u2013 Ezio? \u00c8 in casa. Almeno per adesso. Ha detto che piuttosto che lasciarla si butta.<br \/>\n\u2013 Risolveremo tutto.<br \/>\n\u2013 Oggi devi tornare a scuola?<br \/>\n\u2013 S\u00ec, alle tre devo fare lezione.\u00a0<em><span style=\"font-family: 'Arial','sans-serif';\">(indossa una giacca a quadretti e controlla i documenti scolastici in una cartella).<\/span><\/em><br \/>\n\u2013 Ezio vorrebbe vederti.<br \/>\n\u2013 So gi\u00e0 cosa vuole dirmi. \u201cAh tu che sei un professore ci devi aiutare.\u201d Ma che significa? Sono solo un supplente squattrinato\u201d \u201cHai anche l\u2019orecchino d\u2019oro. I soldi li hai\u201d<br \/>\n\u2013 Claudio, parli da solo?<br \/>\n\u2013 Pap\u00e0, mi leggi la brutta copia del tema?\u00a0<em><span style=\"font-family: 'Arial','sans-serif';\">(si avvicina la bambina)\u00a0<\/span><\/em><br \/>\n\u2013 S\u00ec, Maria. Che tema \u00e8?<br \/>\n\u2013 \u201cUn incidente dovuto alla distrazione.\u201d Ho gi\u00e0 scritto due pagine e domani a scuola devo consegnarlo alla maestra. Ho raccontato di quando ti sei scontrato all\u2019incrocio. Quando hai litigato con uno che ti ha dato un pugno.<br \/>\n\u2013 Con quel delinquente!<br \/>\n\u2013 S\u00ec, proprio quella volta che ci hai raccontato del delinquente.\u00a0<em><span style=\"font-family: 'Arial','sans-serif';\">(si vede Claudio silenzioso incupirsi)<\/span><\/em>.<\/span><\/p>\n<p style=\"margin: 0cm; margin-bottom: .0001pt; background: white;\"><span style=\"font-size: 12.5pt; font-family: 'Arial','sans-serif'; color: #545454;\">\u00a0<\/span><\/p>\n<p style=\"margin: 0cm; margin-bottom: .0001pt; background: white;\"><em><span style=\"font-size: 12.5pt; font-family: 'Arial','sans-serif'; color: #545454;\">Esce dalla cucina.<\/span><\/em><\/p>\n<p style=\"margin: 0cm; margin-bottom: .0001pt; background: white;\"><span style=\"font-size: 12.5pt; font-family: 'Arial','sans-serif'; color: #545454;\">\u2013 Maria, hai ancora mal di gola?<br \/>\n\u2013 S\u00ec.\u00a0<em><span style=\"font-family: 'Arial','sans-serif';\">( la bambina spalanca la bocca )<\/span><\/em>\u00a0aaaa Vedi? Posso stare a casa domani?<br \/>\n\u2013 Claudio, abbiamo detto che va a scuola. \u00c8 meglio che non manchi la mattina del tema.\u00a0<em><span style=\"font-family: 'Arial','sans-serif';\">(interviene la mamma)<\/span><\/em>.<br \/>\n\u2013 Non bisogna trascurare il mal di gola. La nonna dice che pu\u00f2 far venire i reumatismi. <i>(dice Claudio)<\/i><br \/>\n\u2013 Maria non ha la febbre.<br \/>\n\u2013 Vuoi proprio aspettare che peggiori? Domattina l\u2019accompagno dalla dottoressa. Telefono ad Adriano, dovevamo vederci perch\u00e9 ha dei giubbini in pelle scontati. Gli dico che non posso, spero che non si incazzi.<br \/>\n\u2013 Per quello sei cos\u00ec preoccupato\u2026 Maria non sta poi cos\u00ec male.<br \/>\n\u2013 S\u00ec, in fondo stiamo bene. Oggi va tutto bene. Domani non so.<\/span><\/p>\n<div class=\"pvc_clear\"><\/div>\n<p id=\"pvc_stats_37609\" class=\"pvc_stats all  \" data-element-id=\"37609\" style=\"\"><i class=\"pvc-stats-icon medium\" aria-hidden=\"true\"><svg aria-hidden=\"true\" focusable=\"false\" data-prefix=\"far\" data-icon=\"chart-bar\" role=\"img\" xmlns=\"http:\/\/www.w3.org\/2000\/svg\" viewBox=\"0 0 512 512\" class=\"svg-inline--fa fa-chart-bar fa-w-16 fa-2x\"><path fill=\"currentColor\" d=\"M396.8 352h22.4c6.4 0 12.8-6.4 12.8-12.8V108.8c0-6.4-6.4-12.8-12.8-12.8h-22.4c-6.4 0-12.8 6.4-12.8 12.8v230.4c0 6.4 6.4 12.8 12.8 12.8zm-192 0h22.4c6.4 0 12.8-6.4 12.8-12.8V140.8c0-6.4-6.4-12.8-12.8-12.8h-22.4c-6.4 0-12.8 6.4-12.8 12.8v198.4c0 6.4 6.4 12.8 12.8 12.8zm96 0h22.4c6.4 0 12.8-6.4 12.8-12.8V204.8c0-6.4-6.4-12.8-12.8-12.8h-22.4c-6.4 0-12.8 6.4-12.8 12.8v134.4c0 6.4 6.4 12.8 12.8 12.8zM496 400H48V80c0-8.84-7.16-16-16-16H16C7.16 64 0 71.16 0 80v336c0 17.67 14.33 32 32 32h464c8.84 0 16-7.16 16-16v-16c0-8.84-7.16-16-16-16zm-387.2-48h22.4c6.4 0 12.8-6.4 12.8-12.8v-70.4c0-6.4-6.4-12.8-12.8-12.8h-22.4c-6.4 0-12.8 6.4-12.8 12.8v70.4c0 6.4 6.4 12.8 12.8 12.8z\" class=\"\"><\/path><\/svg><\/i> <img loading=\"lazy\" decoding=\"async\" width=\"16\" height=\"16\" alt=\"Loading\" src=\"https:\/\/www.raccontinellarete.it\/301\/wp-content\/plugins\/page-views-count\/ajax-loader-2x.gif\" border=0 \/><\/p>\n<div class=\"pvc_clear\"><\/div>\n","protected":false},"excerpt":{"rendered":"<p>\u00a0\u00a0 Stanza di un appartamento di periferia. Una donna scarmigliata e una bambina attendono davanti alla porta di un bagno. \u00a0 \u2013 Quando esci? \u2013 Ho quasi finito. \u2013 La pasta si raffredda. \u2013 Caterina, poi iniziare tu. \u2013 Noi abbiamo finito. \u00a0 Ripresa all\u2019interno del bagno. Un uomo si guarda allo specchio tirandosi una [&hellip;]<\/p>\n<div class=\"pvc_clear\"><\/div>\n<p id=\"pvc_stats_37609\" class=\"pvc_stats all  \" data-element-id=\"37609\" style=\"\"><i class=\"pvc-stats-icon medium\" aria-hidden=\"true\"><svg aria-hidden=\"true\" focusable=\"false\" data-prefix=\"far\" data-icon=\"chart-bar\" role=\"img\" xmlns=\"http:\/\/www.w3.org\/2000\/svg\" viewBox=\"0 0 512 512\" class=\"svg-inline--fa fa-chart-bar fa-w-16 fa-2x\"><path fill=\"currentColor\" d=\"M396.8 352h22.4c6.4 0 12.8-6.4 12.8-12.8V108.8c0-6.4-6.4-12.8-12.8-12.8h-22.4c-6.4 0-12.8 6.4-12.8 12.8v230.4c0 6.4 6.4 12.8 12.8 12.8zm-192 0h22.4c6.4 0 12.8-6.4 12.8-12.8V140.8c0-6.4-6.4-12.8-12.8-12.8h-22.4c-6.4 0-12.8 6.4-12.8 12.8v198.4c0 6.4 6.4 12.8 12.8 12.8zm96 0h22.4c6.4 0 12.8-6.4 12.8-12.8V204.8c0-6.4-6.4-12.8-12.8-12.8h-22.4c-6.4 0-12.8 6.4-12.8 12.8v134.4c0 6.4 6.4 12.8 12.8 12.8zM496 400H48V80c0-8.84-7.16-16-16-16H16C7.16 64 0 71.16 0 80v336c0 17.67 14.33 32 32 32h464c8.84 0 16-7.16 16-16v-16c0-8.84-7.16-16-16-16zm-387.2-48h22.4c6.4 0 12.8-6.4 12.8-12.8v-70.4c0-6.4-6.4-12.8-12.8-12.8h-22.4c-6.4 0-12.8 6.4-12.8 12.8v70.4c0 6.4 6.4 12.8 12.8 12.8z\" class=\"\"><\/path><\/svg><\/i> <img loading=\"lazy\" decoding=\"async\" width=\"16\" height=\"16\" alt=\"Loading\" src=\"https:\/\/www.raccontinellarete.it\/301\/wp-content\/plugins\/page-views-count\/ajax-loader-2x.gif\" border=0 \/><\/p>\n<div class=\"pvc_clear\"><\/div>\n","protected":false},"author":1001,"featured_media":0,"comment_status":"open","ping_status":"closed","sticky":false,"template":"","format":"standard","meta":{"footnotes":""},"categories":[533],"tags":[],"class_list":["post-37609","post","type-post","status-publish","format-standard","hentry","category-premio-racconti-per-corti-2019"],"_links":{"self":[{"href":"https:\/\/www.raccontinellarete.it\/index.php?rest_route=\/wp\/v2\/posts\/37609"}],"collection":[{"href":"https:\/\/www.raccontinellarete.it\/index.php?rest_route=\/wp\/v2\/posts"}],"about":[{"href":"https:\/\/www.raccontinellarete.it\/index.php?rest_route=\/wp\/v2\/types\/post"}],"author":[{"embeddable":true,"href":"https:\/\/www.raccontinellarete.it\/index.php?rest_route=\/wp\/v2\/users\/1001"}],"replies":[{"embeddable":true,"href":"https:\/\/www.raccontinellarete.it\/index.php?rest_route=%2Fwp%2Fv2%2Fcomments&post=37609"}],"version-history":[{"count":13,"href":"https:\/\/www.raccontinellarete.it\/index.php?rest_route=\/wp\/v2\/posts\/37609\/revisions"}],"predecessor-version":[{"id":37639,"href":"https:\/\/www.raccontinellarete.it\/index.php?rest_route=\/wp\/v2\/posts\/37609\/revisions\/37639"}],"wp:attachment":[{"href":"https:\/\/www.raccontinellarete.it\/index.php?rest_route=%2Fwp%2Fv2%2Fmedia&parent=37609"}],"wp:term":[{"taxonomy":"category","embeddable":true,"href":"https:\/\/www.raccontinellarete.it\/index.php?rest_route=%2Fwp%2Fv2%2Fcategories&post=37609"},{"taxonomy":"post_tag","embeddable":true,"href":"https:\/\/www.raccontinellarete.it\/index.php?rest_route=%2Fwp%2Fv2%2Ftags&post=37609"}],"curies":[{"name":"wp","href":"https:\/\/api.w.org\/{rel}","templated":true}]}}