{"id":37567,"date":"2019-02-28T17:58:31","date_gmt":"2019-02-28T16:58:31","guid":{"rendered":"http:\/\/www.raccontinellarete.it\/?p=37567"},"modified":"2019-02-28T17:58:31","modified_gmt":"2019-02-28T16:58:31","slug":"premio-racconti-per-corti-2019-daisy-e-violet-di-andrea-masotti","status":"publish","type":"post","link":"https:\/\/www.raccontinellarete.it\/?p=37567","title":{"rendered":"Premio Racconti per Corti 2019 &#8220;Daisy e Violet&#8221; di Andrea Masotti"},"content":{"rendered":"<p><strong>Daisy e Violet<\/strong><\/p>\n<p><em>( In bianco e nero. La vicenda si svolge nella prima met\u00e0 del 900. Si procede con primi piani del volto di due bambine molto simili, pettinate diversamente, che conversano tra loro in un bel giardino. Sono gemelle siamesi, ma inizialmente non si pu\u00f2 capire) <\/em><\/p>\n<p>Daisy: \u201cNon \u00e8 vero che sono egoista. Non ho sonno perch\u00e8 mi va di leggiucchiare un fumetto o ascoltare la radio. Violet andrebbe a letto con le galline, cos\u00ec la mamma dice che \u00e8 pi\u00f9 brava e le d\u00e0 una fetta di torta. S\u00ec, preferisco la gonna a fiori\u201d sbotta Daisy \u201cche indossare quei grembiuloni da scolara di campagna che ci cuce addosso nonna Rose. Poi Violet spiffera, brutta smorfiosa: Daisy fa i capricci, Daisy non fa contenta nonna Rose. Mi senti, vero, Violet?\u201d<\/p>\n<p>Violet: \u201cDove credi che sia, scema, tanto lontano? Se potessi ti manderei\u2026\u201d<\/p>\n<p>Daisy: \u201cChiss\u00e0 dove\u2026 chi \u00e8 pi\u00f9 scema? Non sei contenta anche tu se ci regalano la gonna a fiori, o ci portano al cinema a vedere Rodolfo Valentino? Non lo baceresti, Violet?\u201d<\/p>\n<p>Violet: \u201cSo che non potr\u00f2 mai farlo. Mi viene da piangere. Chi ci vuole noi due Daisy?\u201d<\/p>\n<p>Daisy: \u201cSei proprio una stupida, Violet. Lasciamelo guardare. Tanto tu sei girata dall\u2019altra parte.\u201d<\/p>\n<p>Violet: \u201cGirati, svegliati, alzati\u2026 credi di comandare sempre tu.\u201d<\/p>\n<p>Daisy: \u201cSono stanca di tirarmi dietro una come te. Protesti e basta. Guarda che ti do uno schiaffo! \u201c <em>( tenta di colpirla, ma il volto della gemella siamese, alle sue spalle, \u00e8 irraggiungibile.)<\/em><\/p>\n<p>Violet: \u201cHa ha. Cilecca!\u201d<\/p>\n<p>Daisy: \u201cSe mi alzo sulla punta dei piedi, e spingo\u2026\u201d <em>( si vede che Daisy inarca i piedi e spinge indietro. Le gemelle sono rivolte da parti opposte e unite dietro)<\/em><\/p>\n<p>Violet: \u201cStupida!\u201d<\/p>\n<p>Daisy <em>(si butta indietro)<\/em>:\u201cTi faccio cadere sulla faccia!\u201d<\/p>\n<p><em>Cadono. Violet cerca di proteggersi con le mani, ma il peso di Daisy sulla schiena non le permette di evitare che il viso sprofondi tra l\u2019erba e i sassolini della stradicciola che attraversa il cortile. Cerca di girarsi ma sopra Daisy scalcia in aria e ride come una pazza e non pu\u00f2 liberarsi. Sputa la polvere che le imbiancava le labbra. Si guarda intorno singhiozzando, a pochi centimetri c\u2019\u00e8 una coccinella appoggiata su una margheritina. La tocca e la coccinella cade, agita le zampette inutilmente. Il sole lambisce con un fiume giallo di luce il prato stupendo di maggio.<\/em><\/p>\n<p>Violet: \u201cDaisy, sai che non si sta male qui nel prato. <em>(ridendo )<\/em> Tu mi fai calduccio e io mi schiaccio un pisolino finch\u00e8 arriva la mamma\u201d <em>(le pizzica una coscia)<\/em>.<\/p>\n<p><em>(episodio di fantasia tratto da una vicenda vera, quelle delle gemelle siamesi Daisy e Violet, vissute negli Stati Uniti ) <\/em><\/p>\n<div class=\"pvc_clear\"><\/div>\n<p id=\"pvc_stats_37567\" class=\"pvc_stats all  \" data-element-id=\"37567\" style=\"\"><i class=\"pvc-stats-icon medium\" aria-hidden=\"true\"><svg aria-hidden=\"true\" focusable=\"false\" data-prefix=\"far\" data-icon=\"chart-bar\" role=\"img\" xmlns=\"http:\/\/www.w3.org\/2000\/svg\" viewBox=\"0 0 512 512\" class=\"svg-inline--fa fa-chart-bar fa-w-16 fa-2x\"><path fill=\"currentColor\" d=\"M396.8 352h22.4c6.4 0 12.8-6.4 12.8-12.8V108.8c0-6.4-6.4-12.8-12.8-12.8h-22.4c-6.4 0-12.8 6.4-12.8 12.8v230.4c0 6.4 6.4 12.8 12.8 12.8zm-192 0h22.4c6.4 0 12.8-6.4 12.8-12.8V140.8c0-6.4-6.4-12.8-12.8-12.8h-22.4c-6.4 0-12.8 6.4-12.8 12.8v198.4c0 6.4 6.4 12.8 12.8 12.8zm96 0h22.4c6.4 0 12.8-6.4 12.8-12.8V204.8c0-6.4-6.4-12.8-12.8-12.8h-22.4c-6.4 0-12.8 6.4-12.8 12.8v134.4c0 6.4 6.4 12.8 12.8 12.8zM496 400H48V80c0-8.84-7.16-16-16-16H16C7.16 64 0 71.16 0 80v336c0 17.67 14.33 32 32 32h464c8.84 0 16-7.16 16-16v-16c0-8.84-7.16-16-16-16zm-387.2-48h22.4c6.4 0 12.8-6.4 12.8-12.8v-70.4c0-6.4-6.4-12.8-12.8-12.8h-22.4c-6.4 0-12.8 6.4-12.8 12.8v70.4c0 6.4 6.4 12.8 12.8 12.8z\" class=\"\"><\/path><\/svg><\/i> <img loading=\"lazy\" decoding=\"async\" width=\"16\" height=\"16\" alt=\"Loading\" src=\"https:\/\/www.raccontinellarete.it\/301\/wp-content\/plugins\/page-views-count\/ajax-loader-2x.gif\" border=0 \/><\/p>\n<div class=\"pvc_clear\"><\/div>\n","protected":false},"excerpt":{"rendered":"<p>Daisy e Violet ( In bianco e nero. La vicenda si svolge nella prima met\u00e0 del 900. Si procede con primi piani del volto di due bambine molto simili, pettinate diversamente, che conversano tra loro in un bel giardino. Sono gemelle siamesi, ma inizialmente non si pu\u00f2 capire) Daisy: \u201cNon \u00e8 vero che sono egoista. [&hellip;]<\/p>\n<div class=\"pvc_clear\"><\/div>\n<p id=\"pvc_stats_37567\" class=\"pvc_stats all  \" data-element-id=\"37567\" style=\"\"><i class=\"pvc-stats-icon medium\" aria-hidden=\"true\"><svg aria-hidden=\"true\" focusable=\"false\" data-prefix=\"far\" data-icon=\"chart-bar\" role=\"img\" xmlns=\"http:\/\/www.w3.org\/2000\/svg\" viewBox=\"0 0 512 512\" class=\"svg-inline--fa fa-chart-bar fa-w-16 fa-2x\"><path fill=\"currentColor\" d=\"M396.8 352h22.4c6.4 0 12.8-6.4 12.8-12.8V108.8c0-6.4-6.4-12.8-12.8-12.8h-22.4c-6.4 0-12.8 6.4-12.8 12.8v230.4c0 6.4 6.4 12.8 12.8 12.8zm-192 0h22.4c6.4 0 12.8-6.4 12.8-12.8V140.8c0-6.4-6.4-12.8-12.8-12.8h-22.4c-6.4 0-12.8 6.4-12.8 12.8v198.4c0 6.4 6.4 12.8 12.8 12.8zm96 0h22.4c6.4 0 12.8-6.4 12.8-12.8V204.8c0-6.4-6.4-12.8-12.8-12.8h-22.4c-6.4 0-12.8 6.4-12.8 12.8v134.4c0 6.4 6.4 12.8 12.8 12.8zM496 400H48V80c0-8.84-7.16-16-16-16H16C7.16 64 0 71.16 0 80v336c0 17.67 14.33 32 32 32h464c8.84 0 16-7.16 16-16v-16c0-8.84-7.16-16-16-16zm-387.2-48h22.4c6.4 0 12.8-6.4 12.8-12.8v-70.4c0-6.4-6.4-12.8-12.8-12.8h-22.4c-6.4 0-12.8 6.4-12.8 12.8v70.4c0 6.4 6.4 12.8 12.8 12.8z\" class=\"\"><\/path><\/svg><\/i> <img loading=\"lazy\" decoding=\"async\" width=\"16\" height=\"16\" alt=\"Loading\" src=\"https:\/\/www.raccontinellarete.it\/301\/wp-content\/plugins\/page-views-count\/ajax-loader-2x.gif\" border=0 \/><\/p>\n<div class=\"pvc_clear\"><\/div>\n","protected":false},"author":1001,"featured_media":0,"comment_status":"open","ping_status":"closed","sticky":false,"template":"","format":"standard","meta":{"footnotes":""},"categories":[533],"tags":[],"class_list":["post-37567","post","type-post","status-publish","format-standard","hentry","category-premio-racconti-per-corti-2019"],"_links":{"self":[{"href":"https:\/\/www.raccontinellarete.it\/index.php?rest_route=\/wp\/v2\/posts\/37567"}],"collection":[{"href":"https:\/\/www.raccontinellarete.it\/index.php?rest_route=\/wp\/v2\/posts"}],"about":[{"href":"https:\/\/www.raccontinellarete.it\/index.php?rest_route=\/wp\/v2\/types\/post"}],"author":[{"embeddable":true,"href":"https:\/\/www.raccontinellarete.it\/index.php?rest_route=\/wp\/v2\/users\/1001"}],"replies":[{"embeddable":true,"href":"https:\/\/www.raccontinellarete.it\/index.php?rest_route=%2Fwp%2Fv2%2Fcomments&post=37567"}],"version-history":[{"count":5,"href":"https:\/\/www.raccontinellarete.it\/index.php?rest_route=\/wp\/v2\/posts\/37567\/revisions"}],"predecessor-version":[{"id":37577,"href":"https:\/\/www.raccontinellarete.it\/index.php?rest_route=\/wp\/v2\/posts\/37567\/revisions\/37577"}],"wp:attachment":[{"href":"https:\/\/www.raccontinellarete.it\/index.php?rest_route=%2Fwp%2Fv2%2Fmedia&parent=37567"}],"wp:term":[{"taxonomy":"category","embeddable":true,"href":"https:\/\/www.raccontinellarete.it\/index.php?rest_route=%2Fwp%2Fv2%2Fcategories&post=37567"},{"taxonomy":"post_tag","embeddable":true,"href":"https:\/\/www.raccontinellarete.it\/index.php?rest_route=%2Fwp%2Fv2%2Ftags&post=37567"}],"curies":[{"name":"wp","href":"https:\/\/api.w.org\/{rel}","templated":true}]}}