{"id":37487,"date":"2019-02-22T12:36:36","date_gmt":"2019-02-22T11:36:36","guid":{"rendered":"http:\/\/www.raccontinellarete.it\/?p=37487"},"modified":"2019-02-22T12:36:36","modified_gmt":"2019-02-22T11:36:36","slug":"premio-racconti-nella-rete-2019-una-storia-normale-di-donatella-mazzucato","status":"publish","type":"post","link":"https:\/\/www.raccontinellarete.it\/?p=37487","title":{"rendered":"Premio Racconti nella Rete 2019 &#8220;Una storia normale&#8221; di Donatella Mazzucato"},"content":{"rendered":"<p>Ehi Marco,io non so raccontare.Mi piacerebbe saper scrivere una storia, una bella storia.Io so solo buttare gi\u00f9 2 righe per per dire quello che penso.Mi pacerebbe scrivere una bella storia,una storia intrisa di felicit\u00e0,di amore,di speranza.<\/p>\n<p>Potrebbe essere la tua di storia.<\/p>\n<p>Certo, tu mi dici, la mia storia.Ma io non ho nulla da raccontare.Sono solo un uomo,un uomo come tutti gli altri.Non c&#8217;\u00e8 niente di interessante nella mia storia.<\/p>\n<p>Io ti guardo e penso che stai bleffando. Non pu\u00f2&#8217; essere he tu pensi di essere uguale agli altri.O forse hai ragione tu.Sei come tante persone che vivono senza che i loro giorni diventino palcoscenico.<\/p>\n<p>Ma senti Marco, perch\u00e9 non mi parli di Giulia?Hai voglia di parlarmi di Giulia?<\/p>\n<p>Mi guardi e io riesco a sentire qualcosa di palpabile, di tangibile.<\/p>\n<p>Giulia \u00e8 l&#8217;amore della mia vita. Con lei ho trascorso anni bellissimi,insieme abbiamo riso, giocato, pianto, costruito.Insieme abbiamo guardato avanti,insieme abbiamo plasmato il futuro.<\/p>\n<p>Ha gli occhi belli Giulia&#8212;E mentre lo dici sorridi \u00a0e io in quello momento penso alle giornate di nebbia , la nebbia di febbraio cos\u00ec frequente dalle nostre parti e a qualche raggio di sole \u00a0che si fa largo con fatica .<\/p>\n<p>Mi ricordo la prima volta che l&#8217;ho vista&#8230;.niente di particolare, una ragazza in mezzo ad altre ragazze.Ma i suoi occhi, i suoi occhi mi hanno ipnotizzato. Sai, penso che dai suoi occhi, in quel momento sia partita una scarica emotiva .Ho sentito subito che mi attraeva, mi piaceva&#8230;.ho sentito che potevo innamorarmi.<\/p>\n<p>E infatti ci siamo innamorati nella maniera in cui si innamorano due ragazzi: io per lei, lei per me, io con te, tu con me.<\/p>\n<p>Abbiamo iniziato cos\u00ec la nostra storia,sai una bella, bellissima storia perch\u00e9 credo che due persone che quando due persone si amano per davvero, la storia non pu\u00f2&#8217; essere che bellissima.<\/p>\n<p>E poi ,con lei,ogni giorno era un giorno nuovo, unico, meraviglioso perch\u00e9 ogni mattina quando aprivo gli occhi sapevo che potevo guardare i suoi che sempre mi trasmettevano quella carica, quella serenit\u00e0, quell&#8217;energia che mi faceva&#8230;. vivere!<\/p>\n<p>Aspetta, non voglio dire che tutto fosse perfetto, se dicessi questo direi una stupidaggine!Avevamo anche noi i nostri problemi.<\/p>\n<p>Un giorno si rompeva la macchina e dovevamo trovare i soldi per aggiustarla, avevamo lo sfratto e dovevamo cercare una nuova casa, i suoi brontolavano perch\u00e9 non aveva ancora trovato la sua strada, io tentavo vari concorsi per trovare un lavoro sicuro&#8230;.<\/p>\n<p>Sai, io sono architetto ma mi sento anche un po&#8217; artista.Dipingo&#8230;.Ho sempre amato dipingere.Dipingere \u00e8 fotografare con il cuore.Ci metti quello che vedi pi\u00f9 quello che senti e lo colori con quello che provi.<\/p>\n<p>Poi finalmente ho vinto sto&#8217; benedetto concordo e ho iniziato a fare quello che mi piace e \u00a0ci dava anche la possibilit\u00e0 di vivere tranquilli.<\/p>\n<p>E la nostra vita scorreva.<\/p>\n<p>Io e Giulia<\/p>\n<p>L&#8217;ho sempre amata, molto e credo che lei mi \u00a0amasse, molto.<\/p>\n<p>Quando penso a lei sto bene,sorrido e sono sicuro che l&#8217;amo ancora.<\/p>\n<p>Sono passati parecchi anni,anni belli,sereni.<\/p>\n<p>Quando la vita scorre tranquilla non ti rendi neppure conto che stai vivendo.Prendi quello che viene con naturalezza, con impalpabile leggerezza. E sono sicuro che deve essere cos\u00ec perch\u00e9 la vita \u00e8 cos\u00ec.<\/p>\n<p>Per\u00f2 adesso&#8230;penso che ogni sera, prima di chiudere gli occhi, dovremmo fare un bilancio della giornata e cercare di spremere, di succhiare tutela bellezza, tutta la forza, tutta la positivit\u00e0 di quel lembo di esistenza appena trascorso.<\/p>\n<p>Ma lo dico adesso e capisco che lo dico con il senno del poi.<\/p>\n<p>Marco, fermati un attimo, vuoi che ci facciamo un caff\u00e8? \u00a0o s\u00ec, grazie ! lo bevo volentieri un caff\u00e8,,mettimi un po&#8217; di latte, no, niente zucchero.<\/p>\n<p>Vedi, anche ora che sto bevendo questo caff\u00e8 cerco di assaporarlo quanto pi\u00f9 posso.Certo non \u00e8 il caff\u00e8 ma \u00e8 tutta questa situazione che io tento di di imprimermi nella memoria attraverso i miei sensi.io che parlo e tu che ascolti..una situazione che non si ripeter\u00e0 mai pi\u00f9 ma \u00a0che, se io tengo scolpita nella mia memoria,sar\u00e0 sempre presente.<\/p>\n<p>Sai, i giorni sono passati, uno dopo l&#8217;altro.Se mi fermo a pensare non riesco a distinguerli bene perch\u00e8 si assomigliano tutti.Per\u00f2 in testa ho delle immagini ben precise che scandiscono la nostra vita:il giorno del nostro matrimonio, bello,emozionante,stancante.<\/p>\n<p>L&#8217;avevo deciso come decidevamo tutto:all&#8217;inizio un po&#8217; per scherzo e poi con sempre pi\u00f9 convinzione. Era il giusto sigillo alla nostra storia .<\/p>\n<p>E poi la promozione al lavoro.. diventi sempre pi\u00f9 bravo,un mi stupirei se un giorno ti chiamasse Renzo Piano per lavorare con lui. E ridevamo, brindavamo e organizzavamo un viaggio per festeggiare.<\/p>\n<p>Come fa una serena normalit\u00e0 a trasformarsi in un dolore immenso, in una sofferenza continua senza che ti si spacchi il cuore?<\/p>\n<p>Lei , lo sai, si \u00e8 ammalata, SLA, delle peggiori.Chiss\u00e0 quante volte hai sentito parlare di questa malattia! Anch&#8217;io, alla televisione.E po uno si chiede come sia possibile che tutto questo patimento, questo strazio ricada su una persona&#8230;dolore, solo e soltanto dolore.<\/p>\n<p>E tu soffri con lei, ti consumi con lei, ti annienti in lei. E quando hai un attimo per riuscire a pensare ti ripeti \u00a0che non \u00e8 possibile, non \u00e8 nei nostri progetti,non c&#8217;entra niente con la nostra vita e poi c&#8217;\u00e8 l&#8217;incredulit\u00e0 e poi la rabbia e poi la disperazione e poi il dolore, tanto tanto dolore.<\/p>\n<p>Il nostro calvario \u00e8 durato poco. Io ho lasciato il lavoro perch\u00e9 Giulia aveva bisogno di me.<\/p>\n<p>Io e Giulia, Giulia ed io.<\/p>\n<p>Gioia e dolore, disperazione ed amore.<\/p>\n<p>Se ne \u00e8 andata e io con lei.No, non \u00e8 un modo di dire, \u00e8 proprio cos\u00ec.<\/p>\n<p>Mi dicono che devo ricostruirli una vita, mi dicono che chiss\u00e0 a quante bellissime cose mi riserva ancora il futuro.<\/p>\n<p>E io dico s\u00ec, lo far\u00f2 e io sorrido e qualche volta rido.<\/p>\n<p>E continuo a dipingere&#8230;. vorrei riuscire a dipingere un sogno,il nostro sogno.<\/p>\n<p>Io e Giulia, Giulia ed io.<\/p>\n<p>Ecco vedi, questa \u00e8 la mia storia.<\/p>\n<p>Niente di particolare,solo la normalit\u00e0, la normalit\u00e0 della vita,<\/p>\n<p>Beh&#8230; devo andare&#8230;ci vediamo&#8230;<\/p>\n<p>Ciao Marco, ti telefono, a presto&#8230;.<\/p>\n<div class=\"pvc_clear\"><\/div>\n<p id=\"pvc_stats_37487\" class=\"pvc_stats all  \" data-element-id=\"37487\" style=\"\"><i class=\"pvc-stats-icon medium\" aria-hidden=\"true\"><svg aria-hidden=\"true\" focusable=\"false\" data-prefix=\"far\" data-icon=\"chart-bar\" role=\"img\" xmlns=\"http:\/\/www.w3.org\/2000\/svg\" viewBox=\"0 0 512 512\" class=\"svg-inline--fa fa-chart-bar fa-w-16 fa-2x\"><path fill=\"currentColor\" d=\"M396.8 352h22.4c6.4 0 12.8-6.4 12.8-12.8V108.8c0-6.4-6.4-12.8-12.8-12.8h-22.4c-6.4 0-12.8 6.4-12.8 12.8v230.4c0 6.4 6.4 12.8 12.8 12.8zm-192 0h22.4c6.4 0 12.8-6.4 12.8-12.8V140.8c0-6.4-6.4-12.8-12.8-12.8h-22.4c-6.4 0-12.8 6.4-12.8 12.8v198.4c0 6.4 6.4 12.8 12.8 12.8zm96 0h22.4c6.4 0 12.8-6.4 12.8-12.8V204.8c0-6.4-6.4-12.8-12.8-12.8h-22.4c-6.4 0-12.8 6.4-12.8 12.8v134.4c0 6.4 6.4 12.8 12.8 12.8zM496 400H48V80c0-8.84-7.16-16-16-16H16C7.16 64 0 71.16 0 80v336c0 17.67 14.33 32 32 32h464c8.84 0 16-7.16 16-16v-16c0-8.84-7.16-16-16-16zm-387.2-48h22.4c6.4 0 12.8-6.4 12.8-12.8v-70.4c0-6.4-6.4-12.8-12.8-12.8h-22.4c-6.4 0-12.8 6.4-12.8 12.8v70.4c0 6.4 6.4 12.8 12.8 12.8z\" class=\"\"><\/path><\/svg><\/i> <img loading=\"lazy\" decoding=\"async\" width=\"16\" height=\"16\" alt=\"Loading\" src=\"https:\/\/www.raccontinellarete.it\/301\/wp-content\/plugins\/page-views-count\/ajax-loader-2x.gif\" border=0 \/><\/p>\n<div class=\"pvc_clear\"><\/div>\n","protected":false},"excerpt":{"rendered":"<p>Ehi Marco,io non so raccontare.Mi piacerebbe saper scrivere una storia, una bella storia.Io so solo buttare gi\u00f9 2 righe per per dire quello che penso.Mi pacerebbe scrivere una bella storia,una storia intrisa di felicit\u00e0,di amore,di speranza. Potrebbe essere la tua di storia. Certo, tu mi dici, la mia storia.Ma io non ho nulla da raccontare.Sono [&hellip;]<\/p>\n<div class=\"pvc_clear\"><\/div>\n<p id=\"pvc_stats_37487\" class=\"pvc_stats all  \" data-element-id=\"37487\" style=\"\"><i class=\"pvc-stats-icon medium\" aria-hidden=\"true\"><svg aria-hidden=\"true\" focusable=\"false\" data-prefix=\"far\" data-icon=\"chart-bar\" role=\"img\" xmlns=\"http:\/\/www.w3.org\/2000\/svg\" viewBox=\"0 0 512 512\" class=\"svg-inline--fa fa-chart-bar fa-w-16 fa-2x\"><path fill=\"currentColor\" d=\"M396.8 352h22.4c6.4 0 12.8-6.4 12.8-12.8V108.8c0-6.4-6.4-12.8-12.8-12.8h-22.4c-6.4 0-12.8 6.4-12.8 12.8v230.4c0 6.4 6.4 12.8 12.8 12.8zm-192 0h22.4c6.4 0 12.8-6.4 12.8-12.8V140.8c0-6.4-6.4-12.8-12.8-12.8h-22.4c-6.4 0-12.8 6.4-12.8 12.8v198.4c0 6.4 6.4 12.8 12.8 12.8zm96 0h22.4c6.4 0 12.8-6.4 12.8-12.8V204.8c0-6.4-6.4-12.8-12.8-12.8h-22.4c-6.4 0-12.8 6.4-12.8 12.8v134.4c0 6.4 6.4 12.8 12.8 12.8zM496 400H48V80c0-8.84-7.16-16-16-16H16C7.16 64 0 71.16 0 80v336c0 17.67 14.33 32 32 32h464c8.84 0 16-7.16 16-16v-16c0-8.84-7.16-16-16-16zm-387.2-48h22.4c6.4 0 12.8-6.4 12.8-12.8v-70.4c0-6.4-6.4-12.8-12.8-12.8h-22.4c-6.4 0-12.8 6.4-12.8 12.8v70.4c0 6.4 6.4 12.8 12.8 12.8z\" class=\"\"><\/path><\/svg><\/i> <img loading=\"lazy\" decoding=\"async\" width=\"16\" height=\"16\" alt=\"Loading\" src=\"https:\/\/www.raccontinellarete.it\/301\/wp-content\/plugins\/page-views-count\/ajax-loader-2x.gif\" border=0 \/><\/p>\n<div class=\"pvc_clear\"><\/div>\n","protected":false},"author":18836,"featured_media":0,"comment_status":"open","ping_status":"closed","sticky":false,"template":"","format":"standard","meta":{"footnotes":""},"categories":[532],"tags":[],"class_list":["post-37487","post","type-post","status-publish","format-standard","hentry","category-premio-racconti-nella-rete-2019"],"_links":{"self":[{"href":"https:\/\/www.raccontinellarete.it\/index.php?rest_route=\/wp\/v2\/posts\/37487"}],"collection":[{"href":"https:\/\/www.raccontinellarete.it\/index.php?rest_route=\/wp\/v2\/posts"}],"about":[{"href":"https:\/\/www.raccontinellarete.it\/index.php?rest_route=\/wp\/v2\/types\/post"}],"author":[{"embeddable":true,"href":"https:\/\/www.raccontinellarete.it\/index.php?rest_route=\/wp\/v2\/users\/18836"}],"replies":[{"embeddable":true,"href":"https:\/\/www.raccontinellarete.it\/index.php?rest_route=%2Fwp%2Fv2%2Fcomments&post=37487"}],"version-history":[{"count":3,"href":"https:\/\/www.raccontinellarete.it\/index.php?rest_route=\/wp\/v2\/posts\/37487\/revisions"}],"predecessor-version":[{"id":37492,"href":"https:\/\/www.raccontinellarete.it\/index.php?rest_route=\/wp\/v2\/posts\/37487\/revisions\/37492"}],"wp:attachment":[{"href":"https:\/\/www.raccontinellarete.it\/index.php?rest_route=%2Fwp%2Fv2%2Fmedia&parent=37487"}],"wp:term":[{"taxonomy":"category","embeddable":true,"href":"https:\/\/www.raccontinellarete.it\/index.php?rest_route=%2Fwp%2Fv2%2Fcategories&post=37487"},{"taxonomy":"post_tag","embeddable":true,"href":"https:\/\/www.raccontinellarete.it\/index.php?rest_route=%2Fwp%2Fv2%2Ftags&post=37487"}],"curies":[{"name":"wp","href":"https:\/\/api.w.org\/{rel}","templated":true}]}}