{"id":3731,"date":"2010-05-19T10:44:50","date_gmt":"2010-05-19T09:44:50","guid":{"rendered":"http:\/\/www.raccontinellarete.it\/?p=3731"},"modified":"2010-05-19T10:44:50","modified_gmt":"2010-05-19T09:44:50","slug":"l%e2%80%99uomo-delle-maschere","status":"publish","type":"post","link":"https:\/\/www.raccontinellarete.it\/?p=3731","title":{"rendered":"Premio Racconti nella Rete 2010 &#8220;L\u2019uomo delle Maschere&#8221; di Mario Greco"},"content":{"rendered":"<blockquote>\n<p style=\"0cm;\" align=\"left\">&#8220;<em>Paradossalmente l\u2019uomo non \u00e8 chi \u00e8 ma chi tenta di essere cio\u00e8 chi finge di essere: il suo atteggiamento conta pi\u00f9 della sua natura.<\/em>&#8221; Oscar Wilde<\/p>\n<\/blockquote>\n<p style=\"justify;\">In ogni momento l\u2019uomo delle maschere cambiava sempre la maschera secondo la persona con cui doveva relazionare. Le maschere erano quasi identiche se non fosse stato per quei piccoli dettagli che ogni volta cambiava. Ogni maschera era dedicata ad ogni persona, solo nel caso in cui relazionava con pi\u00f9 persone indossava una maschera con quei piccoli dettagli in comune a tutti e nessuno poteva obiettare. Nessuno osava mai immaginare che quella maschera, in comune a tutti, risultasse diversa con ognuno di loro singolarmente. Quando l\u2019uomo delle maschere desiderava essere triste disegnava una lacrima, un sorriso per essere felice.<\/p>\n<p style=\"justify;\">Ogni volta che si recava a casa pensava sempre se l\u2019uso delle maschere fosse stato corretto, senza nessun errore. Una volta a casa, protetto dal mondo, si liberava di tutte le maschere e quanto sudore ogni volta doveva asciugare dal suo viso! Libero dall\u2019obbligo delle maschere, la giornata era molto abitudinaria poich\u00e9 l\u2019uomo so levava dedicarsi nel curare, modificare o creare le maschere soltanto alla luce del sole e, quando quest\u2019ultimo lasciava il suo posto, nella grande volta celeste, alla luna, l\u2019uomo non riusciva a trovare nessun impegno ed il sonno tardava ad annunciarsi allorch\u00e9 il Non-Io<a class=\"sdfootnoteanc\" name=\"sdfootnote1anc\" href=\"#sdfootnote1sym\"><\/a>, l\u2019unico a essere sempre in solitudine e l\u2019unico a rispecchiare la sua personalit\u00e0, prendeva il sopravvento. Si creava un quadretto triste poich\u00e9 la sofferenza e le lacrime erano frutto del suo viso, non delle maschere. L\u2019unico pensiero, nella totale solitudine, che balenava nella sua mente era il contatto e il conforto di una persona, ma tale pensiero nasceva dall\u2019esigenza del Non-Io e trovava la sua morte nella rigida regola delle maschere. Nessuna persona poteva avvicinarsi all\u2019uomo senza l\u2019uso delle maschere, poich\u00e9 il Non-Io poteva essere rivelato ed esso non possedeva nessun arma in sua difesa. In questo conflitto senza fine, il dolore aumentava vertiginosamente e il corpo faticava sempre di pi\u00f9 a contenere tutta quella sofferenza e tutti i sentimenti che sempre di pi\u00f9 cercavano spazio. Per opprimere la sofferenza decise di inibire i suoi sensi nell\u2019eccesso di alcol, ma i risultati furono scadenti e il corpo era stravolto e stremato. In tutta questa situazione i sentimenti non si placarono per nulla, anzi furono accentuati. Il tormento, avuto origine dal circolo vizioso dei sentimenti, non lasciava posto alla quiete. &lt;&lt; Perch\u00e9 ogni notte devo subire questo tormento? &gt;&gt; grid\u00f2 l\u2019uomo in piene lacrime e non potendo pi\u00f9 richiamare il pensiero, morto a causa della ferrea regola, decise di andare a letto.<\/p>\n<p style=\"justify;\">La mattina si svegli\u00f2 triste e l\u2019uomo doveva ancora smaltire il dolore fisico della notte. Di giorno, come d\u2019abitudine, lavor\u00f2 alle maschere e in tardo pomeriggio decise di recarsi al bar. Prima di uscire indoss\u00f2 la maschera, controllando con cura che la scelta fosse corretta, e si premur\u00f2 di portare le restanti maschere con s\u00e9.<\/p>\n<p style=\"0cm;\">Seduto nel tavolino esterno del bar so levava bere con molta calma il suo bicchiere d\u2019assenzio, quando non beveva si dilettava nell\u2019osservare il mondo.<br \/>\n&lt;&lt; Ciao &gt;&gt; fu questa la parola pronunciata da una sua amica che spezz\u00f2 l\u2019osservazione dell\u2019uomo nel curare i dolci movimenti delle foglie.<br \/>\n&lt;&lt; Ciao &gt;&gt; ricambi\u00f2 l\u2019uomo e continuando disse &lt;&lt; scusami se non ti ho riconosciuta, ero in sovrappensiero &gt;&gt;<br \/>\n&lt;&lt; Ho notato &gt;&gt; disse l\u2019amica accennando un sorriso e prosegu\u00ec &lt;&lt; aspetta qui, entro a ordinare e ritorno&gt;&gt;<br \/>\n&lt;&lt; Va bene &gt;&gt; rispose l\u2019uomo e nel frattempo approfitt\u00f2 dell\u2019assenza dell\u2019amica per cambiare maschera. L\u2019amica si sedette insieme all\u2019uomo delle maschere.<br \/>\n&lt;&lt; Posso offrirti una sigaretta? &gt;&gt; domand\u00f2 l\u2019amica<br \/>\n&lt;&lt; Si, grazie. Accetto volentieri &gt;&gt; rispose l\u2019uomo<br \/>\n&lt;&lt; Ieri sera ho letto i tuoi aforismi &gt;&gt;<br \/>\n&lt;&lt; Bene, mi fa piacere che mi hai dedicato un po\u2019 di tempo &gt;&gt;<br \/>\n&lt;&lt; Ho letto volentieri &gt;&gt;<br \/>\n&lt;&lt; Cosa ne pensi? &gt;&gt;<br \/>\n&lt;&lt; Sono belli ma riguardo alcuni penso che siano incompleti &gt;&gt;<br \/>\n&lt;&lt; Incompleti? Un esempio? &gt;&gt;<br \/>\n&lt;&lt; Il mio stato d\u2019animo ogni mattina \u00e8 come la rugiada. La frase \u00e8 veramente carina, per\u00f2 sembra incompleta &gt;&gt; disse l\u2019amica<br \/>\n&lt;&lt; Pensi veramente che una frase del genere sia incompleta? &gt;&gt;<br \/>\n&lt;&lt; Si. Dovresti aggiungere una seconda frase o porre un finale direttamente alla frase &gt;&gt;<br \/>\n&lt;&lt; Ti posso assicurare che la frase \u00e8 completa &gt;&gt;<br \/>\n&lt;&lt; Forse sono io che non ho capito il senso della frase &gt;&gt;<br \/>\n&lt;&lt; Penso che non hai compreso a pieno il senso della frase. Ecco spiegato il motivo per cui ti sembra incompleta &gt;&gt;<br \/>\n&lt;&lt; Sar\u00e0. Se non erro non sono l\u2019unica a trovarla incompleta &gt;&gt;<br \/>\n&lt;&lt; Non sei l\u2019unica &gt;&gt;<br \/>\n&lt;&lt; Dovresti modificarla &gt;&gt;<br \/>\n&lt;&lt; Non c\u2019\u00e8 ne bisogno. La frase \u00e8 completa pi\u00f9 di quanto sembra. Alcune volte bisogna leggere muniti di sentimenti e non di razionalit\u00e0. Quando riuscirai a capire che \u00e8 completa non la spiegherai usando la logica, ma la vivrai attraverso i sentimenti &gt;&gt;<\/p>\n<p style=\"0cm;\" align=\"justify\">L\u2019uomo delle maschere salut\u00f2 l\u2019amica e lasci\u00f2 il bar.<\/p>\n<p>Si recava a casa pensando sempre se l\u2019uso delle maschere fosse stato corretto.<\/p>\n<p>Si recava a casa pensando sempre se in qualche frase pronunciata si capiva l\u2019uso delle maschere.<\/p>\n<div class=\"pvc_clear\"><\/div>\n<p id=\"pvc_stats_3731\" class=\"pvc_stats all  \" data-element-id=\"3731\" style=\"\"><i class=\"pvc-stats-icon medium\" aria-hidden=\"true\"><svg aria-hidden=\"true\" focusable=\"false\" data-prefix=\"far\" data-icon=\"chart-bar\" role=\"img\" xmlns=\"http:\/\/www.w3.org\/2000\/svg\" viewBox=\"0 0 512 512\" class=\"svg-inline--fa fa-chart-bar fa-w-16 fa-2x\"><path fill=\"currentColor\" d=\"M396.8 352h22.4c6.4 0 12.8-6.4 12.8-12.8V108.8c0-6.4-6.4-12.8-12.8-12.8h-22.4c-6.4 0-12.8 6.4-12.8 12.8v230.4c0 6.4 6.4 12.8 12.8 12.8zm-192 0h22.4c6.4 0 12.8-6.4 12.8-12.8V140.8c0-6.4-6.4-12.8-12.8-12.8h-22.4c-6.4 0-12.8 6.4-12.8 12.8v198.4c0 6.4 6.4 12.8 12.8 12.8zm96 0h22.4c6.4 0 12.8-6.4 12.8-12.8V204.8c0-6.4-6.4-12.8-12.8-12.8h-22.4c-6.4 0-12.8 6.4-12.8 12.8v134.4c0 6.4 6.4 12.8 12.8 12.8zM496 400H48V80c0-8.84-7.16-16-16-16H16C7.16 64 0 71.16 0 80v336c0 17.67 14.33 32 32 32h464c8.84 0 16-7.16 16-16v-16c0-8.84-7.16-16-16-16zm-387.2-48h22.4c6.4 0 12.8-6.4 12.8-12.8v-70.4c0-6.4-6.4-12.8-12.8-12.8h-22.4c-6.4 0-12.8 6.4-12.8 12.8v70.4c0 6.4 6.4 12.8 12.8 12.8z\" class=\"\"><\/path><\/svg><\/i> <img loading=\"lazy\" decoding=\"async\" width=\"16\" height=\"16\" alt=\"Loading\" src=\"https:\/\/www.raccontinellarete.it\/301\/wp-content\/plugins\/page-views-count\/ajax-loader-2x.gif\" border=0 \/><\/p>\n<div class=\"pvc_clear\"><\/div>\n","protected":false},"excerpt":{"rendered":"<p>&#8220;Paradossalmente l\u2019uomo non \u00e8 chi \u00e8 ma chi tenta di essere cio\u00e8 chi finge di essere: il suo atteggiamento conta pi\u00f9 della sua natura.&#8221; Oscar Wilde In ogni momento l\u2019uomo delle maschere cambiava sempre la maschera secondo la persona con cui doveva relazionare. Le maschere erano quasi identiche se non fosse stato per quei piccoli [&hellip;]<\/p>\n<div class=\"pvc_clear\"><\/div>\n<p id=\"pvc_stats_3731\" class=\"pvc_stats all  \" data-element-id=\"3731\" style=\"\"><i class=\"pvc-stats-icon medium\" aria-hidden=\"true\"><svg aria-hidden=\"true\" focusable=\"false\" data-prefix=\"far\" data-icon=\"chart-bar\" role=\"img\" xmlns=\"http:\/\/www.w3.org\/2000\/svg\" viewBox=\"0 0 512 512\" class=\"svg-inline--fa fa-chart-bar fa-w-16 fa-2x\"><path fill=\"currentColor\" d=\"M396.8 352h22.4c6.4 0 12.8-6.4 12.8-12.8V108.8c0-6.4-6.4-12.8-12.8-12.8h-22.4c-6.4 0-12.8 6.4-12.8 12.8v230.4c0 6.4 6.4 12.8 12.8 12.8zm-192 0h22.4c6.4 0 12.8-6.4 12.8-12.8V140.8c0-6.4-6.4-12.8-12.8-12.8h-22.4c-6.4 0-12.8 6.4-12.8 12.8v198.4c0 6.4 6.4 12.8 12.8 12.8zm96 0h22.4c6.4 0 12.8-6.4 12.8-12.8V204.8c0-6.4-6.4-12.8-12.8-12.8h-22.4c-6.4 0-12.8 6.4-12.8 12.8v134.4c0 6.4 6.4 12.8 12.8 12.8zM496 400H48V80c0-8.84-7.16-16-16-16H16C7.16 64 0 71.16 0 80v336c0 17.67 14.33 32 32 32h464c8.84 0 16-7.16 16-16v-16c0-8.84-7.16-16-16-16zm-387.2-48h22.4c6.4 0 12.8-6.4 12.8-12.8v-70.4c0-6.4-6.4-12.8-12.8-12.8h-22.4c-6.4 0-12.8 6.4-12.8 12.8v70.4c0 6.4 6.4 12.8 12.8 12.8z\" class=\"\"><\/path><\/svg><\/i> <img loading=\"lazy\" decoding=\"async\" width=\"16\" height=\"16\" alt=\"Loading\" src=\"https:\/\/www.raccontinellarete.it\/301\/wp-content\/plugins\/page-views-count\/ajax-loader-2x.gif\" border=0 \/><\/p>\n<div class=\"pvc_clear\"><\/div>\n","protected":false},"author":226,"featured_media":0,"comment_status":"open","ping_status":"closed","sticky":false,"template":"","format":"standard","meta":{"footnotes":""},"categories":[9],"tags":[],"class_list":["post-3731","post","type-post","status-publish","format-standard","hentry","category-racconti-2010"],"_links":{"self":[{"href":"https:\/\/www.raccontinellarete.it\/index.php?rest_route=\/wp\/v2\/posts\/3731"}],"collection":[{"href":"https:\/\/www.raccontinellarete.it\/index.php?rest_route=\/wp\/v2\/posts"}],"about":[{"href":"https:\/\/www.raccontinellarete.it\/index.php?rest_route=\/wp\/v2\/types\/post"}],"author":[{"embeddable":true,"href":"https:\/\/www.raccontinellarete.it\/index.php?rest_route=\/wp\/v2\/users\/226"}],"replies":[{"embeddable":true,"href":"https:\/\/www.raccontinellarete.it\/index.php?rest_route=%2Fwp%2Fv2%2Fcomments&post=3731"}],"version-history":[{"count":0,"href":"https:\/\/www.raccontinellarete.it\/index.php?rest_route=\/wp\/v2\/posts\/3731\/revisions"}],"wp:attachment":[{"href":"https:\/\/www.raccontinellarete.it\/index.php?rest_route=%2Fwp%2Fv2%2Fmedia&parent=3731"}],"wp:term":[{"taxonomy":"category","embeddable":true,"href":"https:\/\/www.raccontinellarete.it\/index.php?rest_route=%2Fwp%2Fv2%2Fcategories&post=3731"},{"taxonomy":"post_tag","embeddable":true,"href":"https:\/\/www.raccontinellarete.it\/index.php?rest_route=%2Fwp%2Fv2%2Ftags&post=3731"}],"curies":[{"name":"wp","href":"https:\/\/api.w.org\/{rel}","templated":true}]}}