{"id":37271,"date":"2019-01-20T18:08:44","date_gmt":"2019-01-20T17:08:44","guid":{"rendered":"http:\/\/www.raccontinellarete.it\/?p=37271"},"modified":"2019-01-20T18:08:44","modified_gmt":"2019-01-20T17:08:44","slug":"premio-racconti-nella-rete-2019-il-sogno-di-michela-masci","status":"publish","type":"post","link":"https:\/\/www.raccontinellarete.it\/?p=37271","title":{"rendered":"Premio Racconti nella Rete 2019 &#8220;Il sogno&#8221; di Michela Masci"},"content":{"rendered":"<p><em>Ahi, che mal di testa&#8230; \u00e8 da ieri sera e ancora non passa! Ma che ore sono&#8230; \u00e8 cos\u00ec buio&#8230; dov\u2019\u00e8 l\u2019orologio? Ahia!<\/em><\/p>\n<p>\u201cPiano, tesoro, attenta&#8230;\u201d<\/p>\n<p>\u201cMa&#8230; Roberto, sei tu? Cosa ci fai qui?\u201d<\/p>\n<p>\u201cShhh&#8230; amore, calma, shhh&#8230;\u201d<\/p>\n<p>\u201cRoberto, \u00e8 successo qualcosa? Carletto, dov\u2019\u00e8 Carletto?\u201d<\/p>\n<p>\u201cStai, tranquilla, tutto \u00e8 a posto&#8230; Carletto \u00e8 dagli zii, e Anna dalla nonna.\u201d<\/p>\n<p>\u201cMa chi \u00e8 Anna? E dove sono? \u00c8 cos\u00ec buio qui, non mi sembra casa mia&#8230;\u201d<\/p>\n<p>\u201cEhi ehi, stella mia&#8230; che fai, non ti agitare! Va tutto bene. Sei in ospedale, ma stai meglio ora. E Anna&#8230; non ricordi, amore&#8230;? Anna \u00e8 nostra figlia: \u00e8 nata due settimane fa, il 15 maggio, e da allora tu sei stata in coma. Pensavo di averti perso, amore mio&#8230; Ma ora ci sei, che bello che ci sei! Ti amo tanto!\u201d<\/p>\n<p>\u201cNostra figlia??? Ma&#8230; Roberto&#8230; ahi, la testa&#8230;\u201d<\/p>\n<p>\u201cS\u00ec, amore, ti fa male lo so&#8230; Stai tranquilla, ora chiamo l\u2019infermiera&#8230; Ma quanto mi sei mancata, tesoro!\u201d<\/p>\n<p>\u201cNo, aspetta un attimo&#8230; cucciolo? Anna&#8230; ma&#8230; Roberto, che cosa \u00e8 successo?\u201d<\/p>\n<p>\u201cCalmati, amore&#8230; Aspettavi la bambina, tutto \u00e8 andato bene fino al parto, poi&#8230; ma lascia stare, riposati ora, c\u2019\u00e8 tempo per parlare&#8230;\u201d<\/p>\n<p>\u201cRoberto, sono confusa&#8230; \u00c8 l\u2019ospedale di Bari questo? E Tommaso dov\u2019\u00e8?\u201d<\/p>\n<p>\u201cPovero amore&#8230; sei proprio confusa&#8230; un giorno o l\u2019altro mi farai proprio ingelosire di quel tuo collega pugliese! Sei all\u2019ospedale di Siena, vicino casa.\u201d<\/p>\n<p>\u201cCasa, quale casa? Casa tua?\u201d<\/p>\n<p>\u201cCasa nostra, amore!!\u201d<\/p>\n<p>\u201cMia e tua?? Ma allora&#8230; io e te&#8230; viviamo insieme? Non ricordo&#8230; com\u2019\u00e8 successo?\u201d<\/p>\n<p>\u201cMa tesoro, davvero non ricordi niente? Amore mio, siamo sposati, viviamo qui da tanti anni ormai, con nostro figlio Carletto&#8230;\u201d<\/p>\n<p>\u201cPerdonami, cucciolo&#8230; sono confusa&#8230; Ho fatto un sogno&#8230; credo&#8230; uno strano sogno&#8230;\u201d<\/p>\n<p>\u201cDi nuovo uno di quei tuoi incubi coi mostri, amore?\u201d<\/p>\n<p>\u201cNo, senti&#8230; C\u2019ero io, e c\u2019era Carletto, e c\u2019eri tu&#8230; tu eri il mio amante, ed eri sposato con Marisa, e io ero sposata con Tommaso e vivevo a Bari, e io e te ci amavamo tanto ma non potevamo stare insieme, e io ero tanto triste, e ci cercavamo, e ci telefonavamo tanto, e&#8230;\u201d<\/p>\n<p>\u201cCalma, calma, amore mio! Era davvero un sogno, un incubo&#8230; cos\u00ec irreale! Io sposato con quell\u2019insulsa di Marisa, poi! Shhh, cara, dormi ancora un po\u2019 adesso, sono solo le tre&#8230; Ti amo tanto&#8230; e sono felice, tanto felice&#8230; Che voglia di te, amore&#8230;\u201d<\/p>\n<div class=\"pvc_clear\"><\/div>\n<p id=\"pvc_stats_37271\" class=\"pvc_stats all  \" data-element-id=\"37271\" style=\"\"><i class=\"pvc-stats-icon medium\" aria-hidden=\"true\"><svg aria-hidden=\"true\" focusable=\"false\" data-prefix=\"far\" data-icon=\"chart-bar\" role=\"img\" xmlns=\"http:\/\/www.w3.org\/2000\/svg\" viewBox=\"0 0 512 512\" class=\"svg-inline--fa fa-chart-bar fa-w-16 fa-2x\"><path fill=\"currentColor\" d=\"M396.8 352h22.4c6.4 0 12.8-6.4 12.8-12.8V108.8c0-6.4-6.4-12.8-12.8-12.8h-22.4c-6.4 0-12.8 6.4-12.8 12.8v230.4c0 6.4 6.4 12.8 12.8 12.8zm-192 0h22.4c6.4 0 12.8-6.4 12.8-12.8V140.8c0-6.4-6.4-12.8-12.8-12.8h-22.4c-6.4 0-12.8 6.4-12.8 12.8v198.4c0 6.4 6.4 12.8 12.8 12.8zm96 0h22.4c6.4 0 12.8-6.4 12.8-12.8V204.8c0-6.4-6.4-12.8-12.8-12.8h-22.4c-6.4 0-12.8 6.4-12.8 12.8v134.4c0 6.4 6.4 12.8 12.8 12.8zM496 400H48V80c0-8.84-7.16-16-16-16H16C7.16 64 0 71.16 0 80v336c0 17.67 14.33 32 32 32h464c8.84 0 16-7.16 16-16v-16c0-8.84-7.16-16-16-16zm-387.2-48h22.4c6.4 0 12.8-6.4 12.8-12.8v-70.4c0-6.4-6.4-12.8-12.8-12.8h-22.4c-6.4 0-12.8 6.4-12.8 12.8v70.4c0 6.4 6.4 12.8 12.8 12.8z\" class=\"\"><\/path><\/svg><\/i> <img loading=\"lazy\" decoding=\"async\" width=\"16\" height=\"16\" alt=\"Loading\" src=\"https:\/\/www.raccontinellarete.it\/301\/wp-content\/plugins\/page-views-count\/ajax-loader-2x.gif\" border=0 \/><\/p>\n<div class=\"pvc_clear\"><\/div>\n","protected":false},"excerpt":{"rendered":"<p>Ahi, che mal di testa&#8230; \u00e8 da ieri sera e ancora non passa! Ma che ore sono&#8230; \u00e8 cos\u00ec buio&#8230; dov\u2019\u00e8 l\u2019orologio? Ahia! \u201cPiano, tesoro, attenta&#8230;\u201d \u201cMa&#8230; Roberto, sei tu? Cosa ci fai qui?\u201d \u201cShhh&#8230; amore, calma, shhh&#8230;\u201d \u201cRoberto, \u00e8 successo qualcosa? Carletto, dov\u2019\u00e8 Carletto?\u201d \u201cStai, tranquilla, tutto \u00e8 a posto&#8230; Carletto \u00e8 dagli zii, [&hellip;]<\/p>\n<div class=\"pvc_clear\"><\/div>\n<p id=\"pvc_stats_37271\" class=\"pvc_stats all  \" data-element-id=\"37271\" style=\"\"><i class=\"pvc-stats-icon medium\" aria-hidden=\"true\"><svg aria-hidden=\"true\" focusable=\"false\" data-prefix=\"far\" data-icon=\"chart-bar\" role=\"img\" xmlns=\"http:\/\/www.w3.org\/2000\/svg\" viewBox=\"0 0 512 512\" class=\"svg-inline--fa fa-chart-bar fa-w-16 fa-2x\"><path fill=\"currentColor\" d=\"M396.8 352h22.4c6.4 0 12.8-6.4 12.8-12.8V108.8c0-6.4-6.4-12.8-12.8-12.8h-22.4c-6.4 0-12.8 6.4-12.8 12.8v230.4c0 6.4 6.4 12.8 12.8 12.8zm-192 0h22.4c6.4 0 12.8-6.4 12.8-12.8V140.8c0-6.4-6.4-12.8-12.8-12.8h-22.4c-6.4 0-12.8 6.4-12.8 12.8v198.4c0 6.4 6.4 12.8 12.8 12.8zm96 0h22.4c6.4 0 12.8-6.4 12.8-12.8V204.8c0-6.4-6.4-12.8-12.8-12.8h-22.4c-6.4 0-12.8 6.4-12.8 12.8v134.4c0 6.4 6.4 12.8 12.8 12.8zM496 400H48V80c0-8.84-7.16-16-16-16H16C7.16 64 0 71.16 0 80v336c0 17.67 14.33 32 32 32h464c8.84 0 16-7.16 16-16v-16c0-8.84-7.16-16-16-16zm-387.2-48h22.4c6.4 0 12.8-6.4 12.8-12.8v-70.4c0-6.4-6.4-12.8-12.8-12.8h-22.4c-6.4 0-12.8 6.4-12.8 12.8v70.4c0 6.4 6.4 12.8 12.8 12.8z\" class=\"\"><\/path><\/svg><\/i> <img loading=\"lazy\" decoding=\"async\" width=\"16\" height=\"16\" alt=\"Loading\" src=\"https:\/\/www.raccontinellarete.it\/301\/wp-content\/plugins\/page-views-count\/ajax-loader-2x.gif\" border=0 \/><\/p>\n<div class=\"pvc_clear\"><\/div>\n","protected":false},"author":8806,"featured_media":0,"comment_status":"open","ping_status":"closed","sticky":false,"template":"","format":"standard","meta":{"footnotes":""},"categories":[532],"tags":[],"class_list":["post-37271","post","type-post","status-publish","format-standard","hentry","category-premio-racconti-nella-rete-2019"],"_links":{"self":[{"href":"https:\/\/www.raccontinellarete.it\/index.php?rest_route=\/wp\/v2\/posts\/37271"}],"collection":[{"href":"https:\/\/www.raccontinellarete.it\/index.php?rest_route=\/wp\/v2\/posts"}],"about":[{"href":"https:\/\/www.raccontinellarete.it\/index.php?rest_route=\/wp\/v2\/types\/post"}],"author":[{"embeddable":true,"href":"https:\/\/www.raccontinellarete.it\/index.php?rest_route=\/wp\/v2\/users\/8806"}],"replies":[{"embeddable":true,"href":"https:\/\/www.raccontinellarete.it\/index.php?rest_route=%2Fwp%2Fv2%2Fcomments&post=37271"}],"version-history":[{"count":3,"href":"https:\/\/www.raccontinellarete.it\/index.php?rest_route=\/wp\/v2\/posts\/37271\/revisions"}],"predecessor-version":[{"id":37281,"href":"https:\/\/www.raccontinellarete.it\/index.php?rest_route=\/wp\/v2\/posts\/37271\/revisions\/37281"}],"wp:attachment":[{"href":"https:\/\/www.raccontinellarete.it\/index.php?rest_route=%2Fwp%2Fv2%2Fmedia&parent=37271"}],"wp:term":[{"taxonomy":"category","embeddable":true,"href":"https:\/\/www.raccontinellarete.it\/index.php?rest_route=%2Fwp%2Fv2%2Fcategories&post=37271"},{"taxonomy":"post_tag","embeddable":true,"href":"https:\/\/www.raccontinellarete.it\/index.php?rest_route=%2Fwp%2Fv2%2Ftags&post=37271"}],"curies":[{"name":"wp","href":"https:\/\/api.w.org\/{rel}","templated":true}]}}