{"id":37225,"date":"2019-01-15T16:31:35","date_gmt":"2019-01-15T15:31:35","guid":{"rendered":"http:\/\/www.raccontinellarete.it\/?p=37225"},"modified":"2019-01-15T19:20:05","modified_gmt":"2019-01-15T18:20:05","slug":"premio-racconti-nella-rete-2019-schopenhauer-e-il-suo-migliore-amico-di-gaetano-gaziano","status":"publish","type":"post","link":"https:\/\/www.raccontinellarete.it\/?p=37225","title":{"rendered":"Premio Racconti nella Rete 2019 &#8220;Schopenhauer e il suo migliore amico&#8221; di Gaetano Gaziano"},"content":{"rendered":"<p>\u201cE\u2019 cos\u00ec che vanno le cose ai nostri tempi, mio caro Butz. Prima non mi cercava nessuno. Oggi che sono famoso e che le mie teorie filosofiche sono condivise nelle principali universit\u00e0 tedesche, e non solo tedesche, tutti vogliono conoscermi, tutti mi applaudono!\u201d<\/p>\n<p>Schopenhauer discute di filosofia e di questioni esistenziali, durante la sua quotidiana passeggiata nel parco di Francoforte, con il suo caro amico Butz.<\/p>\n<p>Butz \u00e8 un cane barboncino che l\u2019ascolta attentamente.<\/p>\n<p>A Butz \u201cmanca solo la parola\u201d, direbbero oggi le moltitudini di cinofili che portano a spasso i loro \u201camato Fido\u201d ai giardinetti, armati di guanto e di paletta di plastica.<\/p>\n<p>Ma Butz non ha bisogno della parola, perch\u00e9 il professore parla per s\u00e9 e per il suo barboncino.<\/p>\n<p>\u201cTu mi chiederai, com\u2019\u00e8 possibile tutto questo?\u201d<\/p>\n<p>\u201cTe lo spiego io com\u2019\u00e8 possibile, mio caro Butz! Perch\u00e9 sono stato un contestatore, un rompiballe come dicevano i miei detrattori!\u201d<\/p>\n<p>\u201cSai cosa dicevano di me? Tutto e il contrario di tutto. Per esempio, che ero misogino e misantropo. Sciocchezze! Resta un mistero di come si possa essere, nel contempo, misogino e misantropo. Ed \u00e8 pure ridicolo accusare di misoginia me che ho avuto un sacco di donne!\u201d<\/p>\n<p>\u201cNon mi credi, Butz? Ti elenco solo alcune delle mie relazioni, quelle che ritengo le pi\u00f9 significative.\u201d<\/p>\n<p>\u201cAscoltami bene: ho amato per molti anni la nobildonna veneziana, Teresa Fuga. Una donna bella, raffinata, elegante e, soprattutto, colta. Era un vero piacere conversare con lei: di tutto, anche di filosofia. Poi il rapporto \u00e8 finito.\u201d<\/p>\n<p>\u201cPerch\u00e9, mi chiedi?\u201d<\/p>\n<p>\u201cNon so dire! Forse mi sono stancato io, forse si \u00e8 stancata lei. Fatto sta che il rapporto \u00e8 finito. Mi sono subito consolato, per\u00f2, con una corista dell\u2019Opera di Berlino, Caroline Richter, che delizi\u00f2 a lungo le nostre giornate piovose , cantandomi dolcissimi lieder, mentre l\u2019accompagnavo al pianoforte. Anche quel rapporto fin\u00ec, perch\u00e9 \u00e8 destino che i rapporti d\u2019amore, a un certo punto, finiscano.\u201d<\/p>\n<p>\u201cMa il rapporto che ha segnato di pi\u00f9 la mia vita \u00e8 stato quello con Margaretha!\u201d<\/p>\n<p>\u201cChi \u00e8 Margaretha?\u201d<\/p>\n<p>\u201cMargaretha era una contadinotta, che si era trasferita a Dresda, a fare la cameriera. Con lei ho avuto un rapporto di amore intenso e appassionato. E mi ha dato, anche, la gioia pi\u00f9 grande della mia vita, mi ha reso padre dell\u2019unico figlio avuto, che chiamai George, in onore di Byron, il poeta inglese che ammiro tanto. Ma \u00e8 stato anche il mio dolore pi\u00f9 grande. Mor\u00ec di pochi mesi. Da questi episodi, non ci si riprende, mio caro Butz!\u201d<\/p>\n<p>\u201cGrazie per la comprensione, amico mio, che leggo nei tuoi occhi neri, dolci e bellissimi!\u201d<\/p>\n<p>\u201cCapisci, adesso, che la storia della mia misoginia \u00e8 stata costruita ad arte dai miei nemici. La verit\u00e0 sacrosanta \u00e8 che non tolleravano il mio atteggiamento antisistema.\u201d<\/p>\n<p>\u201cTi faccio un esempio, Butz. Chi era, ai miei tempi, il filosofo pi\u00f9 osannato del momento?<\/p>\n<p>Ma Hegel, ovviamente! Lui e i suoi seguaci erano una \u2018masnada di cialtroni\u2019, ma guai a criticarli.<\/p>\n<p>Apriti cielo: si levavano cori di insulti contro chi avesse osato farlo. Ecco, io ero uno di quelli! Addirittura mi volevano quasi lapidare, quando osai fissare il calendario delle mie lezioni di filosofia all\u2019Universit\u00e0 di Berlino in concomitanza con quelle di Hegel. La considerarono una vera provocazione, una lesa maest\u00e0 hegeliana!\u201d<\/p>\n<p>\u201cCome and\u00f2 a finire, mio caro amico? Te lo dico subito, i miei studenti, quei pochi che avevo, cominciarono a disertare le lezioni fino a scomparire del tutto. Che vuoi, i baroni hanno sempre comandato e sempre comanderanno nelle Universit\u00e0!\u201d<\/p>\n<p>\u201cScusami, caro amico, magari ti annoio un po\u2019, con queste mie frequenti lamentazioni, ma se non le confido a te queste cose, a chi le confido?\u201d<\/p>\n<p>Butz, per la verit\u00e0, un po\u2019 si era scocciato a sentire brontolare sempre il suo vecchio padrone, ma non voleva deluderlo e quindi scodinzolava sempre. Cos\u00ec erano felici entrambi: cane e padrone.<\/p>\n<p>E, poi, erano vicini alla trattoria \u2018Italianische Hof\u2019, frequentata da Schopenhauer, per cui il professore affrett\u00f2 il passo, dato che la fame, dopo la lunga passeggiata nel parco, cominciava a farsi sentire. Butz, che captava nell\u2019aria gli odorini provenienti dalla trattoria prima del suo padrone, aveva gi\u00e0 l\u2019acquolina in bocca e sbavava.<\/p>\n<p>\u201cGuten morgen, herr Professor\u201d l\u2019oste napoletano accolse con un largo sorriso il suo abituale cliente.<\/p>\n<p>\u201cGuten morgen, caro Ciro. Oggi ho una fame particolare, la passeggiata \u00e8 stata pi\u00f9 lunga del normale e mi sono attardato in una confidenziale conversazione con questo mio amico.\u201d<\/p>\n<p>\u201cQuale amico, her Professor?\u201d<\/p>\n<p>\u201cMa Butz, il mio barboncino naturalmente. Il mio migliore amico!\u201d<\/p>\n<p>\u201cPerdonate, dimenticavo! Accomodatevi pure al vostro solito tavolo, accanto al camino. Cosa vi preparo, intanto?\u201d<\/p>\n<p>\u201cVi sono arrivati i tartufi?\u201d<\/p>\n<p>\u201cCertamente, her Professor!\u201d<\/p>\n<p>\u201cAllora, sapete bene cosa prepararmi!\u201d<\/p>\n<p>\u201cCome dimenticarlo? I \u2018maccheroni alla Rossini\u2019, come primo piatto e, come secondo, i \u201ctournedous alla Rossini\u2019.\u201d<\/p>\n<p>\u201cBravo! Vedo che ricordate perfettamente! Gran genio musicale, quel Rossini, e anche un raffinato cuoco, creatore di alcune ricette originali che, giustamente, portano il suo nome. La sua musica mi diverte, le sue ricette mi mandano in sollucchero!\u201d<\/p>\n<p>\u201cPensavo che gradiste di pi\u00f9 la musica del vostro amico Wagner.\u201d<\/p>\n<p>\u201cE\u2019 vero, Wagner fa parte della mia ristretta cerchia di amici, che io chiamo affettuosamente \u2018i miei discepoli\u2019. Ma la sua musica non mi piace. La sua \u201cTetralogia\u201d \u00e8 un po\u2019 pallosa. Mi piace di pi\u00f9 come autore dei testi poetici delle sue opere.\u201d<\/p>\n<p>\u201cE per il vostro amico, cosa preparo?\u201d<\/p>\n<p>\u201cPer lui ossobuco in umido! Che ne dici, Butz?\u201d<\/p>\n<p>Butz scodinzol\u00f2 contento. Era il suo cibo preferito.<\/p>\n<div class=\"pvc_clear\"><\/div>\n<p id=\"pvc_stats_37225\" class=\"pvc_stats all  \" data-element-id=\"37225\" style=\"\"><i class=\"pvc-stats-icon medium\" aria-hidden=\"true\"><svg aria-hidden=\"true\" focusable=\"false\" data-prefix=\"far\" data-icon=\"chart-bar\" role=\"img\" xmlns=\"http:\/\/www.w3.org\/2000\/svg\" viewBox=\"0 0 512 512\" class=\"svg-inline--fa fa-chart-bar fa-w-16 fa-2x\"><path fill=\"currentColor\" d=\"M396.8 352h22.4c6.4 0 12.8-6.4 12.8-12.8V108.8c0-6.4-6.4-12.8-12.8-12.8h-22.4c-6.4 0-12.8 6.4-12.8 12.8v230.4c0 6.4 6.4 12.8 12.8 12.8zm-192 0h22.4c6.4 0 12.8-6.4 12.8-12.8V140.8c0-6.4-6.4-12.8-12.8-12.8h-22.4c-6.4 0-12.8 6.4-12.8 12.8v198.4c0 6.4 6.4 12.8 12.8 12.8zm96 0h22.4c6.4 0 12.8-6.4 12.8-12.8V204.8c0-6.4-6.4-12.8-12.8-12.8h-22.4c-6.4 0-12.8 6.4-12.8 12.8v134.4c0 6.4 6.4 12.8 12.8 12.8zM496 400H48V80c0-8.84-7.16-16-16-16H16C7.16 64 0 71.16 0 80v336c0 17.67 14.33 32 32 32h464c8.84 0 16-7.16 16-16v-16c0-8.84-7.16-16-16-16zm-387.2-48h22.4c6.4 0 12.8-6.4 12.8-12.8v-70.4c0-6.4-6.4-12.8-12.8-12.8h-22.4c-6.4 0-12.8 6.4-12.8 12.8v70.4c0 6.4 6.4 12.8 12.8 12.8z\" class=\"\"><\/path><\/svg><\/i> <img loading=\"lazy\" decoding=\"async\" width=\"16\" height=\"16\" alt=\"Loading\" src=\"https:\/\/www.raccontinellarete.it\/301\/wp-content\/plugins\/page-views-count\/ajax-loader-2x.gif\" border=0 \/><\/p>\n<div class=\"pvc_clear\"><\/div>\n","protected":false},"excerpt":{"rendered":"<p>\u201cE\u2019 cos\u00ec che vanno le cose ai nostri tempi, mio caro Butz. Prima non mi cercava nessuno. Oggi che sono famoso e che le mie teorie filosofiche sono condivise nelle principali universit\u00e0 tedesche, e non solo tedesche, tutti vogliono conoscermi, tutti mi applaudono!\u201d Schopenhauer discute di filosofia e di questioni esistenziali, durante la sua quotidiana [&hellip;]<\/p>\n<div class=\"pvc_clear\"><\/div>\n<p id=\"pvc_stats_37225\" class=\"pvc_stats all  \" data-element-id=\"37225\" style=\"\"><i class=\"pvc-stats-icon medium\" aria-hidden=\"true\"><svg aria-hidden=\"true\" focusable=\"false\" data-prefix=\"far\" data-icon=\"chart-bar\" role=\"img\" xmlns=\"http:\/\/www.w3.org\/2000\/svg\" viewBox=\"0 0 512 512\" class=\"svg-inline--fa fa-chart-bar fa-w-16 fa-2x\"><path fill=\"currentColor\" d=\"M396.8 352h22.4c6.4 0 12.8-6.4 12.8-12.8V108.8c0-6.4-6.4-12.8-12.8-12.8h-22.4c-6.4 0-12.8 6.4-12.8 12.8v230.4c0 6.4 6.4 12.8 12.8 12.8zm-192 0h22.4c6.4 0 12.8-6.4 12.8-12.8V140.8c0-6.4-6.4-12.8-12.8-12.8h-22.4c-6.4 0-12.8 6.4-12.8 12.8v198.4c0 6.4 6.4 12.8 12.8 12.8zm96 0h22.4c6.4 0 12.8-6.4 12.8-12.8V204.8c0-6.4-6.4-12.8-12.8-12.8h-22.4c-6.4 0-12.8 6.4-12.8 12.8v134.4c0 6.4 6.4 12.8 12.8 12.8zM496 400H48V80c0-8.84-7.16-16-16-16H16C7.16 64 0 71.16 0 80v336c0 17.67 14.33 32 32 32h464c8.84 0 16-7.16 16-16v-16c0-8.84-7.16-16-16-16zm-387.2-48h22.4c6.4 0 12.8-6.4 12.8-12.8v-70.4c0-6.4-6.4-12.8-12.8-12.8h-22.4c-6.4 0-12.8 6.4-12.8 12.8v70.4c0 6.4 6.4 12.8 12.8 12.8z\" class=\"\"><\/path><\/svg><\/i> <img loading=\"lazy\" decoding=\"async\" width=\"16\" height=\"16\" alt=\"Loading\" src=\"https:\/\/www.raccontinellarete.it\/301\/wp-content\/plugins\/page-views-count\/ajax-loader-2x.gif\" border=0 \/><\/p>\n<div class=\"pvc_clear\"><\/div>\n","protected":false},"author":18605,"featured_media":0,"comment_status":"open","ping_status":"closed","sticky":false,"template":"","format":"standard","meta":{"footnotes":""},"categories":[532],"tags":[],"class_list":["post-37225","post","type-post","status-publish","format-standard","hentry","category-premio-racconti-nella-rete-2019"],"_links":{"self":[{"href":"https:\/\/www.raccontinellarete.it\/index.php?rest_route=\/wp\/v2\/posts\/37225"}],"collection":[{"href":"https:\/\/www.raccontinellarete.it\/index.php?rest_route=\/wp\/v2\/posts"}],"about":[{"href":"https:\/\/www.raccontinellarete.it\/index.php?rest_route=\/wp\/v2\/types\/post"}],"author":[{"embeddable":true,"href":"https:\/\/www.raccontinellarete.it\/index.php?rest_route=\/wp\/v2\/users\/18605"}],"replies":[{"embeddable":true,"href":"https:\/\/www.raccontinellarete.it\/index.php?rest_route=%2Fwp%2Fv2%2Fcomments&post=37225"}],"version-history":[{"count":5,"href":"https:\/\/www.raccontinellarete.it\/index.php?rest_route=\/wp\/v2\/posts\/37225\/revisions"}],"predecessor-version":[{"id":37234,"href":"https:\/\/www.raccontinellarete.it\/index.php?rest_route=\/wp\/v2\/posts\/37225\/revisions\/37234"}],"wp:attachment":[{"href":"https:\/\/www.raccontinellarete.it\/index.php?rest_route=%2Fwp%2Fv2%2Fmedia&parent=37225"}],"wp:term":[{"taxonomy":"category","embeddable":true,"href":"https:\/\/www.raccontinellarete.it\/index.php?rest_route=%2Fwp%2Fv2%2Fcategories&post=37225"},{"taxonomy":"post_tag","embeddable":true,"href":"https:\/\/www.raccontinellarete.it\/index.php?rest_route=%2Fwp%2Fv2%2Ftags&post=37225"}],"curies":[{"name":"wp","href":"https:\/\/api.w.org\/{rel}","templated":true}]}}