{"id":37088,"date":"2018-12-04T17:11:44","date_gmt":"2018-12-04T16:11:44","guid":{"rendered":"http:\/\/www.raccontinellarete.it\/?p=37088"},"modified":"2018-12-04T17:11:44","modified_gmt":"2018-12-04T16:11:44","slug":"premio-racconti-nella-rete-2019-questi-fasci-di-luce-di-francesca-lucrezia-straziota","status":"publish","type":"post","link":"https:\/\/www.raccontinellarete.it\/?p=37088","title":{"rendered":"Premio Racconti nella Rete 2019 &#8220;Questi fasci di luce&#8221; di Francesca Lucrezia Straziota"},"content":{"rendered":"<p>E\u2019 una bella giornata di novembre e il sole splende alto nel cielo. I suoi raggi colpiscono la vetrata antistante alla mia stanza, illuminando anche tutto ci\u00f2 che c\u2019\u00e8 accanto a me. Come faccio a saperlo? Non serve soltanto vedere con gli occhi, quanto riuscire a sentire il calore delle cose.<br \/>\n\u201cCosa \u00e8 cambiato dall\u2019incidente, signorina Gaia?\u201d<br \/>\n\u201cDavvero tutto. La vista non \u00e8 poi cos\u00ec scontata e quel bianco perennemente piantato dinanzi agli occhi dopo un po\u2019 inizia a stufarti, ma se sei fortunata e ti trovi dell\u2019umore giusto, pu\u00f2 anche incuriosirti e portarti a vivere nuove esperienze\u201d.<br \/>\n\u201cChe tipo di esperienze?\u201d<br \/>\n\u201cLe interessa la mia completa sincerit\u00e0? Le riferirei delle parole che, in un certo senso, lei potrebbe attribuire a uno stato mentale non del tutto in ordine\u201d.<br \/>\n\u201cCerto, mi dica pure, in totale libert\u00e0, non si senta giudicata\u201d.<br \/>\n\u201cQuesti fasci di luce\u2026 Sono giorni che non mi lasciano per un solo secondo. Si rincorrono, si susseguono e spesso si divertono a ridisegnarmi il mondo, a scomporre ogni oggetto nelle sue minime parti e poi a ricomporlo in nuove forme. E\u2019 tutto molto diverso quando vedi gli stessi oggetti attraverso un filtro, quando ti sembra di riuscire a guardare all\u2019interno di un tubo di cui non riesci a delineare le dimensioni, lo spazio, la fine. Sai che c\u2019\u00e8, la percepisci, la intuisci\u2026magari non c\u2019\u00e8, ma ci fantastichi su e staresti ore e ore a tentare di raggiungerla per tornare all\u2019ambito premio: la luce\u201d.<br \/>\nSolo dopo qualche minuto, mi rendo conto di essermi dimenticata di rifiatare durante il racconto. E\u2019 strano tutto quello che mi sta accadendo, ricordo a malapena la dinamica dell\u2019incidente: un\u2019auto in corsa spunta all\u2019improvviso tagliandomi la strada e vedo pezzi di lamiera schizzare in aria ovunque fino a che un qualcosa di molto pi\u00f9 pesante colpisce dritto i miei occhi. In pochissimo tempo, sento l\u2019auto pirata ripartire, dolori lancinanti agli occhi, poi avverto le sirene dell\u2019ambulanza, le urla dei passanti, infine il nulla.<br \/>\nSaranno passati dei giorni e pian piano trovo la forza di alzarmi. Sono finalmente sola, spalanco la finestra. Mi \u00e8 sempre piaciuto restare affacciata e sentire il vento che scompiglia dolcemente i capelli mentre il sole bacia teneramente la fronte. Sospiro. Non avrei mai immaginato nulla di tutto ci\u00f2, soprattutto non a me.<br \/>\nUn\u2019orda di gente frequenta da un po\u2019 la mia stanza di ospedale: lo psicologo, l\u2019ispettore di polizia, i miei fratelli, il personale medico e paramedico, tutti che cercano di indagare sull&#8217;accaduto e di comprendere la dinamica dell\u2019evento. Tutto completamente inutile. Non parlo cos\u00ec perch\u00e9 sono una cinica ingrata, bens\u00ec perch\u00e9 a nessuno di tutti questi grandi luminari viene in mente di sapere realmente come sto e non parlo dell\u2019aspetto psico-fisico, ma di quello umano. Mi sento tremendamente sola, proprio perch\u00e9 sono circondata da tantissime persone che si preoccupano di tutto tranne che dell\u2019essenziale per me. Camminano avanti e indietro, ma non mi vedono. E poi si ha il coraggio di dire che quella che non vede sono io! Quanta gente crede di essere qualcuno, di poterti aiutare senza saperti neppure guardare! Non ho bisogno di tanti spettatori indifferenti e spesso ipocriti, ma di una sola persona che si preoccupi di non posare lo sguardo distrattamente su di me come se fossi un numero, come se fossi solo quello che mi \u00e8 capitato.<br \/>\nTante volte mi \u00e8 venuta voglia di urlare a squarciagola \u201cEhi? Ci sono, esisto!\u201d, ma ogni volta ho mollato, consapevole del fatto che non avrei ottenuto alcun risultato e che quella vocina flebile sarebbe risultata ancora pi\u00f9 debole, come una voce fuori campo.<br \/>\nHo iniziato ad amare i momenti di solitudine, sicuramente i pi\u00f9 veri, adesso. Prima dell\u2019incidente, solo pochi giorni fa, ero una logopedista a tempo pieno che non si fermava neppure per un minuto e la vista, si sa, per una come me era fondamentale, anche se solo in questi giorni me ne sto rendendo conto. Quando un bene che abbiamo tra le mani lo consideriamo \u201covvio\u201d, non ne capiamo il valore ed io \u2013effettivamente- l\u2019ho dato per scontato per troppo tempo. Ad ogni modo, nel lavoro ero instancabile e i bambini, con la loro spontaneit\u00e0 e la voglia di vivere che li caratterizza, sono sempre stati il mio mondo. Proprio quando sono immersa nelle mie riflessioni, all&#8217;improvviso sento piccoli, leggeri passettini muoversi verso il mio letto e una mano carezzarmi con dolcezza: riconosco subito quel tocco.<br \/>\n\u201cCharlotte!\u201d urlo, radunando tutte le mie forze. Lei, proprio la bimba che avrei dovuto incontrare quel pomeriggio dell\u2019incidente nel mio studio, mi abbraccia forte e mi posa un bacio sulla guancia. In men che non si dica, la stanza si popola di tanti bambini, di tanti ESSERI UMANI che mi guardano oltre quello che ho adesso, tante persone che riescono a non farmi sentire \u201cmancante\u201d di qualcosa, ma che mi coccolano e mi fanno sentire il loro affetto e la loro vicinanza senza alcuna presunzione di sapere cosa \u00e8 giusto fare. Presto, Giulio, Marco, Jessica, Alessandra e tanti altri bambini, mi circondano e cantano in coro la canzoncina che avevo scritto tempo fa per loro, per aiutarli nella pronuncia di alcuni gruppi consonantici, mentre la piccola Charlotte guida la mia mano e assieme disegniamo un cuoricino nell\u2019aria, all&#8217;interno del quale posizioniamo le nostre iniziali.<br \/>\nSono davvero felice! Ho sempre creduto che la bellezza dei bambini risiede soprattutto nella loro capacit\u00e0 di non crearsi sovrastrutture (tipiche degli adulti), di guardare al di l\u00e0 di ogni problema e ripristinare sempre la gioia dello stare insieme e amare incondizionatamente; non serve soltanto la medicina, non servono soltanto le indagini, non serve solo scoprire le cause e identificare i responsabili di un misfatto. Certo, tutto questo \u00e8 indispensabile, ma accanto a tutto questo e non con minore importanza, serve guardare ai bisogni della persona, a quelli che non si vedono, alle cose che non si dicono, alle piccole cose, in mancanza delle quali tutti noi uomini siamo nulla.<br \/>\nGrazie ai miei bambini, sono riuscita a dare un significato a quello che mi \u00e8 accaduto e a capire che, vista o no, ho voglia di aprire gli occhi sul serio e di tracciare una linea precisa e ben definita sul da farsi avendo nel cuore la consapevolezza che la vita \u00e8 una grande opportunit\u00e0, che va vissuta in ogni suo attimo con gioia e con coraggio. Ho capito, inoltre, che solo chi ama riuscir\u00e0 a comprendere il senso di ci\u00f2 che ho detto e che molto probabilmente quel qualcuno legger\u00e0, un giorno, il racconto della mia storia.<\/p>\n<p>&nbsp;<\/p>\n<div class=\"pvc_clear\"><\/div>\n<p id=\"pvc_stats_37088\" class=\"pvc_stats all  \" data-element-id=\"37088\" style=\"\"><i class=\"pvc-stats-icon medium\" aria-hidden=\"true\"><svg aria-hidden=\"true\" focusable=\"false\" data-prefix=\"far\" data-icon=\"chart-bar\" role=\"img\" xmlns=\"http:\/\/www.w3.org\/2000\/svg\" viewBox=\"0 0 512 512\" class=\"svg-inline--fa fa-chart-bar fa-w-16 fa-2x\"><path fill=\"currentColor\" d=\"M396.8 352h22.4c6.4 0 12.8-6.4 12.8-12.8V108.8c0-6.4-6.4-12.8-12.8-12.8h-22.4c-6.4 0-12.8 6.4-12.8 12.8v230.4c0 6.4 6.4 12.8 12.8 12.8zm-192 0h22.4c6.4 0 12.8-6.4 12.8-12.8V140.8c0-6.4-6.4-12.8-12.8-12.8h-22.4c-6.4 0-12.8 6.4-12.8 12.8v198.4c0 6.4 6.4 12.8 12.8 12.8zm96 0h22.4c6.4 0 12.8-6.4 12.8-12.8V204.8c0-6.4-6.4-12.8-12.8-12.8h-22.4c-6.4 0-12.8 6.4-12.8 12.8v134.4c0 6.4 6.4 12.8 12.8 12.8zM496 400H48V80c0-8.84-7.16-16-16-16H16C7.16 64 0 71.16 0 80v336c0 17.67 14.33 32 32 32h464c8.84 0 16-7.16 16-16v-16c0-8.84-7.16-16-16-16zm-387.2-48h22.4c6.4 0 12.8-6.4 12.8-12.8v-70.4c0-6.4-6.4-12.8-12.8-12.8h-22.4c-6.4 0-12.8 6.4-12.8 12.8v70.4c0 6.4 6.4 12.8 12.8 12.8z\" class=\"\"><\/path><\/svg><\/i> <img loading=\"lazy\" decoding=\"async\" width=\"16\" height=\"16\" alt=\"Loading\" src=\"https:\/\/www.raccontinellarete.it\/301\/wp-content\/plugins\/page-views-count\/ajax-loader-2x.gif\" border=0 \/><\/p>\n<div class=\"pvc_clear\"><\/div>\n","protected":false},"excerpt":{"rendered":"<p>E\u2019 una bella giornata di novembre e il sole splende alto nel cielo. I suoi raggi colpiscono la vetrata antistante alla mia stanza, illuminando anche tutto ci\u00f2 che c\u2019\u00e8 accanto a me. Come faccio a saperlo? Non serve soltanto vedere con gli occhi, quanto riuscire a sentire il calore delle cose. \u201cCosa \u00e8 cambiato dall\u2019incidente, [&hellip;]<\/p>\n<div class=\"pvc_clear\"><\/div>\n<p id=\"pvc_stats_37088\" class=\"pvc_stats all  \" data-element-id=\"37088\" style=\"\"><i class=\"pvc-stats-icon medium\" aria-hidden=\"true\"><svg aria-hidden=\"true\" focusable=\"false\" data-prefix=\"far\" data-icon=\"chart-bar\" role=\"img\" xmlns=\"http:\/\/www.w3.org\/2000\/svg\" viewBox=\"0 0 512 512\" class=\"svg-inline--fa fa-chart-bar fa-w-16 fa-2x\"><path fill=\"currentColor\" d=\"M396.8 352h22.4c6.4 0 12.8-6.4 12.8-12.8V108.8c0-6.4-6.4-12.8-12.8-12.8h-22.4c-6.4 0-12.8 6.4-12.8 12.8v230.4c0 6.4 6.4 12.8 12.8 12.8zm-192 0h22.4c6.4 0 12.8-6.4 12.8-12.8V140.8c0-6.4-6.4-12.8-12.8-12.8h-22.4c-6.4 0-12.8 6.4-12.8 12.8v198.4c0 6.4 6.4 12.8 12.8 12.8zm96 0h22.4c6.4 0 12.8-6.4 12.8-12.8V204.8c0-6.4-6.4-12.8-12.8-12.8h-22.4c-6.4 0-12.8 6.4-12.8 12.8v134.4c0 6.4 6.4 12.8 12.8 12.8zM496 400H48V80c0-8.84-7.16-16-16-16H16C7.16 64 0 71.16 0 80v336c0 17.67 14.33 32 32 32h464c8.84 0 16-7.16 16-16v-16c0-8.84-7.16-16-16-16zm-387.2-48h22.4c6.4 0 12.8-6.4 12.8-12.8v-70.4c0-6.4-6.4-12.8-12.8-12.8h-22.4c-6.4 0-12.8 6.4-12.8 12.8v70.4c0 6.4 6.4 12.8 12.8 12.8z\" class=\"\"><\/path><\/svg><\/i> <img loading=\"lazy\" decoding=\"async\" width=\"16\" height=\"16\" alt=\"Loading\" src=\"https:\/\/www.raccontinellarete.it\/301\/wp-content\/plugins\/page-views-count\/ajax-loader-2x.gif\" border=0 \/><\/p>\n<div class=\"pvc_clear\"><\/div>\n","protected":false},"author":18126,"featured_media":0,"comment_status":"open","ping_status":"closed","sticky":false,"template":"","format":"standard","meta":{"footnotes":""},"categories":[532],"tags":[537,355],"class_list":["post-37088","post","type-post","status-publish","format-standard","hentry","category-premio-racconti-nella-rete-2019","tag-questi-fasci-di-luce-vita-sorriso","tag-raccontinellarete"],"_links":{"self":[{"href":"https:\/\/www.raccontinellarete.it\/index.php?rest_route=\/wp\/v2\/posts\/37088"}],"collection":[{"href":"https:\/\/www.raccontinellarete.it\/index.php?rest_route=\/wp\/v2\/posts"}],"about":[{"href":"https:\/\/www.raccontinellarete.it\/index.php?rest_route=\/wp\/v2\/types\/post"}],"author":[{"embeddable":true,"href":"https:\/\/www.raccontinellarete.it\/index.php?rest_route=\/wp\/v2\/users\/18126"}],"replies":[{"embeddable":true,"href":"https:\/\/www.raccontinellarete.it\/index.php?rest_route=%2Fwp%2Fv2%2Fcomments&post=37088"}],"version-history":[{"count":3,"href":"https:\/\/www.raccontinellarete.it\/index.php?rest_route=\/wp\/v2\/posts\/37088\/revisions"}],"predecessor-version":[{"id":37091,"href":"https:\/\/www.raccontinellarete.it\/index.php?rest_route=\/wp\/v2\/posts\/37088\/revisions\/37091"}],"wp:attachment":[{"href":"https:\/\/www.raccontinellarete.it\/index.php?rest_route=%2Fwp%2Fv2%2Fmedia&parent=37088"}],"wp:term":[{"taxonomy":"category","embeddable":true,"href":"https:\/\/www.raccontinellarete.it\/index.php?rest_route=%2Fwp%2Fv2%2Fcategories&post=37088"},{"taxonomy":"post_tag","embeddable":true,"href":"https:\/\/www.raccontinellarete.it\/index.php?rest_route=%2Fwp%2Fv2%2Ftags&post=37088"}],"curies":[{"name":"wp","href":"https:\/\/api.w.org\/{rel}","templated":true}]}}