{"id":3703,"date":"2010-05-18T19:06:56","date_gmt":"2010-05-18T18:06:56","guid":{"rendered":"http:\/\/www.raccontinellarete.it\/?p=3703"},"modified":"2010-05-18T19:06:56","modified_gmt":"2010-05-18T18:06:56","slug":"le-quasi-pie-donne-crescono","status":"publish","type":"post","link":"https:\/\/www.raccontinellarete.it\/?p=3703","title":{"rendered":"Premio Racconti nella Rete 2010 &#8220;Le quasi pie donne&#8230; crescono&#8230;&#8221; di Marcello Lazzeri"},"content":{"rendered":"<div class=\"Section1\">\n<p class=\"MsoNormal\" style=\"0cm 0cm 0pt;\"><span style=\"12pt;\">Quel giorno, verso l\u2019imbrunire, mi trovavo a passeggiare nel centro storico della mia cittadina tutto assorto nei miei mille pensieri. Fatale errore! Ma non vado ad imboccare la piazzetta adiacente ai locali parrocchiali, quelli riservati alle riunioni? Ho rischiato veramente l\u2019incolumit\u00e0 , visto che stavano transitando<span style=\"yes;\">\u00a0 <\/span>le cosiddette <span style=\"yes;\">\u00a0\u00a0<\/span>\u201cpie donne\u201d <span style=\"yes;\">\u00a0<\/span>(diciamo &#8230; quasi pie donne , forse rende meglio l\u2019idea &#8230;) ;<span style=\"yes;\">\u00a0 <\/span>entravano a getto continuo con un impeto e con una velocit\u00e0 tali che ho dovuto farmi da parte repentinamente per non essere travolto.<\/span><\/p>\n<p class=\"MsoNormal\" style=\"0cm 0cm 0pt;\"><span style=\"12pt;\">Che impeto! Che veemenza! Che \u201cvis compulsiva\u201d! <\/span><\/p>\n<p class=\"MsoNormal\" style=\"0cm 0cm 0pt;\"><span style=\"12pt;\">Se la \u201csantit\u00e0\u201d fosse direttamente proporzionale a cotale impeto, a cotale veemenza, la nostra cittadina, oltre ad essere \u201cil paese dei balocchi\u201d, sarebbe anche \u201cil paese delle sante\u201d!<\/span><\/p>\n<p class=\"MsoNormal\" style=\"0cm 0cm 0pt;\"><span style=\"12pt;\">Mi sono, quindi, chiesto: &#8211; Ma cosa sta succedendo? Forse nei locali parrocchiali c\u2019\u00e8 in corso l\u2019operazione \u201cParadiso sicuro\u201d&#8230; oppure la gradita presenza di un onorevole, titolare di una qualche presidenza onoraria di una delle numerosissime associazioni che pullulano nel nostro Paese &#8230;<span style=\"yes;\">\u00a0 <\/span><span style=\"yes;\">\u00a0<\/span>onorevole che, magari, <span style=\"yes;\">\u00a0<\/span>sta portando avanti, con successo, l\u2019 \u201cOperazione Arcobaleno Parte<span style=\"yes;\">\u00a0 <\/span>Seconda\u201d, quella che prevede consistenti aiuti per i tapiri orfani dell\u2019Amazzonia?<\/span><\/p>\n<p class=\"MsoNormal\" style=\"0cm 0cm 0pt;\"><span style=\"12pt;\">Comunque, incuriosito, mi sono mescolato al <span style=\"yes;\">\u00a0<\/span>movimento tumultuoso e, non notato, sono entrato anch\u2019io nei locali. Uno spettacolo incredibile \u00e8 parso davanti ai miei occhi &#8230; ipermetropi e astigmatici &#8230; Nel bel mezzo della sala c\u2019era una signora \u2013 onorevole o pia donna capa, fa lo stesso \u2013 attorniata da un nugolo di sostenitrici e tutte insieme gridacchiavano, si sbracciavano, qualcuna rideva e piangeva allo stesso tempo, tutte intente com\u2019erano a parlare di solidariet\u00e0 umana e universale &#8230; di amicizia &#8230; di amicizia tra i popoli della Terra! E gi\u00f9 dai &#8230; chi, senza tenere conto delle leggi vigenti, auspicava<span style=\"yes;\">\u00a0 <\/span>l\u2019ingresso , nel Paese, di almeno un milione di africani &#8230;<span style=\"yes;\">\u00a0 <\/span>meglio se neri &#8230; chi cinquecento mila asiatici &#8230; meglio se gialli, chi duecento mila <span style=\"yes;\">\u00a0<\/span>zingari,<span style=\"yes;\">\u00a0 <\/span>rom o sinti fa lo stesso&#8230; chi &#8230; <span style=\"yes;\">\u00a0<\/span>chi&#8230;Quando, per\u00f2, \u00e8 sorto il problema di portarsene a casa qualcuno, b\u00e8, le cose sono un tantino cambiate &#8230; e io, che inopinatamente avevo <span style=\"yes;\">\u00a0<\/span>\u201clanciato\u201d <span style=\"yes;\">\u00a0<\/span>l\u2019idea, per poco non sono stato <span style=\"yes;\">\u00a0<\/span>\u201clinciato\u201d&#8230; (simpatico il \u201cbisticcio\u201d di parole, vero?)<\/span><\/p>\n<p class=\"MsoNormal\" style=\"0cm 0cm 0pt;\"><span style=\"12pt;\">Intanto, io, <span style=\"yes;\">\u00a0<\/span>rappresentante del \u201csesso forte\u201d, <span style=\"yes;\">\u00a0<\/span>avevo osato mescolarmi con il presunto \u201csesso debole\u201d e per di pi\u00f9<span style=\"yes;\">\u00a0 <\/span>avevo osato prendere<span style=\"yes;\">\u00a0 <\/span>la parola ! \u201c Alla faccia dell\u2019amicizia &#8230; &#8211; ho mormorato tra i denti &#8211; prima di dimostrarsi amici del Mondo, bisognerebbe dimostrarsi amici dei concittadini, o no?\u201d <span style=\"yes;\">\u00a0<\/span>Ma non solo, vi \u00e8 stato un coro unanime di \u201cdagli all\u2019untore\u201d, da fare invidia al Manzoni!<\/span><\/p>\n<p class=\"MsoNormal\" style=\"0cm 0cm 0pt;\"><span style=\"12pt;\">E qui mi ha salvato, oltre al mio naturale \u201cself control\u201d, anche quel pizzico di genialit\u00e0 e di furbizia che ho avuto in dono dal cielo, magari a discapito del fisico &#8230;non proprio da Marcantonio.<\/span><\/p>\n<p class=\"MsoNormal\" style=\"0cm 0cm 0pt;\"><span style=\"12pt;\">Ho ripreso timidamente la parola e ho azzardato:-\u201cVeramente, io sarei qui in veste di esperto giuridico per mettervi al corrente dell\u2019esistenza di una legge un po\u2019 strana, diciamo una legge &#8230; all\u2019italiana, <span style=\"yes;\">\u00a0<\/span>per commentarla, sviscerarne i contenuti e addirittura, prendendo spunto da questa, proporne una noi, scusate&#8230; voi &#8230;molto pi\u00f9 completa e universale.<span style=\"yes;\">\u00a0 <\/span>La legge <span style=\"yes;\">\u00a0<\/span>\u201cde qua\u201d <span style=\"yes;\">\u00a0<\/span>sarebbe<span style=\"yes;\">\u00a0 <\/span>la 379 del dicembre 2000 <span style=\"yes;\">\u00a0<\/span>recante <span style=\"yes;\">\u00a0<\/span>\u201cDisposizioni per il riconoscimento della cittadinanza italiana alle persone nate e gi\u00e0 residenti nei territori appartenenti all\u2019impero Austroungarico e ai loro discendenti\u201d. &#8211;<\/span><\/p>\n<p class=\"MsoNormal\" style=\"0cm 0cm 0pt;\"><span style=\"12pt;\">Si \u00e8 levata una sghignazzata generale!<span style=\"yes;\">\u00a0 <\/span>\u201cMeno male \u2013 mi sono detto \u2013 il clima si \u00e8 stemperato&#8230;\u201d<\/span><\/p>\n<p class=\"MsoNormal\" style=\"0cm 0cm 0pt;\"><span style=\"12pt;\">Ed io, continuando \u201c Fatemi finire, per favore! Non si tratta di una barzelletta, ma \u00e8 una legge vera e propria, una legge in senso formale, sostanziale, e aderente ai <span style=\"yes;\">\u00a0<\/span>dettami della<span style=\"yes;\">\u00a0 <\/span>Costituzione &#8230;\u201d<\/span><\/p>\n<p class=\"MsoNormal\" style=\"0cm 0cm 0pt;\"><span style=\"12pt;\">Allora, ho buttato l\u00e0 una proposta di cui loro se ne potevano fare <span style=\"yes;\">\u00a0<\/span>portatrici (sane&#8230;si spera&#8230;), una proposta in linea con i principi di \u201ccrescita\u201d nel loro cammino, diciamo spirituale. E poco importa se la \u201ccrescita\u201d sarebbe stata quantitativa, pi\u00f9 che qualitativa &#8230; Sempre di crescita si sarebbe trattato. L\u2019idea era questa: proporre una legge similare alla 379 sugli Austroungarici, ma molto pi\u00f9 <span style=\"yes;\">\u00a0<\/span>complessa e articolata, molto pi\u00f9 <span style=\"yes;\">\u00a0<\/span>universale &#8230; molto pi\u00f9 in linea con la solidariet\u00e0 umana e con l\u2019amicizia tra i popoli. Ed eccone<span style=\"yes;\">\u00a0 <\/span>il contenuto: \u201cDisposizioni per il riconoscimento della cittadinanza italiana alla persone nate e gi\u00e0 residenti nei territori appartenenti all\u2019Impero Romano all\u2019epoca di <span style=\"yes;\">\u00a0<\/span>Traiano e ai loro discendenti\u201d. Proprio cos\u00ec! Questo \u00e8 quanto! Questa si che sarebbe il massimo di tutto, dalla solidariet\u00e0 all\u2019amicizia, dalla civilt\u00e0 alla globalizzazione alla modernit\u00e0&#8230; alla&#8230; alla&#8230; e chi pi\u00f9 ne ha, pi\u00f9 ne metta! Al cospetto, la legge sugli Austroungarici <span style=\"yes;\">\u00a0<\/span>ne risulterebbe ben poca cosa&#8230;estremamente riduttiva&#8230;insomma una \u201cgiacchettata\u201d!<\/span><\/p>\n<p class=\"MsoNormal\" style=\"0cm 0cm 0pt;\"><span style=\"12pt;\">D\u2019un tratto le risa sono cessate, come per incanto, e qualcuno ha chiesto a me, di colpo divenuto apostolo delle genti , di illustrarne i contenuti, diciamo tecnico \u2013 pratici.<span style=\"yes;\">\u00a0 <\/span><\/span><\/p>\n<p class=\"MsoNormal\" style=\"0cm 0cm 0pt;\"><span style=\"12pt;\">\u201cChe fortuna avere un bravo studioso del diritto in mezzo a noi!\u201d Si \u00e8 alzata una voce.<\/span><\/p>\n<p class=\"MsoNormal\" style=\"0cm 0cm 0pt;\"><span style=\"12pt;\">Et voil\u00e0!!! Eccovi accontentati o, meglio, accontentate.<\/span><\/p>\n<p class=\"MsoNormal\" style=\"0cm 0cm 0pt;\"><span style=\"12pt;\">\u201cCome mai si dovrebbe risalire proprio fino ai tempi dell\u2019Imperatore Traiano? Perch\u00e9 quando si propongono le leggi, bisognerebbe studiarsi bene <span style=\"yes;\">\u00a0<\/span>le problematiche, proprio come usano fare i nostri<\/span><\/p>\n<p class=\"MsoNormal\" style=\"0cm 0cm 0pt;\"><span style=\"12pt;\"><span style=\"yes;\">\u00a0<\/span>Politici &#8230; giusto? Quindi, \u00e8 proprio con l\u2019Imperatore<span style=\"yes;\">\u00a0 <\/span>Ulpio Traiano che l\u2019Impero Romano raggiunse la sua massima espansione territoriale. Quindi, una legge pi\u00f9 completa di cos\u00ec &#8230; in tutti i sensi&#8230;\u201d<span style=\"yes;\">\u00a0 <\/span><span style=\"yes;\">\u00a0<\/span>Vi ho anche aggiunto alcune notizie storiche, tanto per far capire la seriet\u00e0 della proposta. \u201c In effetti, uno dei periodi migliori della lunga epoca imperiale romana, \u00e8 quello in cui ha regnato la dinastia cosiddetta degli \u201cAntonini\u201d che va dal 96 al 192 d.C. Si sono susseguiti, nell\u2019 ordine: <span style=\"yes;\">\u00a0<\/span>Cocceio Nerva \u2013 Ulpio Traiano \u2013 Adriano \u2013 Antonino Pio \u2013 Marco Aurelio \u2013 Commodo.\u201d<\/span><\/p>\n<p class=\"MsoNormal\" style=\"0cm 0cm 0pt;\"><span style=\"12pt;\"><span style=\"yes;\">\u00a0<\/span>\u201c Ci sta <span style=\"yes;\">\u00a0<\/span><span style=\"yes;\">\u00a0<\/span>parlando pure del film \u201c Il Gladiatore..\u201d <span style=\"yes;\">\u00a0<\/span>\u2013 ho udito una voce <span style=\"yes;\">\u00a0<\/span>compiaciuta dietro di me.<\/span><\/p>\n<p class=\"MsoNormal\" style=\"0cm 0cm 0pt;\"><span style=\"12pt;\">\u201cMa che personcina colta e intelligente!\u201d \u2013 \u201cMa che bravo!\u201d \u2013 hanno sussurrato altre voci &#8230;<\/span><\/p>\n<p class=\"MsoNormal\" style=\"0cm 0cm 0pt;\"><span style=\"12pt;\">Gi\u00e0, \u201c Il Gladiatore\u201d, il film <span style=\"yes;\">\u00a0<\/span>che ha raccolto molti consensi<span style=\"yes;\">\u00a0 <\/span>di critica e di pubblico appena pochi anni fa, il film <span style=\"yes;\">\u00a0<\/span>che ha mostrato , tra l\u2019altro,<span style=\"yes;\">\u00a0 <\/span>l\u2019Imperatore Commodo in tutta la sua crudelt\u00e0 e pazzia, la vera \u201cpecora nera\u201d della dinastia. Gi\u00e0, l\u2019imperatore Commodo che, con tutta la questione, ci incastra &#8230; poco o nulla &#8230;<\/span><\/p>\n<p class=\"MsoNormal\" style=\"0cm 0cm 0pt;\"><span style=\"12pt;\">Comunque, come si \u00e8 visto, <span style=\"yes;\">\u00a0<\/span>sotto l\u2019imperatore Traiano (98 \u2013 117 d.C.) <span style=\"yes;\">\u00a0<\/span>i confini dell\u2019impero raggiunsero la massima espansione: dal Nord Africa alla Spagna, alla Britannia , all\u2019Europa centro-orientale, sino ben oltre i fiumi Tigri ed Eufrate. <span style=\"yes;\">\u00a0<\/span>Quindi la novella legge ne risulterebbe <span style=\"yes;\">\u00a0<\/span>la pi\u00f9 estesa <span style=\"yes;\">\u00a0<\/span>possibile e la pi\u00f9 completa. Per rafforzare i concetti, ho provato <span style=\"yes;\">\u00a0<\/span>a <span style=\"yes;\">\u00a0<\/span>ricordare a memoria un passo del libro \u201cStoria Romana in versi\u201d<span style=\"yes;\">\u00a0 <\/span>di <span style=\"yes;\">\u00a0<\/span>Cavaliere, e a decantarlo in mezzo alla curiosit\u00e0 generale:<\/span><\/p>\n<\/div>\n<p><span style=\"AR-SA;\"><br \/>\n<\/span><\/p>\n<div class=\"Section2\">\n<p class=\"MsoNormal\" style=\"0cm 0cm 0pt;\"><span style=\"12pt;\">\u201cUlpio Traiano iberico<\/span><\/p>\n<p class=\"MsoNormal\" style=\"0cm 0cm 0pt;\"><span style=\"12pt;\">d\u2019origine lo stato<\/span><\/p>\n<p class=\"MsoNormal\" style=\"0cm 0cm 0pt;\"><span style=\"12pt;\">governa dividendone<\/span><\/p>\n<p class=\"MsoNormal\" style=\"0cm 0cm 0pt;\"><span style=\"12pt;\">le cure col Senato.<\/span><\/p>\n<p class=\"MsoNormal\" style=\"0cm 0cm 0pt;\"><span style=\"12pt;\">\u00a0<\/span><\/p>\n<p class=\"MsoNormal\" style=\"0cm 0cm 0pt;\"><span style=\"12pt;\">Guerriero formidabile,<\/span><\/p>\n<p class=\"MsoNormal\" style=\"0cm 0cm 0pt;\"><span style=\"12pt;\">sconfisse o tenne a freno<\/span><\/p>\n<p class=\"MsoNormal\" style=\"0cm 0cm 0pt;\"><span style=\"12pt;\">turme d\u2019arditi Barbari<\/span><\/p>\n<p class=\"MsoNormal\" style=\"0cm 0cm 0pt;\"><span style=\"12pt;\">oltre il Danubio e il Reno.<\/span><\/p>\n<p class=\"MsoNormal\" style=\"0cm 0cm 0pt;\"><span style=\"12pt;\">\u00a0<\/span><\/p>\n<p class=\"MsoNormal\" style=\"0cm 0cm 0pt;\"><span style=\"12pt;\">Domato il re Decebalo<\/span><\/p>\n<p class=\"MsoNormal\" style=\"0cm 0cm 0pt;\"><span style=\"12pt;\">ed i suoi fieri Daci,<\/span><\/p>\n<p class=\"MsoNormal\" style=\"0cm 0cm 0pt;\"><span style=\"12pt;\">colonizz\u00f2 quel popolo<\/span><\/p>\n<p class=\"MsoNormal\" style=\"0cm 0cm 0pt;\"><span style=\"12pt;\">di barbari predaci;<\/span><\/p>\n<p class=\"MsoNormal\" style=\"0cm 0cm 0pt;\"><span style=\"12pt;\">\u00a0<\/span><\/p>\n<p class=\"MsoNormal\" style=\"0cm 0cm 0pt;\"><span style=\"12pt;\">e, vincitor magnifico<\/span><\/p>\n<p class=\"MsoNormal\" style=\"0cm 0cm 0pt;\"><span style=\"12pt;\">su quel lontano fronte,<\/span><\/p>\n<p class=\"MsoNormal\" style=\"0cm 0cm 0pt;\"><span style=\"12pt;\">gitt\u00f2 sul gran Danubio<\/span><\/p>\n<p class=\"MsoNormal\" style=\"0cm 0cm 0pt;\"><span style=\"12pt;\">un poderoso ponte.<\/span><\/p>\n<p class=\"MsoNormal\" style=\"0cm 0cm 0pt;\"><span style=\"12pt;\">\u00a0<\/span><\/p>\n<p class=\"MsoNormal\" style=\"0cm 0cm 0pt;\"><span style=\"12pt;\">Arabia, Armenia, Colchide<\/span><\/p>\n<p class=\"MsoNormal\" style=\"0cm 0cm 0pt;\"><span style=\"12pt;\">in Asia conquistate,<\/span><\/p>\n<p class=\"MsoNormal\" style=\"0cm 0cm 0pt;\"><span style=\"12pt;\">poi le correnti supera<\/span><\/p>\n<p class=\"MsoNormal\" style=\"0cm 0cm 0pt;\"><span style=\"12pt;\">del Tigri e dell\u2019Eufrate.<\/span><\/p>\n<p class=\"MsoNormal\" style=\"0cm 0cm 0pt;\"><span style=\"12pt;\">\u00a0<\/span><\/p>\n<p class=\"MsoNormal\" style=\"0cm 0cm 0pt;\"><span style=\"12pt;\">E vinti i Parti indomiti<\/span><\/p>\n<p class=\"MsoNormal\" style=\"0cm 0cm 0pt;\"><span style=\"12pt;\">dopo vicende varie,<\/span><\/p>\n<p class=\"MsoNormal\" style=\"0cm 0cm 0pt;\"><span style=\"12pt;\">guarda dal Golfo Persico<\/span><\/p>\n<p class=\"MsoNormal\" style=\"0cm 0cm 0pt;\"><span style=\"12pt;\">all\u2019Indie Leggendarie.<\/span><\/p>\n<p class=\"MsoNormal\" style=\"0cm 0cm 0pt;\"><span style=\"12pt;\">\u00a0<\/span><\/p>\n<p class=\"MsoNormal\" style=\"0cm 0cm 0pt;\"><span style=\"12pt;\">Ma i vinti si sollevano<\/span><\/p>\n<p class=\"MsoNormal\" style=\"0cm 0cm 0pt;\"><span style=\"12pt;\">mentr\u2019egli \u00e8 in via per Roma:<\/span><\/p>\n<p class=\"MsoNormal\" style=\"0cm 0cm 0pt;\"><span style=\"12pt;\">Traiano come un fulmine,<\/span><\/p>\n<p class=\"MsoNormal\" style=\"0cm 0cm 0pt;\"><span style=\"12pt;\">torna e i ribelli doma.<\/span><\/p>\n<p class=\"MsoNormal\" style=\"0cm 0cm 0pt;\"><span style=\"12pt;\">\u00a0<\/span><\/p>\n<p class=\"MsoNormal\" style=\"0cm 0cm 0pt;\"><span style=\"12pt;\">Gi\u00e0 sull\u2019Eufrate l\u2019aquile<\/span><\/p>\n<p class=\"MsoNormal\" style=\"0cm 0cm 0pt;\"><span style=\"12pt;\">eran di nuovo giunte,<\/span><\/p>\n<p class=\"MsoNormal\" style=\"0cm 0cm 0pt;\"><span style=\"12pt;\">quando egli muore, vittima<\/span><\/p>\n<p class=\"MsoNormal\" style=\"0cm 0cm 0pt;\"><span style=\"12pt;\">d\u2019un morbo a Selinunte.\u201d<\/span><\/p>\n<\/div>\n<p><span style=\"AR-SA;\"><br \/>\n<\/span><\/p>\n<p class=\"MsoNormal\" style=\"0cm 0cm 0pt;\"><span style=\"12pt;\"><span style=\"yes;\">\u00a0<\/span><\/span><\/p>\n<p class=\"MsoNormal\" style=\"0cm 0cm 0pt;\"><span style=\"12pt;\">Vedete come la proposta della novella legge non sarebbe campata in aria, ma veramente affonderebbe <span style=\"yes;\">\u00a0<\/span>le radici<span style=\"yes;\">\u00a0 <\/span>su fatti storici reali, sacrosanti, epici??? Altro che l\u2019imperetto Austroungarico!<\/span><\/p>\n<p class=\"MsoNormal\" style=\"0cm 0cm 0pt;\"><span style=\"12pt;\">E gi\u00e0 mi pregustavo le scene: una conversazione tra italiane e \u201coriunde\u201d al mercato del pesce in Livorno: \u201cIo sono una cittadina italiana \u201ciure sanguinis\u201d e vengo dalla Caldea, ex provincia Romana dell\u2019Asia, e tu? \u201c L\u2019altra di rimando: \u201cIo, invece, sono cittadina italiana per nascita e vengo da&#8230;Caldana, presso Venturina, provincia &#8230;di Livorno. Sai, ci sono le terme&#8230;\u201d E, continuando con altre comari: \u201cIo sono una femmina dei Parti, popolo fiero abitante nel territorio tra il Tigri e l\u2019Eufrate, e tu?\u201d. &#8211; <span style=\"yes;\">\u00a0<\/span>\u201cIo, invece, di &#8230; parti &#8230; <span style=\"yes;\">\u00a0<\/span>ne <span style=\"yes;\">\u00a0<\/span>ho avuti quattro, <span style=\"yes;\">\u00a0<\/span>tre femmine e un maschio ma <span style=\"yes;\">\u00a0<\/span>qui vicino, <span style=\"yes;\">\u00a0<\/span>all\u2019Ospedale Fatebenefratelli&#8230; molto poco fiero, in verit\u00e0.\u201c <span style=\"yes;\">\u00a0<\/span>E via dicendo.<\/span><\/p>\n<p class=\"MsoNormal\" style=\"0cm 0cm 0pt;\"><span style=\"12pt;\">Oddio, anche questa proposta di legge avrebbe importanti nodi da sciogliere.<\/span><\/p>\n<p class=\"MsoNormal\" style=\"0cm 0cm 0pt;\"><span style=\"12pt;\">Il primo di natura giuridica.<span style=\"yes;\">\u00a0 <\/span>Si tratterebbe di scegliere fra il considerare il territorio dell\u2019ex Impero Romano alla medesima stregua o fare delle differenziazioni tra gli appartenenti a Roma o alle \u201cprovince senatorie\u201d o alle \u201cprovince senatorie divenute imperiali\u201d o alle \u201cprovince senatorie divenute autonome sotto regime imperiale\u201d o alle \u201cprovince imperiali\u201d.. .Che guazzabuglio di province! Che rompicapo! Ma,<span style=\"yes;\">\u00a0 <\/span>come in ogni idea<span style=\"yes;\">\u00a0 <\/span>pur grandiosa, vi \u00e8<span style=\"yes;\">\u00a0 <\/span>sempre qualche <span style=\"yes;\">\u00a0<\/span>problemetto da superare &#8230;<\/span><\/p>\n<p class=\"MsoNormal\" style=\"0cm 0cm 0pt;\"><span style=\"12pt;\">L\u2019altro nodo, di natura pratica, <span style=\"yes;\">\u00a0<\/span>riguarderebbe soprattutto la\u201dfascicolazione\u201d dei documenti. Si sa che in Italia la Burocrazia \u00e8 pignola e la fa da padrona! Ma tant\u2019\u00e8 &#8230;<\/span><\/p>\n<p class=\"MsoNormal\" style=\"0cm 0cm 0pt;\"><span style=\"12pt;\">Infatti se un \u201cpresunto cittadino\u201d Assiro o Armeno, per comprovare la cittadinanza del suo bis-bis-bis-tri-tris-quadris (si potrebbe continuare<span style=\"yes;\">\u00a0 <\/span>per diecine di pagine&#8230;) avolo, esibisse una scritta scolpita su un blocco di granito, gi\u00e0 ornamento della sepoltura dell\u2019avo medesimo, del peso di almeno 10 tonnellate???? Come si potrebbe \u201carchiviare\u201d il tutto? E se<span style=\"yes;\">\u00a0 <\/span>il burocrate incallito pretendesse magari anche solamente una \u201ccopia autentica\u201d? D\u2019altra parte, che volete che vi dica, queste sono quisquiglie di fronte all\u2019impatto sociale di una cotale legge &#8230;<\/span><\/p>\n<p class=\"MsoNormal\" style=\"0cm 0cm 0pt;\"><span style=\"12pt;\">E non mi si venga a dire neppure che questa <span style=\"yes;\">\u00a0<\/span>novella legge sarebbe una burla!<span style=\"yes;\">\u00a0 <\/span>Perch\u00e9 &#8230; quella<span style=\"yes;\">\u00a0 <\/span>gi\u00e0 in vigore e che riguarda gli Austroungarici, come la definireste?<\/span><\/p>\n<p class=\"MsoNormal\" style=\"0cm 0cm 0pt;\"><span style=\"12pt;\">Comunque &#8230; incredibile ma vero! Le <span style=\"yes;\">\u00a0<\/span>(quasi) pie donne cittadine hanno approvato e applaudito &#8230;<\/span><\/p>\n<p class=\"MsoNormal\" style=\"0cm 0cm 0pt;\"><span style=\"12pt;\">Dunque &#8230; fate vobis! Ai posteri l\u2019ardua sentenza ! <\/span><\/p>\n<p class=\"MsoNormal\" style=\"0cm 0cm 0pt;\"><span style=\"12pt;\">Allora il sottoscritto, temendo ripensamenti e rappresaglie, se l\u2019\u00e8 svignata alla chetichella, lasciandole tutte intente nelle loro discussioni, nei loro sbracciamenti , nella loro&#8230; aria di santit\u00e0, rafforzata dall\u2019idea geniale di proporre una legge siffatta &#8230;. un vero turbine di solidariet\u00e0 e di amicizia tra i popoli e pure di accoglienza &#8230;<\/span><\/p>\n<p class=\"MsoNormal\" style=\"0cm 0cm 0pt;\"><span style=\"12pt;\">E mentre mi allontanavo in tutta fretta, mi sono venute in mente le parole<span style=\"yes;\">\u00a0 <\/span>del Sacrestano <span style=\"yes;\">\u00a0\u00a0<\/span>nell\u2019opera lirica \u201cTosca\u201d di Giacomo Puccini, atto I\u00b0. Dunque, mentre <span style=\"yes;\">\u00a0<\/span>in una Chiesa della Roma del 1800,<span style=\"yes;\">\u00a0 <\/span>il pittore rivoluzionario Mario Cavarodossi \u2013 tenore \u2013 canta l\u2019aria eccelsa \u201cRecondita Armonia\/di bellezze diverse\u201d, il sacrista \u2013 baritono &#8211; da persona semplice e superstiziosa, controcanta nel sottofondo: <\/span><strong><span style=\"minor-bidi;\"><span style=\"small;\">\u201cQueste diverse gonne\/ che fanno concorrenza alle Madonne\/ mandan tanfo d\u2019inferno&#8230;\u201d<\/span><\/span><\/strong><\/p>\n<div class=\"pvc_clear\"><\/div>\n<p id=\"pvc_stats_3703\" class=\"pvc_stats all  \" data-element-id=\"3703\" style=\"\"><i class=\"pvc-stats-icon medium\" aria-hidden=\"true\"><svg aria-hidden=\"true\" focusable=\"false\" data-prefix=\"far\" data-icon=\"chart-bar\" role=\"img\" xmlns=\"http:\/\/www.w3.org\/2000\/svg\" viewBox=\"0 0 512 512\" class=\"svg-inline--fa fa-chart-bar fa-w-16 fa-2x\"><path fill=\"currentColor\" d=\"M396.8 352h22.4c6.4 0 12.8-6.4 12.8-12.8V108.8c0-6.4-6.4-12.8-12.8-12.8h-22.4c-6.4 0-12.8 6.4-12.8 12.8v230.4c0 6.4 6.4 12.8 12.8 12.8zm-192 0h22.4c6.4 0 12.8-6.4 12.8-12.8V140.8c0-6.4-6.4-12.8-12.8-12.8h-22.4c-6.4 0-12.8 6.4-12.8 12.8v198.4c0 6.4 6.4 12.8 12.8 12.8zm96 0h22.4c6.4 0 12.8-6.4 12.8-12.8V204.8c0-6.4-6.4-12.8-12.8-12.8h-22.4c-6.4 0-12.8 6.4-12.8 12.8v134.4c0 6.4 6.4 12.8 12.8 12.8zM496 400H48V80c0-8.84-7.16-16-16-16H16C7.16 64 0 71.16 0 80v336c0 17.67 14.33 32 32 32h464c8.84 0 16-7.16 16-16v-16c0-8.84-7.16-16-16-16zm-387.2-48h22.4c6.4 0 12.8-6.4 12.8-12.8v-70.4c0-6.4-6.4-12.8-12.8-12.8h-22.4c-6.4 0-12.8 6.4-12.8 12.8v70.4c0 6.4 6.4 12.8 12.8 12.8z\" class=\"\"><\/path><\/svg><\/i> <img loading=\"lazy\" decoding=\"async\" width=\"16\" height=\"16\" alt=\"Loading\" src=\"https:\/\/www.raccontinellarete.it\/301\/wp-content\/plugins\/page-views-count\/ajax-loader-2x.gif\" border=0 \/><\/p>\n<div class=\"pvc_clear\"><\/div>\n","protected":false},"excerpt":{"rendered":"<p>Quel giorno, verso l\u2019imbrunire, mi trovavo a passeggiare nel centro storico della mia cittadina tutto assorto nei miei mille pensieri. Fatale errore! Ma non vado ad imboccare la piazzetta adiacente ai locali parrocchiali, quelli riservati alle riunioni? Ho rischiato veramente l\u2019incolumit\u00e0 , visto che stavano transitando\u00a0 le cosiddette \u00a0\u00a0\u201cpie donne\u201d \u00a0(diciamo &#8230; quasi pie donne [&hellip;]<\/p>\n<div class=\"pvc_clear\"><\/div>\n<p id=\"pvc_stats_3703\" class=\"pvc_stats all  \" data-element-id=\"3703\" style=\"\"><i class=\"pvc-stats-icon medium\" aria-hidden=\"true\"><svg aria-hidden=\"true\" focusable=\"false\" data-prefix=\"far\" data-icon=\"chart-bar\" role=\"img\" xmlns=\"http:\/\/www.w3.org\/2000\/svg\" viewBox=\"0 0 512 512\" class=\"svg-inline--fa fa-chart-bar fa-w-16 fa-2x\"><path fill=\"currentColor\" d=\"M396.8 352h22.4c6.4 0 12.8-6.4 12.8-12.8V108.8c0-6.4-6.4-12.8-12.8-12.8h-22.4c-6.4 0-12.8 6.4-12.8 12.8v230.4c0 6.4 6.4 12.8 12.8 12.8zm-192 0h22.4c6.4 0 12.8-6.4 12.8-12.8V140.8c0-6.4-6.4-12.8-12.8-12.8h-22.4c-6.4 0-12.8 6.4-12.8 12.8v198.4c0 6.4 6.4 12.8 12.8 12.8zm96 0h22.4c6.4 0 12.8-6.4 12.8-12.8V204.8c0-6.4-6.4-12.8-12.8-12.8h-22.4c-6.4 0-12.8 6.4-12.8 12.8v134.4c0 6.4 6.4 12.8 12.8 12.8zM496 400H48V80c0-8.84-7.16-16-16-16H16C7.16 64 0 71.16 0 80v336c0 17.67 14.33 32 32 32h464c8.84 0 16-7.16 16-16v-16c0-8.84-7.16-16-16-16zm-387.2-48h22.4c6.4 0 12.8-6.4 12.8-12.8v-70.4c0-6.4-6.4-12.8-12.8-12.8h-22.4c-6.4 0-12.8 6.4-12.8 12.8v70.4c0 6.4 6.4 12.8 12.8 12.8z\" class=\"\"><\/path><\/svg><\/i> <img loading=\"lazy\" decoding=\"async\" width=\"16\" height=\"16\" alt=\"Loading\" src=\"https:\/\/www.raccontinellarete.it\/301\/wp-content\/plugins\/page-views-count\/ajax-loader-2x.gif\" border=0 \/><\/p>\n<div class=\"pvc_clear\"><\/div>\n","protected":false},"author":1112,"featured_media":0,"comment_status":"open","ping_status":"closed","sticky":false,"template":"","format":"standard","meta":{"footnotes":""},"categories":[9],"tags":[],"class_list":["post-3703","post","type-post","status-publish","format-standard","hentry","category-racconti-2010"],"_links":{"self":[{"href":"https:\/\/www.raccontinellarete.it\/index.php?rest_route=\/wp\/v2\/posts\/3703"}],"collection":[{"href":"https:\/\/www.raccontinellarete.it\/index.php?rest_route=\/wp\/v2\/posts"}],"about":[{"href":"https:\/\/www.raccontinellarete.it\/index.php?rest_route=\/wp\/v2\/types\/post"}],"author":[{"embeddable":true,"href":"https:\/\/www.raccontinellarete.it\/index.php?rest_route=\/wp\/v2\/users\/1112"}],"replies":[{"embeddable":true,"href":"https:\/\/www.raccontinellarete.it\/index.php?rest_route=%2Fwp%2Fv2%2Fcomments&post=3703"}],"version-history":[{"count":0,"href":"https:\/\/www.raccontinellarete.it\/index.php?rest_route=\/wp\/v2\/posts\/3703\/revisions"}],"wp:attachment":[{"href":"https:\/\/www.raccontinellarete.it\/index.php?rest_route=%2Fwp%2Fv2%2Fmedia&parent=3703"}],"wp:term":[{"taxonomy":"category","embeddable":true,"href":"https:\/\/www.raccontinellarete.it\/index.php?rest_route=%2Fwp%2Fv2%2Fcategories&post=3703"},{"taxonomy":"post_tag","embeddable":true,"href":"https:\/\/www.raccontinellarete.it\/index.php?rest_route=%2Fwp%2Fv2%2Ftags&post=3703"}],"curies":[{"name":"wp","href":"https:\/\/api.w.org\/{rel}","templated":true}]}}