{"id":3637,"date":"2010-05-14T14:39:19","date_gmt":"2010-05-14T13:39:19","guid":{"rendered":"http:\/\/www.raccontinellarete.it\/?p=3637"},"modified":"2010-05-14T14:39:19","modified_gmt":"2010-05-14T13:39:19","slug":"una-scelta-difficile","status":"publish","type":"post","link":"https:\/\/www.raccontinellarete.it\/?p=3637","title":{"rendered":"Premio Racconti per Corti 2010 &#8220;Una scelta difficile&#8221; di Mario Liuzzi"},"content":{"rendered":"<p class=\"MsoNormal\" style=\"justify;\"><span style=\"12.0pt;\"><span style=\"Times New Roman;\">Ma che significa che non provi pi\u00f9 nulla per me? Com\u2019\u00e8 possibile, cos\u00ec d\u2019improvviso, che tutto quello che abbiamo vissuto non conti pi\u00f9 nulla? E a quello che provo io non pensi? Non pensi ai miei di sentimenti? Se \u00e8 cos\u00ec vai via tu e tutte le tue stupide amiche! Cosa credi che non lo sappia? Sono state loro, \u00e8 vero? Sono loro che ti hanno spinto a mollarmi! E poi con quale motivazione? Nessuna! Nessuna\u2026nessuna\u2026nessuna\u2026nessuna.<\/span><\/span><\/p>\n<p class=\"MsoNormal\" style=\"justify;\">\u00a0<\/p>\n<p class=\"MsoNormal\" style=\"justify;\"><span style=\"12.0pt;\"><span style=\"Times New Roman;\">Nella testa di Paolo questa parola, ormai, risuona da pi\u00f9 di una settimana, tanto da sembrargli di udirla ad ogni suo passo, di vederla in ogni vetrina di ogni negozio, e di sentirla pronunciare da ogni sconosciuto che in quel momento gli passa accanto. Nessuna! Nessuna\u2026nessuna\u2026nessuna&#8230;nessuna.<\/span><\/span><\/p>\n<p class=\"MsoNormal\" style=\"justify;\">\u00a0<\/p>\n<p class=\"MsoNormal\" style=\"justify;\"><span style=\"12.0pt;\"><span style=\"Times New Roman;\">Non riesce a darsi pace o, quantomeno, una spiegazione. Nessuna non \u00e8 una spiegazione, ma la negazione di qualcosa, la negazione, in questo caso, di una giusta causa che Laura aveva addotto per cancellarlo definitivamente dalla sua vita.<\/span><\/span><\/p>\n<p class=\"MsoNormal\" style=\"justify;\"><span style=\"12.0pt;\"><span style=\"Times New Roman;\">E pensare che avevano passato gli ultimi tre anni della loro vita pressoch\u00e9 sempre assieme, a essere unicamente perch\u00e9 era l\u2019altro.<\/span><\/span><\/p>\n<p class=\"MsoNormal\" style=\"justify;\"><span style=\"12.0pt;\"><span style=\"Times New Roman;\">Ma basta un attimo, delle semplici parole, per lasciarsi alle spalle un pezzetto di vita vissuta assieme.<\/span><\/span><\/p>\n<p class=\"MsoNormal\" style=\"justify;\"><span style=\"12.0pt;\"><span style=\"Times New Roman;\">Stava anche pensando di chiederle di sposarlo, Paolo, perch\u00e9 Laura cominciava a fare tenere considerazioni su alcune famiglie con dei bimbi che, in modo indiretto, chiedevano a Paolo di diventare loro stessi una famiglia, l\u2019unione perfetta di due vite che nell\u2019amore mettono al mondo dei figli.<\/span><\/span><\/p>\n<p class=\"MsoNormal\" style=\"justify;\"><span style=\"12.0pt;\"><span style=\"Times New Roman;\">Per\u00f2 non lo aveva ancora fatto, e di questa cosa era pi\u00f9 che pentito perch\u00e9, se avesse chiesto a Laura di sposarlo lei, magari, non avrebbe deciso di lasciarlo.<\/span><\/span><\/p>\n<p class=\"MsoNormal\" style=\"justify;\">\u00a0<\/p>\n<p class=\"MsoNormal\" style=\"justify;\"><span style=\"12.0pt;\"><span style=\"Times New Roman;\">Il trascorrere dei giorni, si dice, cancella a poco a poco il dolore, \u201cil tempo lascia solo di un amore un poco di rimpianto e nulla pi\u00f9\u201d canta Battiato in radio (Perduto amor, una vecchia canzone contenuta nel suo Fleurs 3), ma Paolo non ne \u00e8 del tutto convinto. Se la decisione fosse stata presa insieme, certamente la normalit\u00e0 dei giorni che scorrono avrebbe occupato le vite di Paolo e Laura, distraendoli da quel poco di nostalgia e rimpianto che il ricordo dei sentimenti ormai svaniti avrebbe provocato.<\/span><\/span><\/p>\n<p class=\"MsoNormal\" style=\"justify;\"><span style=\"12.0pt;\"><span style=\"Times New Roman;\">E invece no, Paolo \u00e8 deciso a chiarire con Laura questa situazione; vuole parlarle e d\u2019altronde, a tre mesi di distanza dalla loro separazione, ha ormai accettato l\u2019idea di averla persa. Non si \u00e8 rassegnato per\u00f2 alla voglia di sapere in cosa ha sbagliato (semmai ha realmente sbagliato in qualcosa). Domani sarebbe andato da Laura.<\/span><\/span><\/p>\n<p class=\"MsoNormal\" style=\"justify;\">\u00a0<\/p>\n<p class=\"MsoNormal\" style=\"justify;\"><span style=\"12.0pt;\"><span style=\"Times New Roman;\">La sveglia suona le sette e trenta: \u00e8 ora di alzarsi. Sbrigate le necessit\u00e0 mattutine Paolo esce di casa e si reca alla solita edicola, dove acquista la sua fidata Gazzetta dello Sport; il suo occhio per\u00f2 si sofferma, casualmente, sul quotidiano locale: la foto di Laura campeggia in prima pagina, nella sezione dedicata alla cronaca nera, rimandando all\u2019articolo, all\u2019interno del quotidiano, che cerca di spiegare come possa una cos\u00ec giovane ragazza suicidarsi.<\/span><\/span><\/p>\n<p class=\"MsoNormal\" style=\"justify;\"><span style=\"12.0pt;\"><span style=\"Times New Roman;\">In una morsa che gli prende lo stomaco, i polmoni ed infine il cuore, Paolo non riesce a dire nulla e con l\u2019indice indica il quotidiano che l\u2019edicolante, capito lo shock, gli vende. Si siede sulla prima panchina che incrocia e legge della sua Laura che ormai non c\u2019\u00e8 pi\u00f9. Se n\u2019\u00e8 andata la sera prima suicidandosi, impiccandosi nella sua amata camera da letto. Si legge pi\u00f9 in basso che a Laura era stato diagnosticato un tumore gi\u00e0 in fase avanzata, e i medici non le avevano dato purtroppo speranze; Laura, nel giro di pochi mesi, sarebbe morta.<\/span><\/span><\/p>\n<p class=\"MsoNormal\" style=\"justify;\"><span style=\"12.0pt;\"><span style=\"Times New Roman;\">Paolo si fionda a casa di lei per incontrare i suoi genitori, che avevano instaurato con lui un ottimo rapporto, e che avevano perso la loro unica figlia. Li trov\u00f2 tra parenti, amici, conoscenti e curiosi, in uno stato di profonda angoscia, con ancora in mano la lettera che Laura gli aveva lasciato, mai posata dal momento della macabra scoperta del gesto della loro figlia.<\/span><\/span><\/p>\n<p class=\"MsoNormal\" style=\"justify;\"><span style=\"12.0pt;\"><span style=\"Times New Roman;\">Nella lettera Laura confidava il suo malessere e l\u2019impossibilit\u00e0 di vederli soffrire assieme a lei, attuando cos\u00ec il suo proposito di morire per alleviare, se possibile, la loro comunque certa sofferenza.<\/span><\/span><\/p>\n<p class=\"MsoNormal\" style=\"justify;\"><span style=\"12.0pt;\"><span style=\"Times New Roman;\">C\u2019era una lettera anche per lui. Impaurito ma impaziente, Paolo la apre e la legge:<\/span><\/span><\/p>\n<p class=\"MsoNormal\" style=\"justify;\"><span style=\"12.0pt;\"><span style=\"Times New Roman;\">\u201cAmore, ormai nulla pi\u00f9 potr\u00e0 salvarmi, il nostro amore andr\u00e0 perduto e ho quindi deciso di lasciarti prima che il mio male mi costringa a farlo, affinch\u00e9 tu non soffra con me, affinch\u00e9 io non veda mai il tuo splendido sorriso svanire davanti ai miei occhi. Scusami, ma questo dolore \u00e8 troppo forte per resistergli. Ho deciso di andare via prima che lui mi porti con se. Ti amo. Per sempre tua. Laura.\u201d<\/span><\/span><\/p>\n<p class=\"MsoNormal\" style=\"justify;\"><span style=\"12.0pt;\"><span style=\"Times New Roman;\">Paolo quel giorno non vide Laura, e tanto meno le parl\u00f2, ma il suo dubbio sul motivo della decisione di lei di lasciarlo si era dissolto tra le sue lacrime che ormai bagnavano le ultime parole che il suo amore aveva scritto, quelle ultime parole che gli chiedevano quasi di non soffrire, ma di sorridere ancora.<\/span><\/span><\/p>\n<p class=\"MsoNormal\" style=\"justify;\">\u00a0<\/p>\n<p class=\"MsoNormal\" style=\"justify;\"><span style=\"12.0pt;\"><span style=\"Times New Roman;\">Nei giorni seguenti Paolo pianse molto, ma sorrise a lungo verso il cielo, cosicch\u00e9 Laura scorgesse ancora quel sorriso che aveva paura di veder svanire.<\/span><\/span><\/p>\n<div class=\"pvc_clear\"><\/div>\n<p id=\"pvc_stats_3637\" class=\"pvc_stats all  \" data-element-id=\"3637\" style=\"\"><i class=\"pvc-stats-icon medium\" aria-hidden=\"true\"><svg aria-hidden=\"true\" focusable=\"false\" data-prefix=\"far\" data-icon=\"chart-bar\" role=\"img\" xmlns=\"http:\/\/www.w3.org\/2000\/svg\" viewBox=\"0 0 512 512\" class=\"svg-inline--fa fa-chart-bar fa-w-16 fa-2x\"><path fill=\"currentColor\" d=\"M396.8 352h22.4c6.4 0 12.8-6.4 12.8-12.8V108.8c0-6.4-6.4-12.8-12.8-12.8h-22.4c-6.4 0-12.8 6.4-12.8 12.8v230.4c0 6.4 6.4 12.8 12.8 12.8zm-192 0h22.4c6.4 0 12.8-6.4 12.8-12.8V140.8c0-6.4-6.4-12.8-12.8-12.8h-22.4c-6.4 0-12.8 6.4-12.8 12.8v198.4c0 6.4 6.4 12.8 12.8 12.8zm96 0h22.4c6.4 0 12.8-6.4 12.8-12.8V204.8c0-6.4-6.4-12.8-12.8-12.8h-22.4c-6.4 0-12.8 6.4-12.8 12.8v134.4c0 6.4 6.4 12.8 12.8 12.8zM496 400H48V80c0-8.84-7.16-16-16-16H16C7.16 64 0 71.16 0 80v336c0 17.67 14.33 32 32 32h464c8.84 0 16-7.16 16-16v-16c0-8.84-7.16-16-16-16zm-387.2-48h22.4c6.4 0 12.8-6.4 12.8-12.8v-70.4c0-6.4-6.4-12.8-12.8-12.8h-22.4c-6.4 0-12.8 6.4-12.8 12.8v70.4c0 6.4 6.4 12.8 12.8 12.8z\" class=\"\"><\/path><\/svg><\/i> <img loading=\"lazy\" decoding=\"async\" width=\"16\" height=\"16\" alt=\"Loading\" src=\"https:\/\/www.raccontinellarete.it\/301\/wp-content\/plugins\/page-views-count\/ajax-loader-2x.gif\" border=0 \/><\/p>\n<div class=\"pvc_clear\"><\/div>\n","protected":false},"excerpt":{"rendered":"<p>Ma che significa che non provi pi\u00f9 nulla per me? Com\u2019\u00e8 possibile, cos\u00ec d\u2019improvviso, che tutto quello che abbiamo vissuto non conti pi\u00f9 nulla? E a quello che provo io non pensi? Non pensi ai miei di sentimenti? Se \u00e8 cos\u00ec vai via tu e tutte le tue stupide amiche! Cosa credi che non lo [&hellip;]<\/p>\n<div class=\"pvc_clear\"><\/div>\n<p id=\"pvc_stats_3637\" class=\"pvc_stats all  \" data-element-id=\"3637\" style=\"\"><i class=\"pvc-stats-icon medium\" aria-hidden=\"true\"><svg aria-hidden=\"true\" focusable=\"false\" data-prefix=\"far\" data-icon=\"chart-bar\" role=\"img\" xmlns=\"http:\/\/www.w3.org\/2000\/svg\" viewBox=\"0 0 512 512\" class=\"svg-inline--fa fa-chart-bar fa-w-16 fa-2x\"><path fill=\"currentColor\" d=\"M396.8 352h22.4c6.4 0 12.8-6.4 12.8-12.8V108.8c0-6.4-6.4-12.8-12.8-12.8h-22.4c-6.4 0-12.8 6.4-12.8 12.8v230.4c0 6.4 6.4 12.8 12.8 12.8zm-192 0h22.4c6.4 0 12.8-6.4 12.8-12.8V140.8c0-6.4-6.4-12.8-12.8-12.8h-22.4c-6.4 0-12.8 6.4-12.8 12.8v198.4c0 6.4 6.4 12.8 12.8 12.8zm96 0h22.4c6.4 0 12.8-6.4 12.8-12.8V204.8c0-6.4-6.4-12.8-12.8-12.8h-22.4c-6.4 0-12.8 6.4-12.8 12.8v134.4c0 6.4 6.4 12.8 12.8 12.8zM496 400H48V80c0-8.84-7.16-16-16-16H16C7.16 64 0 71.16 0 80v336c0 17.67 14.33 32 32 32h464c8.84 0 16-7.16 16-16v-16c0-8.84-7.16-16-16-16zm-387.2-48h22.4c6.4 0 12.8-6.4 12.8-12.8v-70.4c0-6.4-6.4-12.8-12.8-12.8h-22.4c-6.4 0-12.8 6.4-12.8 12.8v70.4c0 6.4 6.4 12.8 12.8 12.8z\" class=\"\"><\/path><\/svg><\/i> <img loading=\"lazy\" decoding=\"async\" width=\"16\" height=\"16\" alt=\"Loading\" src=\"https:\/\/www.raccontinellarete.it\/301\/wp-content\/plugins\/page-views-count\/ajax-loader-2x.gif\" border=0 \/><\/p>\n<div class=\"pvc_clear\"><\/div>\n","protected":false},"author":1086,"featured_media":0,"comment_status":"open","ping_status":"closed","sticky":false,"template":"","format":"standard","meta":{"footnotes":""},"categories":[10],"tags":[],"class_list":["post-3637","post","type-post","status-publish","format-standard","hentry","category-premio-racconti-per-corti-2010"],"_links":{"self":[{"href":"https:\/\/www.raccontinellarete.it\/index.php?rest_route=\/wp\/v2\/posts\/3637"}],"collection":[{"href":"https:\/\/www.raccontinellarete.it\/index.php?rest_route=\/wp\/v2\/posts"}],"about":[{"href":"https:\/\/www.raccontinellarete.it\/index.php?rest_route=\/wp\/v2\/types\/post"}],"author":[{"embeddable":true,"href":"https:\/\/www.raccontinellarete.it\/index.php?rest_route=\/wp\/v2\/users\/1086"}],"replies":[{"embeddable":true,"href":"https:\/\/www.raccontinellarete.it\/index.php?rest_route=%2Fwp%2Fv2%2Fcomments&post=3637"}],"version-history":[{"count":0,"href":"https:\/\/www.raccontinellarete.it\/index.php?rest_route=\/wp\/v2\/posts\/3637\/revisions"}],"wp:attachment":[{"href":"https:\/\/www.raccontinellarete.it\/index.php?rest_route=%2Fwp%2Fv2%2Fmedia&parent=3637"}],"wp:term":[{"taxonomy":"category","embeddable":true,"href":"https:\/\/www.raccontinellarete.it\/index.php?rest_route=%2Fwp%2Fv2%2Fcategories&post=3637"},{"taxonomy":"post_tag","embeddable":true,"href":"https:\/\/www.raccontinellarete.it\/index.php?rest_route=%2Fwp%2Fv2%2Ftags&post=3637"}],"curies":[{"name":"wp","href":"https:\/\/api.w.org\/{rel}","templated":true}]}}