{"id":36324,"date":"2018-06-01T10:15:03","date_gmt":"2018-06-01T09:15:03","guid":{"rendered":"http:\/\/www.raccontinellarete.it\/?p=36324"},"modified":"2018-06-01T10:15:03","modified_gmt":"2018-06-01T09:15:03","slug":"premio-racconti-nella-rete-2018-lettera-a-mia-figlia-di-vanda-cutinelli","status":"publish","type":"post","link":"https:\/\/www.raccontinellarete.it\/?p=36324","title":{"rendered":"Premio Racconti nella Rete 2018 &#8220;Lettera a mia figlia&#8221; di Vanda Cutinelli"},"content":{"rendered":"<p>Cara figlia<\/p>\n<p>quando eri pi\u00f9 piccola in qualche occasione hai avuto da me bigliettini ed altro soprattutto in occasione di viaggi.<\/p>\n<p>Mi ricordo ancora\u00a0le fotocopie delle favole e i biglietti per l&#8217;Erasmus, qualche dedica sui libri e qualche biglietto un po&#8217; pi\u00f9 lungo in occasione di festivit\u00e0 o compleanni.<\/p>\n<p>Una lettera per\u00f2 non te l&#8217;ho scritta mai anche se forte \u00e8 stata la tentazione quando ti sei sposata e quando sono nati i tuoi figli<\/p>\n<p>Mi ha sempre fermata la paura di essere smielata o di scrivere qualcosa che ci commuovesse troppo, ma oggi sento che scrivere pu\u00f2 essere una cosa buona.<\/p>\n<p>Ti voglio confessare che in un primo momento la tua decisione di gestire i tuoi giorni di assenza in maniera diversa da come avevamo concordato da tempo mi ha fatto arrabbiare e mi ha anche ferita, ma devo dirti che passato il primo momento la cosa si \u00e8 molto ridimensionata.<\/p>\n<p>Riconosco che gestire con pi\u00f9 autonomia la famiglia \u00e8 sintomo di crescita, cos\u00ec come lo \u00e8 il vivere di pi\u00f9 in condivisione con tuo marito le piccole e grandi necessit\u00e0 giornaliere.<\/p>\n<p>Sono molto contenta di ci\u00f2, andare avanti \u00e8 una grande una vittoria che si paga con una grande fatica, ma che bello per una madre vedere come ce la stai facendo pur tra mille paure ed incertezze.<\/p>\n<p>Per cui bene cos\u00ec, chi meglio di te e tuo marito pu\u00f2 decidere cosa \u00e8 meglio per i vostri figli.<\/p>\n<p>Rimane certo da dire che il tuo cambiare le carte in tavola (cosa che hai fatto e fai anche per cose pi\u00f9 piccole) denota in te la certezza di sapere che comunque io ci sono, ma fa vivere a me quasi una condizione di sudditanza, come se tu pensassi che in fondo non ho una vita personale e che vivere quella degli altri sia la mia unica ambizione (ma questa forse \u00e8 una cosa che pensano tutti i figli).<\/p>\n<p>Non \u00e8 cos\u00ec a me piace partecipare alla vostra vita (di tutti e tre i figli) ma non perch\u00e9 non desidero o non ne ho una mia.<\/p>\n<p>Le mogli prima e le madri poi fanno questa scelta di anteporre gli altri a se stesse, ma non sempre questa \u00e8 una scelta vincente, almeno se non si conserva una propria identit\u00e0 e gli altri non percepiscono che questo non \u00e8 un annullamento della persona a beneficio altrui, ma una condivisone in cui ci deve essere reciprocit\u00e0.<\/p>\n<p>Io questa cosa non l&#8217;ho saputa vivere in nessun ambito e forse ti ho trasmesso qualche insicurezza.<\/p>\n<p>Tuo fratello mi ha ripetutamente detto che non ti ho lasciato crescere, sar\u00e0 vero?<\/p>\n<p>Non so, se l&#8217;aiutarti ci ha portato a questo mi dispiace e l&#8217;unica scusante \u00e8 che l&#8217;ho fatto in buona fede.<\/p>\n<p>Forse non tutte le cose, come dicono i proverbi, vengono per nuocere, e questa pu\u00f2 essere un&#8217;opportunit\u00e0, un&#8217;occasione di crescita per entrambe.<\/p>\n<p>Ti sembrer\u00e0 strano, ma di crescere non si finisce mai, anzi io penso che il giorno che si dovesse pensare di aver compiuto totalmente questa esperienza si cadrebbe in un grosso inganno.<\/p>\n<p>Quando eravate piccoli vi abbiamo insegnato tanto noi adulti, vi abbiamo insegnato con la fragilit\u00e0 degli esseri umani quello che conoscevamo e sapevamo, non abbiamo potuto fare nulla di pi\u00f9 e a volte abbiamo anche sbagliato.<\/p>\n<p>Ora, a volte, siete voi che crescendo insegnate qualcosa a noi&#8230;..\u00e8 cos\u00ec niente \u00e8 immobile per fortuna.<\/p>\n<p>Per cui tranquilla, avanti cos\u00ec&#8230;.. va tutto bene.<\/p>\n<p>Per quanto riguarda me non ti preoccupare e non pensare che attimi di fragilit\u00e0 determino il mio modo di approcciare la vita.<\/p>\n<p>Io in fondo al cuore penso sempre che se Dio ci ha fatto donne \u00e8 perch\u00e9 sapeva che si poteva fidare di noi.<\/p>\n<p>Non per niente anche le femministe si sono definite come &#8221; l&#8217;altra met\u00e0 del cielo&#8221;.<\/p>\n<p>Perci\u00f2 coraggio figlia, sei bella dolce e terribile come ogni donna.<\/p>\n<p>Ti abbraccio forte.<\/p>\n<p>&nbsp;<\/p>\n<p>Mamma<\/p>\n<p>&nbsp;<\/p>\n<p>P.S. E comunque quando serve io ci sono, sono qua, non smetto di essere tua madre<\/p>\n<p>&nbsp;<\/p>\n<div class=\"pvc_clear\"><\/div>\n<p id=\"pvc_stats_36324\" class=\"pvc_stats all  \" data-element-id=\"36324\" style=\"\"><i class=\"pvc-stats-icon medium\" aria-hidden=\"true\"><svg aria-hidden=\"true\" focusable=\"false\" data-prefix=\"far\" data-icon=\"chart-bar\" role=\"img\" xmlns=\"http:\/\/www.w3.org\/2000\/svg\" viewBox=\"0 0 512 512\" class=\"svg-inline--fa fa-chart-bar fa-w-16 fa-2x\"><path fill=\"currentColor\" d=\"M396.8 352h22.4c6.4 0 12.8-6.4 12.8-12.8V108.8c0-6.4-6.4-12.8-12.8-12.8h-22.4c-6.4 0-12.8 6.4-12.8 12.8v230.4c0 6.4 6.4 12.8 12.8 12.8zm-192 0h22.4c6.4 0 12.8-6.4 12.8-12.8V140.8c0-6.4-6.4-12.8-12.8-12.8h-22.4c-6.4 0-12.8 6.4-12.8 12.8v198.4c0 6.4 6.4 12.8 12.8 12.8zm96 0h22.4c6.4 0 12.8-6.4 12.8-12.8V204.8c0-6.4-6.4-12.8-12.8-12.8h-22.4c-6.4 0-12.8 6.4-12.8 12.8v134.4c0 6.4 6.4 12.8 12.8 12.8zM496 400H48V80c0-8.84-7.16-16-16-16H16C7.16 64 0 71.16 0 80v336c0 17.67 14.33 32 32 32h464c8.84 0 16-7.16 16-16v-16c0-8.84-7.16-16-16-16zm-387.2-48h22.4c6.4 0 12.8-6.4 12.8-12.8v-70.4c0-6.4-6.4-12.8-12.8-12.8h-22.4c-6.4 0-12.8 6.4-12.8 12.8v70.4c0 6.4 6.4 12.8 12.8 12.8z\" class=\"\"><\/path><\/svg><\/i> <img loading=\"lazy\" decoding=\"async\" width=\"16\" height=\"16\" alt=\"Loading\" src=\"https:\/\/www.raccontinellarete.it\/301\/wp-content\/plugins\/page-views-count\/ajax-loader-2x.gif\" border=0 \/><\/p>\n<div class=\"pvc_clear\"><\/div>\n","protected":false},"excerpt":{"rendered":"<p>Cara figlia quando eri pi\u00f9 piccola in qualche occasione hai avuto da me bigliettini ed altro soprattutto in occasione di viaggi. Mi ricordo ancora\u00a0le fotocopie delle favole e i biglietti per l&#8217;Erasmus, qualche dedica sui libri e qualche biglietto un po&#8217; pi\u00f9 lungo in occasione di festivit\u00e0 o compleanni. Una lettera per\u00f2 non te l&#8217;ho [&hellip;]<\/p>\n<div class=\"pvc_clear\"><\/div>\n<p id=\"pvc_stats_36324\" class=\"pvc_stats all  \" data-element-id=\"36324\" style=\"\"><i class=\"pvc-stats-icon medium\" aria-hidden=\"true\"><svg aria-hidden=\"true\" focusable=\"false\" data-prefix=\"far\" data-icon=\"chart-bar\" role=\"img\" xmlns=\"http:\/\/www.w3.org\/2000\/svg\" viewBox=\"0 0 512 512\" class=\"svg-inline--fa fa-chart-bar fa-w-16 fa-2x\"><path fill=\"currentColor\" d=\"M396.8 352h22.4c6.4 0 12.8-6.4 12.8-12.8V108.8c0-6.4-6.4-12.8-12.8-12.8h-22.4c-6.4 0-12.8 6.4-12.8 12.8v230.4c0 6.4 6.4 12.8 12.8 12.8zm-192 0h22.4c6.4 0 12.8-6.4 12.8-12.8V140.8c0-6.4-6.4-12.8-12.8-12.8h-22.4c-6.4 0-12.8 6.4-12.8 12.8v198.4c0 6.4 6.4 12.8 12.8 12.8zm96 0h22.4c6.4 0 12.8-6.4 12.8-12.8V204.8c0-6.4-6.4-12.8-12.8-12.8h-22.4c-6.4 0-12.8 6.4-12.8 12.8v134.4c0 6.4 6.4 12.8 12.8 12.8zM496 400H48V80c0-8.84-7.16-16-16-16H16C7.16 64 0 71.16 0 80v336c0 17.67 14.33 32 32 32h464c8.84 0 16-7.16 16-16v-16c0-8.84-7.16-16-16-16zm-387.2-48h22.4c6.4 0 12.8-6.4 12.8-12.8v-70.4c0-6.4-6.4-12.8-12.8-12.8h-22.4c-6.4 0-12.8 6.4-12.8 12.8v70.4c0 6.4 6.4 12.8 12.8 12.8z\" class=\"\"><\/path><\/svg><\/i> <img loading=\"lazy\" decoding=\"async\" width=\"16\" height=\"16\" alt=\"Loading\" src=\"https:\/\/www.raccontinellarete.it\/301\/wp-content\/plugins\/page-views-count\/ajax-loader-2x.gif\" border=0 \/><\/p>\n<div class=\"pvc_clear\"><\/div>\n","protected":false},"author":16301,"featured_media":0,"comment_status":"open","ping_status":"closed","sticky":false,"template":"","format":"standard","meta":{"footnotes":""},"categories":[483],"tags":[],"class_list":["post-36324","post","type-post","status-publish","format-standard","hentry","category-premio-racconti-nella-rete-2018"],"_links":{"self":[{"href":"https:\/\/www.raccontinellarete.it\/index.php?rest_route=\/wp\/v2\/posts\/36324"}],"collection":[{"href":"https:\/\/www.raccontinellarete.it\/index.php?rest_route=\/wp\/v2\/posts"}],"about":[{"href":"https:\/\/www.raccontinellarete.it\/index.php?rest_route=\/wp\/v2\/types\/post"}],"author":[{"embeddable":true,"href":"https:\/\/www.raccontinellarete.it\/index.php?rest_route=\/wp\/v2\/users\/16301"}],"replies":[{"embeddable":true,"href":"https:\/\/www.raccontinellarete.it\/index.php?rest_route=%2Fwp%2Fv2%2Fcomments&post=36324"}],"version-history":[{"count":3,"href":"https:\/\/www.raccontinellarete.it\/index.php?rest_route=\/wp\/v2\/posts\/36324\/revisions"}],"predecessor-version":[{"id":36363,"href":"https:\/\/www.raccontinellarete.it\/index.php?rest_route=\/wp\/v2\/posts\/36324\/revisions\/36363"}],"wp:attachment":[{"href":"https:\/\/www.raccontinellarete.it\/index.php?rest_route=%2Fwp%2Fv2%2Fmedia&parent=36324"}],"wp:term":[{"taxonomy":"category","embeddable":true,"href":"https:\/\/www.raccontinellarete.it\/index.php?rest_route=%2Fwp%2Fv2%2Fcategories&post=36324"},{"taxonomy":"post_tag","embeddable":true,"href":"https:\/\/www.raccontinellarete.it\/index.php?rest_route=%2Fwp%2Fv2%2Ftags&post=36324"}],"curies":[{"name":"wp","href":"https:\/\/api.w.org\/{rel}","templated":true}]}}