{"id":36012,"date":"2018-05-30T17:30:36","date_gmt":"2018-05-30T16:30:36","guid":{"rendered":"http:\/\/www.raccontinellarete.it\/?p=36012"},"modified":"2018-05-30T17:30:36","modified_gmt":"2018-05-30T16:30:36","slug":"premio-racconti-nella-rete-2018-nel-vento-di-nuccio-leotta","status":"publish","type":"post","link":"https:\/\/www.raccontinellarete.it\/?p=36012","title":{"rendered":"Premio Racconti nella Rete 2018 &#8220;Nel vento&#8221; di Nuccio Leotta"},"content":{"rendered":"<p align=\"JUSTIFY\">Immobile, con gli occhi socchiusi e l&#8217;orecchio teso a qualsiasi forma di suono. A guardarlo da lontano la sua sagoma strideva con il resto del paesaggio: una scogliera brulla, solo roccia, schiuma di onde infrante e vento. Vento. Lo cercava con ardore e passione, come se fosse un istinto di vita; in modo quasi involontario e maniacale.<\/p>\n<p align=\"JUSTIFY\">Mosse un passo, ad avvicinarsi all&#8217;orlo, laddove finisce la terra e il vento si inerpica sbattendo, urlando, schiacciandosi contro la pietra. Si accosci\u00f2, prese da una tasca un taccuino e lo aprii. Tir\u00f2 fuori una penna e la tenne sospesa in aria, nell&#8217;indefinibile spazio abitando soltanto dal vento.<\/p>\n<p align=\"JUSTIFY\">Rimase fermo alcuni istanti interminabili, accarezzato, molestato, avvinghiato da continue folate. Allung\u00f2 il collo, osserv\u00f2 lontano, lungo un fantasticato tragitto solcato dal vento. <i>Appiccicoso, caldo, forte, soffia da sud<\/i>, pens\u00f2, <i>\u00e8 scirocco: il vento del deserto<\/i>. Sorrise con una smorfia strana, che pareva quasi malinconica. Andrea, da anni ormai, si recava tutte le sere presso la scogliera di Capo Colonna. Era il posto giusto, pensava, solo l\u00ec poteva cogliere la forma del vento e, chiss\u00e0, magari trovare la storia che continuava a negarsi alla sua penna.<\/p>\n<p align=\"JUSTIFY\">\u201cCiao. Chi sei?\u201d. Lo colse di sorpresa e lo spavent\u00f2, nonostante quella vocina esile e minuta fu quasi immediatamente ingurgitata dal vento. Andrea si volt\u00f2 e osserv\u00f2 il bambino che lo aveva salutato.<\/p>\n<p align=\"JUSTIFY\">Gli sorrise e gli si fece accanto. Il bambino si sedette su una roccia osservando il mare. \u201cMi chiamo Andrea\u201d, gli disse alzando la voce per contrastare la veemenza del vento. Il bimbo sorrise, il bianco dei suoi denti luccic\u00f2 a contrasto col nero ebano della sua pelle. \u201cIo mi chiamo Mahamadou \u2026 chi sei?\u201d.<\/p>\n<p align=\"JUSTIFY\">Per un istante, Andrea non seppe cosa dire, osserv\u00f2 il mare gorgogliante all&#8217;orizzonte e cerc\u00f2 una risposta plausibile. \u201cSono uno scrittore\u201d, gli disse. \u201cUno scrittore? E cosa scrivi?\u201d, gli chiese il piccolo Mahamadou. \u201cNon ho ancora scritto nulla, in realt\u00e0\u201d. \u201cUno scrittore che non scrive. Curioso\u201d, borbott\u00f2 il bambino. \u201cSto cercando la mia storia, ma ancora non l&#8217;ho trovata \u2026 tu, invece, chi sei?\u201d. Mahamadou rimase incantato ad osservare il mare, pareva intento a cercare chiss\u00e0 cosa in lontananza. \u201cIo vivo al campo per profughi. Sono arrivato da pochi giorni. Aspetto mio padre\u201d.<\/p>\n<p align=\"JUSTIFY\">\u201cCosa ci sei venuto a fare qui?\u201d, chiese insistente Andrea. \u201cAspetto mio padre, te l&#8217;ho detto\u201d. \u201cLo aspetti qui? Sulla scogliera?\u201d. \u201cNon proprio qui. Dal mare, dovrebbe venire dal mare\u201d rispose Mahamadou. \u201cNon capisco\u201d. \u201cUna settimana fa, mentre attraversavamo il mare in barca con gli altri, un&#8217;onda lo ha fatto cadere in acqua. Io ho cercato di allungare una mano per prenderlo ma non ci sono riuscito. Lui mi ha urlato che sarebbe tornato\u201d.<\/p>\n<p align=\"JUSTIFY\">Andrea non seppe cosa dire, rimase in silenzio, si incupii di una sinistra malinconia. \u201cPrima o poi lo vedr\u00f2 nuotare la in mezzo alle onde\u201d, disse Mahamadou con voce allegra.<\/p>\n<p align=\"JUSTIFY\">\u201cLo hai sentito anche tu vero?\u201d, chiese Mahamadou ad Andrea. \u201cCosa?\u201d. \u201cUna voce nel vento, dai, non l&#8217;hai sentita?\u201d. \u201cVeramente no. Che voce?\u201d, chiese Andrea. \u201cMio padre mi diceva sempre che il vento sa portarci i sussurri dei nostri cari, se siamo in grado di ascoltarlo \u2026 sono certo che era la sua voce. Torner\u00e0\u201d.<\/p>\n<p align=\"JUSTIFY\">Il vespro stava esalando gli ultimi bagliori agli angoli del cielo, il mare tuonava contro la scogliera e nella spuma bianca il vento faceva razzia d&#8217;acqua.<\/p>\n<p align=\"JUSTIFY\">\u201cUno scrittore che non scrive. Che strano che sei\u201d, disse Mahamadou alzandosi. Andrea lo guard\u00f2, sorridendogli appena, incapace di velare una commovente malinconia che gli stava percuotendo l&#8217;epidermide. \u201cMi sembri triste. Vedrai che troverai la tua storia. A volte se ci si crede con forza, le cose capitano davvero\u201d, gli disse il bambino allontanandosi verso la strada.<\/p>\n<p align=\"JUSTIFY\">Andrea si alz\u00f2, lasci\u00f2 che i suoi capelli fossero maltrattati dal vento, incant\u00f2 ancora una volta osservando il respiro del mare, riprese il taccuino e la penna. Immobile, fermo sul ciglio della scogliera, occhi socchiusi e orecchio teso. \u201cBambino mio\u201d, sentii distintamente nei riverberi dello scirocco. Sorpreso si guard\u00f2 attorno: nessuno. Il bambino era scomparso tra le anse della strada. Era rimasto solo lui, la spuma delle onde infrante e il vento.<\/p>\n<p align=\"JUSTIFY\">\n<div class=\"pvc_clear\"><\/div>\n<p id=\"pvc_stats_36012\" class=\"pvc_stats all  \" data-element-id=\"36012\" style=\"\"><i class=\"pvc-stats-icon medium\" aria-hidden=\"true\"><svg aria-hidden=\"true\" focusable=\"false\" data-prefix=\"far\" data-icon=\"chart-bar\" role=\"img\" xmlns=\"http:\/\/www.w3.org\/2000\/svg\" viewBox=\"0 0 512 512\" class=\"svg-inline--fa fa-chart-bar fa-w-16 fa-2x\"><path fill=\"currentColor\" d=\"M396.8 352h22.4c6.4 0 12.8-6.4 12.8-12.8V108.8c0-6.4-6.4-12.8-12.8-12.8h-22.4c-6.4 0-12.8 6.4-12.8 12.8v230.4c0 6.4 6.4 12.8 12.8 12.8zm-192 0h22.4c6.4 0 12.8-6.4 12.8-12.8V140.8c0-6.4-6.4-12.8-12.8-12.8h-22.4c-6.4 0-12.8 6.4-12.8 12.8v198.4c0 6.4 6.4 12.8 12.8 12.8zm96 0h22.4c6.4 0 12.8-6.4 12.8-12.8V204.8c0-6.4-6.4-12.8-12.8-12.8h-22.4c-6.4 0-12.8 6.4-12.8 12.8v134.4c0 6.4 6.4 12.8 12.8 12.8zM496 400H48V80c0-8.84-7.16-16-16-16H16C7.16 64 0 71.16 0 80v336c0 17.67 14.33 32 32 32h464c8.84 0 16-7.16 16-16v-16c0-8.84-7.16-16-16-16zm-387.2-48h22.4c6.4 0 12.8-6.4 12.8-12.8v-70.4c0-6.4-6.4-12.8-12.8-12.8h-22.4c-6.4 0-12.8 6.4-12.8 12.8v70.4c0 6.4 6.4 12.8 12.8 12.8z\" class=\"\"><\/path><\/svg><\/i> <img loading=\"lazy\" decoding=\"async\" width=\"16\" height=\"16\" alt=\"Loading\" src=\"https:\/\/www.raccontinellarete.it\/301\/wp-content\/plugins\/page-views-count\/ajax-loader-2x.gif\" border=0 \/><\/p>\n<div class=\"pvc_clear\"><\/div>\n","protected":false},"excerpt":{"rendered":"<p>Immobile, con gli occhi socchiusi e l&#8217;orecchio teso a qualsiasi forma di suono. A guardarlo da lontano la sua sagoma strideva con il resto del paesaggio: una scogliera brulla, solo roccia, schiuma di onde infrante e vento. Vento. Lo cercava con ardore e passione, come se fosse un istinto di vita; in modo quasi involontario [&hellip;]<\/p>\n<div class=\"pvc_clear\"><\/div>\n<p id=\"pvc_stats_36012\" class=\"pvc_stats all  \" data-element-id=\"36012\" style=\"\"><i class=\"pvc-stats-icon medium\" aria-hidden=\"true\"><svg aria-hidden=\"true\" focusable=\"false\" data-prefix=\"far\" data-icon=\"chart-bar\" role=\"img\" xmlns=\"http:\/\/www.w3.org\/2000\/svg\" viewBox=\"0 0 512 512\" class=\"svg-inline--fa fa-chart-bar fa-w-16 fa-2x\"><path fill=\"currentColor\" d=\"M396.8 352h22.4c6.4 0 12.8-6.4 12.8-12.8V108.8c0-6.4-6.4-12.8-12.8-12.8h-22.4c-6.4 0-12.8 6.4-12.8 12.8v230.4c0 6.4 6.4 12.8 12.8 12.8zm-192 0h22.4c6.4 0 12.8-6.4 12.8-12.8V140.8c0-6.4-6.4-12.8-12.8-12.8h-22.4c-6.4 0-12.8 6.4-12.8 12.8v198.4c0 6.4 6.4 12.8 12.8 12.8zm96 0h22.4c6.4 0 12.8-6.4 12.8-12.8V204.8c0-6.4-6.4-12.8-12.8-12.8h-22.4c-6.4 0-12.8 6.4-12.8 12.8v134.4c0 6.4 6.4 12.8 12.8 12.8zM496 400H48V80c0-8.84-7.16-16-16-16H16C7.16 64 0 71.16 0 80v336c0 17.67 14.33 32 32 32h464c8.84 0 16-7.16 16-16v-16c0-8.84-7.16-16-16-16zm-387.2-48h22.4c6.4 0 12.8-6.4 12.8-12.8v-70.4c0-6.4-6.4-12.8-12.8-12.8h-22.4c-6.4 0-12.8 6.4-12.8 12.8v70.4c0 6.4 6.4 12.8 12.8 12.8z\" class=\"\"><\/path><\/svg><\/i> <img loading=\"lazy\" decoding=\"async\" width=\"16\" height=\"16\" alt=\"Loading\" src=\"https:\/\/www.raccontinellarete.it\/301\/wp-content\/plugins\/page-views-count\/ajax-loader-2x.gif\" border=0 \/><\/p>\n<div class=\"pvc_clear\"><\/div>\n","protected":false},"author":16269,"featured_media":0,"comment_status":"open","ping_status":"closed","sticky":false,"template":"","format":"standard","meta":{"footnotes":""},"categories":[483],"tags":[],"class_list":["post-36012","post","type-post","status-publish","format-standard","hentry","category-premio-racconti-nella-rete-2018"],"_links":{"self":[{"href":"https:\/\/www.raccontinellarete.it\/index.php?rest_route=\/wp\/v2\/posts\/36012"}],"collection":[{"href":"https:\/\/www.raccontinellarete.it\/index.php?rest_route=\/wp\/v2\/posts"}],"about":[{"href":"https:\/\/www.raccontinellarete.it\/index.php?rest_route=\/wp\/v2\/types\/post"}],"author":[{"embeddable":true,"href":"https:\/\/www.raccontinellarete.it\/index.php?rest_route=\/wp\/v2\/users\/16269"}],"replies":[{"embeddable":true,"href":"https:\/\/www.raccontinellarete.it\/index.php?rest_route=%2Fwp%2Fv2%2Fcomments&post=36012"}],"version-history":[{"count":2,"href":"https:\/\/www.raccontinellarete.it\/index.php?rest_route=\/wp\/v2\/posts\/36012\/revisions"}],"predecessor-version":[{"id":36066,"href":"https:\/\/www.raccontinellarete.it\/index.php?rest_route=\/wp\/v2\/posts\/36012\/revisions\/36066"}],"wp:attachment":[{"href":"https:\/\/www.raccontinellarete.it\/index.php?rest_route=%2Fwp%2Fv2%2Fmedia&parent=36012"}],"wp:term":[{"taxonomy":"category","embeddable":true,"href":"https:\/\/www.raccontinellarete.it\/index.php?rest_route=%2Fwp%2Fv2%2Fcategories&post=36012"},{"taxonomy":"post_tag","embeddable":true,"href":"https:\/\/www.raccontinellarete.it\/index.php?rest_route=%2Fwp%2Fv2%2Ftags&post=36012"}],"curies":[{"name":"wp","href":"https:\/\/api.w.org\/{rel}","templated":true}]}}