{"id":35856,"date":"2018-05-29T16:47:04","date_gmt":"2018-05-29T15:47:04","guid":{"rendered":"http:\/\/www.raccontinellarete.it\/?p=35856"},"modified":"2018-05-29T16:47:04","modified_gmt":"2018-05-29T15:47:04","slug":"premio-racconti-nella-rete-2018-luce-turchese-di-marianna-guida","status":"publish","type":"post","link":"https:\/\/www.raccontinellarete.it\/?p=35856","title":{"rendered":"Premio Racconti nella Rete 2018 &#8220;Luce turchese&#8221; di Marianna Guida"},"content":{"rendered":"<p>Sono degli orecchini con una piccola pietra di turchese, il cui baluginio \u00e8 appena intuibile e la fine cesellatura si rivela solo all\u2019occhio esperto di chi sa apprezzare gli oggetti antichi, quelli da cui si sprigiona il calore delle storie personali che chiedono solo di essere raccontate. Sono appartenuti a mia madre e, fra monili, suppellettili, vestiti, libri, medicine che\u00a0 ingombrano questo tavolo, sono loro a\u00a0 parlarmi di lei, con la\u00a0 lingua delle cose vive, materia inerte che si fa racconto. Fra i tanti oggetti, solo loro, in questo pomeriggio di maggio, mi parlano.<\/p>\n<p>Forse sono stati comprati in un pomeriggio autunnale, di quelli che a Napoli avvolgono la citt\u00e0 in una sorta di pellicola sporca, quando la caligine spessa rende il passo pi\u00f9 frettoloso ma anche vacillante, perch\u00e9 la pioggia proietta gli animi un po\u2019 pi\u00f9 dentro di s\u00e9, alla ricerca di un riparo. Forse \u00e8 stato in uno di questi pomeriggi che lei, Cecilia, li ha visti nella vetrina del gioielliere, dentro un elegante astuccio ricoperto di velluto blu, una confezione che poteva solo far intuire una provenienza altera, vezzosa e sdegnosa al contempo. Piccoli orecchini di turchese, delle dimensioni che \u00e8 giusto abbiano i gioielli, non pretenziosi e senza alcuna velleit\u00e0 di apparire a tutti i costi, ma manifestandosi allo sguardo di chi solo sa capirne il brillio e la fine fattura. Il turchese, poi, era come il vento azzurro su una spiaggia a settembre e la chiusura, invece, di quelle antiche, a scatto, dietro il lobo dell\u2019orecchio. Potrebbe esserci andata sola, ma \u00e8 molto pi\u00f9 probabile che la madre l\u2019abbia accompagnata, pronta a dispensare consigli sulla legge del buon gusto. Si saranno intrattenute nel negozio dai pannelli di legno, illuminati dalle gioie disposte sui ripiani, mentre l\u2019orefice ne decantava le qualit\u00e0 e la fine lavorazione. Era il suo secondo stipendio, nei primi anni \u201950, e lei voleva spenderlo cos\u00ec, senza strafare, ma siglando con un certo autocompiacimento il traguardo raggiunto, mentre la madre, pur approvando, avrebbe magari gradito l\u2019acquisto di un gioiello pi\u00f9 vistoso. Ma lei li voleva cos\u00ec, poco appariscenti.<\/p>\n<p>Quegli orecchini hanno attraversato, poi, le domeniche dalla suocera, in mezzo ai nuovi parenti, nelle riunioni di famiglia nelle quali provava a dissimulare quel lieve rossore che doveva affiorarle sulle guance, e di cui smorzava l\u2019insorgere attraverso una parlata veloce e musicale, mentre difficilmente si accorgeva degli sguardi invidiosi delle altre donne e dell\u2019incanto che sapeva suscitare negli uomini. Quegli stessi orecchini ce li siamo contesi, mia madre e io quando ero ormai diventata una giovane donna, desiderosa di manifestare una femminilit\u00e0 priva di ridondanze, un po\u2019 sorvegliata, antica, e come timorosa di risultare sfacciata e seduttiva. Proprio come era successo a lei. Glieli chiedevo implorante, adducendo motivazioni vaghe che rimandavano all\u2019abbigliamento color celeste che richiedeva, appunto, di essere ravvivato dall\u2019intenso turchese del gioiello. Lei, pur generosa, appariva un po\u2019 riluttante a cedermeli, forse perch\u00e9 temeva la mia trascuratezza con gli oggetti, a cui, effettivamente, ho sempre dato scarsa attenzione. Temeva, non a torto, che li potessi perdere. Quando poi li avevo nel giorno della rapina sul pullman, mentre un giovane drogato, brandendo con sguardo vitreo il suo coltello, m\u2019intim\u00f2: \u201d<em>Ramm tutt cos\u201d<\/em> (dammi tutto quello che hai addosso), gli orecchini sono rimasti al loro posto, cio\u00e8 saldamente ancorati al lobo delle mie orecchie, ignorati per la fine fattura, per il loro scarso esibizionismo, per la loro piccolezza. Certo, quando il coltello oscillava instabile nelle mani del giovane, io ho dovuto separarmi a malincuore dalla fede nuziale e dai pochi spiccioli che c\u2019erano nel portamonete. Ma loro no, le pietre d\u2019estate sono rimaste l\u00ec. \u00a0Anni e anni dopo, durante il rovinoso furto in casa dei miei, quando gli oggetti antichi delle nonne e i regali di mio padre finirono nei borsoni nei ladri, ammassati in modo confuso e indistinto nel fondo di qualche zaino, poveri oggetti smarriti che avrebbero perso la loro traccia e la loro storia, ecco, quegli orecchini, ancora una volta, vennero ignorati, ritenuti non all\u2019altezza dei loro cugini d\u2019oro giallo. Scampati anche a quel furto, sono stati quasi venerati come un idolo pagano, circonfusi com\u2019erano da un alone di invisibilit\u00e0, proprio come il mantello di Harry Potter o l\u2019anello magico dell\u2019Orlando furioso. \u00a0Lei ha continuato a metterli, con la tipica civetteria delle signore anziane che indossano abiti buoni e gioielli, aspettandosi non che dissimulino gli anni ( anche se a lei avrebbe fatto piacere togliersene qualcuno), ma che siano una testimonianza contro quell\u2019oblio che avvertono incombente e minaccioso, dietro l\u2019angolo, pronto a ghermirsi il passato. Quegli orecchini sono adesso saldamente ancorati sui lobi delle mie orecchie, sono la mia scommessa contro l\u2019oblio, sono il patto con la persistenza della memoria.<\/p>\n<p>&nbsp;<\/p>\n<div class=\"pvc_clear\"><\/div>\n<p id=\"pvc_stats_35856\" class=\"pvc_stats all  \" data-element-id=\"35856\" style=\"\"><i class=\"pvc-stats-icon medium\" aria-hidden=\"true\"><svg aria-hidden=\"true\" focusable=\"false\" data-prefix=\"far\" data-icon=\"chart-bar\" role=\"img\" xmlns=\"http:\/\/www.w3.org\/2000\/svg\" viewBox=\"0 0 512 512\" class=\"svg-inline--fa fa-chart-bar fa-w-16 fa-2x\"><path fill=\"currentColor\" d=\"M396.8 352h22.4c6.4 0 12.8-6.4 12.8-12.8V108.8c0-6.4-6.4-12.8-12.8-12.8h-22.4c-6.4 0-12.8 6.4-12.8 12.8v230.4c0 6.4 6.4 12.8 12.8 12.8zm-192 0h22.4c6.4 0 12.8-6.4 12.8-12.8V140.8c0-6.4-6.4-12.8-12.8-12.8h-22.4c-6.4 0-12.8 6.4-12.8 12.8v198.4c0 6.4 6.4 12.8 12.8 12.8zm96 0h22.4c6.4 0 12.8-6.4 12.8-12.8V204.8c0-6.4-6.4-12.8-12.8-12.8h-22.4c-6.4 0-12.8 6.4-12.8 12.8v134.4c0 6.4 6.4 12.8 12.8 12.8zM496 400H48V80c0-8.84-7.16-16-16-16H16C7.16 64 0 71.16 0 80v336c0 17.67 14.33 32 32 32h464c8.84 0 16-7.16 16-16v-16c0-8.84-7.16-16-16-16zm-387.2-48h22.4c6.4 0 12.8-6.4 12.8-12.8v-70.4c0-6.4-6.4-12.8-12.8-12.8h-22.4c-6.4 0-12.8 6.4-12.8 12.8v70.4c0 6.4 6.4 12.8 12.8 12.8z\" class=\"\"><\/path><\/svg><\/i> <img loading=\"lazy\" decoding=\"async\" width=\"16\" height=\"16\" alt=\"Loading\" src=\"https:\/\/www.raccontinellarete.it\/301\/wp-content\/plugins\/page-views-count\/ajax-loader-2x.gif\" border=0 \/><\/p>\n<div class=\"pvc_clear\"><\/div>\n","protected":false},"excerpt":{"rendered":"<p>Sono degli orecchini con una piccola pietra di turchese, il cui baluginio \u00e8 appena intuibile e la fine cesellatura si rivela solo all\u2019occhio esperto di chi sa apprezzare gli oggetti antichi, quelli da cui si sprigiona il calore delle storie personali che chiedono solo di essere raccontate. Sono appartenuti a mia madre e, fra monili, [&hellip;]<\/p>\n<div class=\"pvc_clear\"><\/div>\n<p id=\"pvc_stats_35856\" class=\"pvc_stats all  \" data-element-id=\"35856\" style=\"\"><i class=\"pvc-stats-icon medium\" aria-hidden=\"true\"><svg aria-hidden=\"true\" focusable=\"false\" data-prefix=\"far\" data-icon=\"chart-bar\" role=\"img\" xmlns=\"http:\/\/www.w3.org\/2000\/svg\" viewBox=\"0 0 512 512\" class=\"svg-inline--fa fa-chart-bar fa-w-16 fa-2x\"><path fill=\"currentColor\" d=\"M396.8 352h22.4c6.4 0 12.8-6.4 12.8-12.8V108.8c0-6.4-6.4-12.8-12.8-12.8h-22.4c-6.4 0-12.8 6.4-12.8 12.8v230.4c0 6.4 6.4 12.8 12.8 12.8zm-192 0h22.4c6.4 0 12.8-6.4 12.8-12.8V140.8c0-6.4-6.4-12.8-12.8-12.8h-22.4c-6.4 0-12.8 6.4-12.8 12.8v198.4c0 6.4 6.4 12.8 12.8 12.8zm96 0h22.4c6.4 0 12.8-6.4 12.8-12.8V204.8c0-6.4-6.4-12.8-12.8-12.8h-22.4c-6.4 0-12.8 6.4-12.8 12.8v134.4c0 6.4 6.4 12.8 12.8 12.8zM496 400H48V80c0-8.84-7.16-16-16-16H16C7.16 64 0 71.16 0 80v336c0 17.67 14.33 32 32 32h464c8.84 0 16-7.16 16-16v-16c0-8.84-7.16-16-16-16zm-387.2-48h22.4c6.4 0 12.8-6.4 12.8-12.8v-70.4c0-6.4-6.4-12.8-12.8-12.8h-22.4c-6.4 0-12.8 6.4-12.8 12.8v70.4c0 6.4 6.4 12.8 12.8 12.8z\" class=\"\"><\/path><\/svg><\/i> <img loading=\"lazy\" decoding=\"async\" width=\"16\" height=\"16\" alt=\"Loading\" src=\"https:\/\/www.raccontinellarete.it\/301\/wp-content\/plugins\/page-views-count\/ajax-loader-2x.gif\" border=0 \/><\/p>\n<div class=\"pvc_clear\"><\/div>\n","protected":false},"author":16209,"featured_media":0,"comment_status":"open","ping_status":"closed","sticky":false,"template":"","format":"standard","meta":{"footnotes":""},"categories":[483],"tags":[],"class_list":["post-35856","post","type-post","status-publish","format-standard","hentry","category-premio-racconti-nella-rete-2018"],"_links":{"self":[{"href":"https:\/\/www.raccontinellarete.it\/index.php?rest_route=\/wp\/v2\/posts\/35856"}],"collection":[{"href":"https:\/\/www.raccontinellarete.it\/index.php?rest_route=\/wp\/v2\/posts"}],"about":[{"href":"https:\/\/www.raccontinellarete.it\/index.php?rest_route=\/wp\/v2\/types\/post"}],"author":[{"embeddable":true,"href":"https:\/\/www.raccontinellarete.it\/index.php?rest_route=\/wp\/v2\/users\/16209"}],"replies":[{"embeddable":true,"href":"https:\/\/www.raccontinellarete.it\/index.php?rest_route=%2Fwp%2Fv2%2Fcomments&post=35856"}],"version-history":[{"count":2,"href":"https:\/\/www.raccontinellarete.it\/index.php?rest_route=\/wp\/v2\/posts\/35856\/revisions"}],"predecessor-version":[{"id":35935,"href":"https:\/\/www.raccontinellarete.it\/index.php?rest_route=\/wp\/v2\/posts\/35856\/revisions\/35935"}],"wp:attachment":[{"href":"https:\/\/www.raccontinellarete.it\/index.php?rest_route=%2Fwp%2Fv2%2Fmedia&parent=35856"}],"wp:term":[{"taxonomy":"category","embeddable":true,"href":"https:\/\/www.raccontinellarete.it\/index.php?rest_route=%2Fwp%2Fv2%2Fcategories&post=35856"},{"taxonomy":"post_tag","embeddable":true,"href":"https:\/\/www.raccontinellarete.it\/index.php?rest_route=%2Fwp%2Fv2%2Ftags&post=35856"}],"curies":[{"name":"wp","href":"https:\/\/api.w.org\/{rel}","templated":true}]}}