{"id":35837,"date":"2018-05-30T17:51:04","date_gmt":"2018-05-30T16:51:04","guid":{"rendered":"http:\/\/www.raccontinellarete.it\/?p=35837"},"modified":"2018-05-30T17:52:31","modified_gmt":"2018-05-30T16:52:31","slug":"premio-racconti-nella-rete-2018-julio-di-sergio-saponati","status":"publish","type":"post","link":"https:\/\/www.raccontinellarete.it\/?p=35837","title":{"rendered":"Premio Racconti nella Rete 2018 &#8220;Julio&#8221; di Sergio Saponati"},"content":{"rendered":"<p>Arrivato a casa, Julio mi corse incontro, mi abbracci\u00f2 e baciandomi mi disse:&#8221;Ciao, pap\u00e0, bentornato!&#8221;. Ero felice e l&#8217;abbracciai forte forte. Apro gli occhi e mi sveglio. &#8230;Erta un sogno. Julio \u00e8 l\u00ec, accanto a me, nel lettone, e mi abbraccia da dietro, come fa sempre, stuzzicandomi i capelli. E&#8217; lui che mi ha svegliato. Si alza seduto sul letto, mi guarda e mi dice: &#8220;Mamma, mamma!&#8221;. E&#8217; il suo buongiorno e &#8220;mamma&#8221; \u00e8 l&#8217;unica parola che dice, modulandola in tanti modi per dire e comunicare le tante cose che ha da dire e da comunicare. Chiss\u00e0 se un giorno riuscir\u00e0 veramente a dirmi cose, a parlare. Chiss\u00e0!!! Ha un ritardo cognitivo e non \u00e8 verbale, il mio bel bambino di 13 anni compiuti, forte fisicamente e sempre sorridente, buono e dolce di carattere. Julio \u00e8 il mio bimbo\/ragazzino che ha frequentato quest&#8217;anno la 1^ media. E&#8217; moro, con gli occhi neri, un bel fisichetto asciutto, asciutto, quasi magro ed \u00e8 molto dinamico, sempre in movimento durante tutto il giorno, senza quasi mai riposare. Si contano sulle dita le volte che,\u00a0 da tre anni in su, ha dormito il pomeriggio. Comunque \u00e8 di appetito e mangia quasi tutto. Non gli piace il pesce lesso e l&#8217;insalata. Ha un fratello maggiore che non si chiama Thai, ma che noi chiameremo Thai, cos\u00ec come lo chiamava Julio quando era pi\u00f9 piccolo. Ora non lo chiama pi\u00f9 Thai, ma neanche cos\u00ec come si chiama, perch\u00e9 Julio non parla, non dice una parola; anzi una parola la dice, quella parola che ha acquisito da circa tre anni, ed \u00e8 &#8220;mamma&#8221;. &#8220;Mamma&#8221; &#8220;mamma&#8221; dice, rivolgendosi a Nico, mia moglie, che non perde occasione per chiedergli &#8220;Chi sono\u00a0 io?&#8221;, oppure &#8220;Dimmi mamma!&#8221; e lui, guardandola e sorridendo dice &#8220;Mamma!&#8221;. Quand&#8217;era pi\u00f9 piccolo diceva a volte anche &#8220;Tata&#8221; oppure &#8220;Giza&#8221;, come appunto la tata che ci lava e ci stira da tempo la biancheria dei ragazzi, forse ancora per poco, perch\u00e9 \u00e8 vecchierella, canuta e stanca e non \u00e8 una battuta. Julio non parla perch\u00e9 ha un ritardo cognitivo dovuto ad una epilessia farmacoresistente insorta a sei mesi di et\u00e0, che ha cominciato a manifestarsi a quattro giorni dalla somministrazione del vaccino esavalente e che tuttora persiste con crisi a cadenza settimanale o poco pi\u00f9. Uno o due giorni prima della crisi Julio \u00e8 pi\u00f9 irrequieto e compulsivo. Quasi sempre le crisi gli prendono di notte. Lui \u00e8 l\u00ec che dorme come un angelo&#8230;, all&#8217;improvviso si sveglia, si alza sul letto, poi, ricadendo sul letto, si irrigidisce e cominciano gli\u00a0 spasmi che durano, progressivamente calando fino ad esaurirsi, 5, 6 minuti. Poi Julio, spossato, si riaddormenta ed \u00e8 di nuovo un angelo, un angelo ancora pi\u00f9 bello. Sei tu, perfida Epilepsia, che fai soffrire Julio, che lo tormenti, sei tu che fai piangere di dolore tutti noi che gli vogliamo bene! Quando Julio aveva circa due anni ho scritto una poesia dedicata a lui ed alla sua epilessia, della quale cito un frammento:&#8221; Hai scelto un dolce cucciolo, un tenero bambino, da stuzzicare e mordere con morsi voluttuosi, sottili e dispettosi; &#8230;&#8230;poi te ne torni via e dopo un p\u00f2 ritorni per assalir di nuovo grignando col sardonico tuo riso. Non ti aspettavo io, n\u00e9 lei, n\u00e9 lui, lo sai; nessuno mai t&#8217;aspetta, sei straniera ed indesiderata. All&#8217;improvviso arrivi; come una belva, come un lupo nero, t&#8217;avventi sulla preda, l&#8217;attacchi sulla schiena. Ma un giorno io ti abbraccer\u00f2 e poi ti stringer\u00f2, soffocher\u00f2 i tentacoli di questa tua inquietudine. Si, io ti uccider\u00f2 e insieme moriremo in un amplesso isterico che lascia solitudine. &#8230;.E dopo che sfiniti, sparuti e incanutiti avremo sciolto i nodi dell&#8217;eterna tensione, libereremo Julio, libereremo angeli e un candido aquilone, lasciandoli volare su nel celeste cielo&#8230;&#8221;. Che dire? Il mio bambino fino a sei mesi non aveva nulla, si dice cos\u00ec per affermare che era sano come un pesce. Poi l&#8217;inferno. Il cielo si \u00e8 squarciato ed il terreno si \u00e8 aperto sotto i piedi; un terremoto, una tempesta di neve e grandine che ci ha travolto e ghiacciato. Abbiamo pianto calde lacrime irrompenti, a lungo, per giorni, fino a prosciugarci gli occhi. Analisi, risonanze ed elettroencefalogrammi che ci hanno sentenziato un quadro malformativo nella parte sinistra dell&#8217;emisfero cerebrale. Julio avrebbe potuto perdere anche l&#8217;uso della parte destra\u00a0 degli arti superiori. Cos\u00ec, per fortuna, non \u00e8 stato, visto che \u00e8 un ragazzino agile e snello, forte e pieno di vita. La risonanza magnetica fatta a cinque anni, per\u00f2, non ha rilevato pi\u00f9 alcuna malformazione cerebrale. L&#8217;epilessia di Julio \u00e8 definita di origine criptogenetica, cio\u00e8 una epilessia di cui non si conosce, al momento, la causa scatenante. La Medicina e Ippocrate non escludono la causa-effetto di quel vaccino esavalente, ma nemmeno la negano. Praticamente un impenetrabile ed abulico limbo. La nostra vita, da quel momento, \u00e8 stata un calvario; mi sono sentito crocifisso, come Cristo, coi chiodi della sofferenza e dell&#8217;epilessia che mi penetravano nella carne, sbranandomi le mani, con la corona di spine che mi trafiggeva le tempie grondanti sangue. Il tempo \u00e8 passato ed ha lenito le ferite, ha definito i contorni della malattia di Julio, ha aggiustato il tiro nella diagnosi\u00a0 e nelle cure che gli abbiamo prodigato, con l&#8217;aiuto del neuropsichiatra, di specialisti, di logopediste e psicomotriciste. L&#8217;efficace e premurosa zia Lula, il sempre presente zio Nano, la scuola, i compagni, le insegnanti, i parenti e gli amici hanno fatto il resto. Julio ama correre&#8230;sui prati, per strada, in passeggiata ed in riva al mare. Lui corre, scappa, non so da chi e da cosa e nemmeno lui lo sa, ma scappa, voltandosi indietro per vedere se viene raggiunto ed io, fra me e me, penso: &#8220;Bravo, scappa, non ti fare prendere!&#8221;. Julio ama l&#8217;acqua; \u00e8 un pesciolino&#8230;.un cavalluccio marino. Quand&#8217;era pi\u00f9 piccolo e si andava al mare, non si faceva in tempo ad arrivare all&#8217;ombrellone che lui spiccava la corsa e si dirigeva verso la battigia per poi tuffarsi in mare&#8230;e tu dietro a rincorrerlo! Fra le varie attivit\u00e0 psicoterapeutiche che Julio fa c&#8217;\u00e8, appunto, anche il nuoto,\u00a0 che, insieme all&#8217;ippoterapia, sono le sue preferite. Si va in piscina e con la Manu, l&#8217;educatrice, la sua ninfa acquatica, nuota allegro nell&#8217;acqua, sguazza muovendo le braccia e le gambe ed ha imparato gi\u00e0 a stare a galla nuotando per brevi tratti e aggrappandosi al primo appiglio che trova con un sospiro di sollievo e ridendo allegramente. Il nuoto ha armonizzato e fortificato il suo fisico. Con la sua delfina c&#8217;\u00e8 un feeling particolare: si abbracciano in acqua, si sorridono, nuotano insieme facendo giochi acquatici e sono teneri vederli che si stringono cingendosi le braccia al collo reciprocamente. Speriamo che questo sodalizio possa continuare nel tempo; magari, fra qualche anno, sar\u00e0 Julio che terr\u00e0 fra le braccia la Manu e non viceversa. Julio va anche a cavallo, fa ippoterapia con la dolcemente severa Nike che lo fa andare al passo o al trotto sulla Luna o su Gaia, due tranquille e simpatiche cavalle. Lo vedo andare, sereno e soddisfatto, su e gi\u00f9 per il campo, tenendo le briglie e spronandole. Mi dimenticavo che Julio dice anche &#8220;amm&#8221; e &#8220;mm&#8230;mm&#8230;&#8221;, che per lui vuol significare il primo &#8220;ciao&#8221;, &#8220;tutto bene&#8221;, &#8220;son contento&#8221;, &#8220;si fammi&#8221;, &#8220;si dammi&#8221; ed il secondo, usando contemporaneamente l&#8217;indice o tutta la mano, la specificazione di una richiesta , di un bisogno, di un oggetto o quant&#8217;altro. Thai, il fratello, gli vuole un bene di vita e lo ama fortemente, anche soffrendo internamente come a\u00a0 volte mi accorgo che succede. Ha 25 anni, \u00e8 studente universitario, musicista, chitarra solista in un gruppo rock-blues; \u00e8 un bel ragazzo moro, alto, sempre sorridente, amante della vita, pieno di amici e innamorato della sua bella Ila&#8230; E&#8217; un ragazzo d&#8217;oro. Thai \u00e8 il compagno di giochi di Julio, \u00e8 quello che lo prende e lo fa mangiare, gli insegna l&#8217;uso delle posate, gli dice di non fare certe cose con tenera autorevolezza, lo sprona a fare altre cose e minimizza con un bel sorriso i problemi familiari che io e mia moglie a volte, esasperati, ingigantiamo. Lei, la mia Nico, \u00e8 una dolce, dolce mamma, oltre che una eccezionale compagna di vita, che, forse, ha pi\u00f9 ferite di me nel suo cuore, ma che comunque riesce a farsi forza e a tirare fuori le unghie nei momenti importanti e difficili, riuscendo anche ad essere spesso allegra e simpatica. Questa \u00e8 la storia di Julio: no, invece, una parte della storia di Julio, perch\u00e9, come succede nei teleromanzi, c&#8217;\u00e8 sempre una prossima puntata da vedere e da vivere. Questa \u00e8 la nostra storia, lo storia di Julio, mia, di Thai, di mia moglie Nico, una stupenda e meravigliosa storia. Sicuramente una storia a lieto fine; anzi no, una storia d&#8217;amore&#8230;un amore senza fine.<\/p>\n<p>&nbsp;<\/p>\n<div class=\"pvc_clear\"><\/div>\n<p id=\"pvc_stats_35837\" class=\"pvc_stats all  \" data-element-id=\"35837\" style=\"\"><i class=\"pvc-stats-icon medium\" aria-hidden=\"true\"><svg aria-hidden=\"true\" focusable=\"false\" data-prefix=\"far\" data-icon=\"chart-bar\" role=\"img\" xmlns=\"http:\/\/www.w3.org\/2000\/svg\" viewBox=\"0 0 512 512\" class=\"svg-inline--fa fa-chart-bar fa-w-16 fa-2x\"><path fill=\"currentColor\" d=\"M396.8 352h22.4c6.4 0 12.8-6.4 12.8-12.8V108.8c0-6.4-6.4-12.8-12.8-12.8h-22.4c-6.4 0-12.8 6.4-12.8 12.8v230.4c0 6.4 6.4 12.8 12.8 12.8zm-192 0h22.4c6.4 0 12.8-6.4 12.8-12.8V140.8c0-6.4-6.4-12.8-12.8-12.8h-22.4c-6.4 0-12.8 6.4-12.8 12.8v198.4c0 6.4 6.4 12.8 12.8 12.8zm96 0h22.4c6.4 0 12.8-6.4 12.8-12.8V204.8c0-6.4-6.4-12.8-12.8-12.8h-22.4c-6.4 0-12.8 6.4-12.8 12.8v134.4c0 6.4 6.4 12.8 12.8 12.8zM496 400H48V80c0-8.84-7.16-16-16-16H16C7.16 64 0 71.16 0 80v336c0 17.67 14.33 32 32 32h464c8.84 0 16-7.16 16-16v-16c0-8.84-7.16-16-16-16zm-387.2-48h22.4c6.4 0 12.8-6.4 12.8-12.8v-70.4c0-6.4-6.4-12.8-12.8-12.8h-22.4c-6.4 0-12.8 6.4-12.8 12.8v70.4c0 6.4 6.4 12.8 12.8 12.8z\" class=\"\"><\/path><\/svg><\/i> <img loading=\"lazy\" decoding=\"async\" width=\"16\" height=\"16\" alt=\"Loading\" src=\"https:\/\/www.raccontinellarete.it\/301\/wp-content\/plugins\/page-views-count\/ajax-loader-2x.gif\" border=0 \/><\/p>\n<div class=\"pvc_clear\"><\/div>\n","protected":false},"excerpt":{"rendered":"<p>Arrivato a casa, Julio mi corse incontro, mi abbracci\u00f2 e baciandomi mi disse:&#8221;Ciao, pap\u00e0, bentornato!&#8221;. Ero felice e l&#8217;abbracciai forte forte. Apro gli occhi e mi sveglio. &#8230;Erta un sogno. Julio \u00e8 l\u00ec, accanto a me, nel lettone, e mi abbraccia da dietro, come fa sempre, stuzzicandomi i capelli. E&#8217; lui che mi ha svegliato. [&hellip;]<\/p>\n<div class=\"pvc_clear\"><\/div>\n<p id=\"pvc_stats_35837\" class=\"pvc_stats all  \" data-element-id=\"35837\" style=\"\"><i class=\"pvc-stats-icon medium\" aria-hidden=\"true\"><svg aria-hidden=\"true\" focusable=\"false\" data-prefix=\"far\" data-icon=\"chart-bar\" role=\"img\" xmlns=\"http:\/\/www.w3.org\/2000\/svg\" viewBox=\"0 0 512 512\" class=\"svg-inline--fa fa-chart-bar fa-w-16 fa-2x\"><path fill=\"currentColor\" d=\"M396.8 352h22.4c6.4 0 12.8-6.4 12.8-12.8V108.8c0-6.4-6.4-12.8-12.8-12.8h-22.4c-6.4 0-12.8 6.4-12.8 12.8v230.4c0 6.4 6.4 12.8 12.8 12.8zm-192 0h22.4c6.4 0 12.8-6.4 12.8-12.8V140.8c0-6.4-6.4-12.8-12.8-12.8h-22.4c-6.4 0-12.8 6.4-12.8 12.8v198.4c0 6.4 6.4 12.8 12.8 12.8zm96 0h22.4c6.4 0 12.8-6.4 12.8-12.8V204.8c0-6.4-6.4-12.8-12.8-12.8h-22.4c-6.4 0-12.8 6.4-12.8 12.8v134.4c0 6.4 6.4 12.8 12.8 12.8zM496 400H48V80c0-8.84-7.16-16-16-16H16C7.16 64 0 71.16 0 80v336c0 17.67 14.33 32 32 32h464c8.84 0 16-7.16 16-16v-16c0-8.84-7.16-16-16-16zm-387.2-48h22.4c6.4 0 12.8-6.4 12.8-12.8v-70.4c0-6.4-6.4-12.8-12.8-12.8h-22.4c-6.4 0-12.8 6.4-12.8 12.8v70.4c0 6.4 6.4 12.8 12.8 12.8z\" class=\"\"><\/path><\/svg><\/i> <img loading=\"lazy\" decoding=\"async\" width=\"16\" height=\"16\" alt=\"Loading\" src=\"https:\/\/www.raccontinellarete.it\/301\/wp-content\/plugins\/page-views-count\/ajax-loader-2x.gif\" border=0 \/><\/p>\n<div class=\"pvc_clear\"><\/div>\n","protected":false},"author":16148,"featured_media":0,"comment_status":"open","ping_status":"closed","sticky":false,"template":"","format":"standard","meta":{"footnotes":""},"categories":[483],"tags":[],"class_list":["post-35837","post","type-post","status-publish","format-standard","hentry","category-premio-racconti-nella-rete-2018"],"_links":{"self":[{"href":"https:\/\/www.raccontinellarete.it\/index.php?rest_route=\/wp\/v2\/posts\/35837"}],"collection":[{"href":"https:\/\/www.raccontinellarete.it\/index.php?rest_route=\/wp\/v2\/posts"}],"about":[{"href":"https:\/\/www.raccontinellarete.it\/index.php?rest_route=\/wp\/v2\/types\/post"}],"author":[{"embeddable":true,"href":"https:\/\/www.raccontinellarete.it\/index.php?rest_route=\/wp\/v2\/users\/16148"}],"replies":[{"embeddable":true,"href":"https:\/\/www.raccontinellarete.it\/index.php?rest_route=%2Fwp%2Fv2%2Fcomments&post=35837"}],"version-history":[{"count":8,"href":"https:\/\/www.raccontinellarete.it\/index.php?rest_route=\/wp\/v2\/posts\/35837\/revisions"}],"predecessor-version":[{"id":36084,"href":"https:\/\/www.raccontinellarete.it\/index.php?rest_route=\/wp\/v2\/posts\/35837\/revisions\/36084"}],"wp:attachment":[{"href":"https:\/\/www.raccontinellarete.it\/index.php?rest_route=%2Fwp%2Fv2%2Fmedia&parent=35837"}],"wp:term":[{"taxonomy":"category","embeddable":true,"href":"https:\/\/www.raccontinellarete.it\/index.php?rest_route=%2Fwp%2Fv2%2Fcategories&post=35837"},{"taxonomy":"post_tag","embeddable":true,"href":"https:\/\/www.raccontinellarete.it\/index.php?rest_route=%2Fwp%2Fv2%2Ftags&post=35837"}],"curies":[{"name":"wp","href":"https:\/\/api.w.org\/{rel}","templated":true}]}}