{"id":35742,"date":"2018-05-27T21:40:42","date_gmt":"2018-05-27T20:40:42","guid":{"rendered":"http:\/\/www.raccontinellarete.it\/?p=35742"},"modified":"2018-05-28T11:12:21","modified_gmt":"2018-05-28T10:12:21","slug":"premio-racconti-nella-rete-2018-la-donna-col-cappello-di-monica-fonti","status":"publish","type":"post","link":"https:\/\/www.raccontinellarete.it\/?p=35742","title":{"rendered":"Premio Racconti nella Rete 2018 &#8220;La donna col cappello&#8221; di Monica Fonti"},"content":{"rendered":"<p style=\"text-align: left;\" align=\"CENTER\"><span style=\"font-family: Verdana, sans-serif;\"><span style=\"font-size: large;\"><b>\u00a0<\/b><\/span><\/span><\/p>\n<p style=\"text-align: left;\" align=\"JUSTIFY\"><span style=\"font-family: Verdana, sans-serif;\"><span style=\"font-size: medium;\"><i>\u00a0 \u00a0 \u00a0 \u00a0 \u00a0 \u00a0 \u00a0 \u00a0 \u00a0 \u00a0 \u00a0 \u00a0 \u00a0 \u00a0 \u00a0 \u00a0 \u00a0 \u00a0 \u00a0 \u00a0 \u00a0 \u00a0 \u00a0 \u00a0Le foto in bianco e nero mi sono sempre piaciute<\/i><\/span><\/span><\/p>\n<p style=\"text-align: left;\" align=\"JUSTIFY\"><span style=\"font-family: Verdana, sans-serif;\"><span style=\"font-size: medium;\"><i>\u00a0 \u00a0 \u00a0 \u00a0 \u00a0 \u00a0 \u00a0 \u00a0 \u00a0 \u00a0 \u00a0 \u00a0 \u00a0 \u00a0 \u00a0 \u00a0 \u00a0 \u00a0 \u00a0 \u00a0 \u00a0 \u00a0 \u00a0 \u00a0Raccontano storie che si rincorrono nel tempo<\/i><\/span><\/span><\/p>\n<p style=\"text-align: left;\" align=\"JUSTIFY\"><span style=\"font-family: Verdana, sans-serif;\"><span style=\"font-size: medium;\"><i>\u00a0 \u00a0 \u00a0 \u00a0 \u00a0 \u00a0 \u00a0 \u00a0 \u00a0 \u00a0 \u00a0 \u00a0 \u00a0 \u00a0 \u00a0 \u00a0 \u00a0 \u00a0 \u00a0 \u00a0 \u00a0 \u00a0 \u00a0 \u00a0e trovano pace solo tra le mani di chi le osserva.<\/i><\/span><\/span><\/p>\n<p align=\"JUSTIFY\"><span style=\"font-family: Verdana, sans-serif;\"><span style=\"font-size: large;\">Anche oggi mi sveglio dopo una notte insonne, fatta di giravolte nel letto, lenzuola stropicciate e pensieri pesanti. <\/span><\/span><\/p>\n<p align=\"JUSTIFY\"><span style=\"font-family: Verdana, sans-serif;\"><span style=\"font-size: large;\">La mia mente per\u00f2, l&#8217;unica che non patisce, \u00e8 sempre vigile e scattante, non altrettanto il corpo che invece latita rivendicando il mancato riposo.<\/span><\/span><\/p>\n<p align=\"JUSTIFY\"><span style=\"font-family: Verdana, sans-serif;\"><span style=\"font-size: large;\">Il cuscino profuma ancora di lavanda, uno dei tanti escamotage che utilizzo la sera prima di coricarmi.<\/span><\/span><\/p>\n<p align=\"JUSTIFY\"><span style=\"font-family: Verdana, sans-serif;\"><span style=\"font-size: large;\">Il balsamo \u201cSommeil paisible bio\u201d che avevo acquistato con tante speranze e che mi aveva conquistata con il suo fascino francese, ha deluso le mie aspettative, ma almeno ogni volta la mia biancheria profuma di campi provenzali e questo mi aiuta a rimettermi in piedi, nonostante tutto.<\/span><\/span><\/p>\n<p align=\"JUSTIFY\"><span style=\"font-family: Verdana, sans-serif;\"><span style=\"font-size: large;\">Non ho particolari riti mattutini ma l&#8217;unico appuntamento fisso \u00e8 sicuramente la colazione.<\/span><\/span><\/p>\n<p align=\"JUSTIFY\"><span style=\"font-family: Verdana, sans-serif;\"><span style=\"font-size: large;\">Non potrei farne a meno e quando questo succede, in genere per via di odiosissimi prelievi del sangue a digiuno, l&#8217;intera giornata vira al peggio.<\/span><\/span><\/p>\n<p align=\"JUSTIFY\"><span style=\"font-family: Verdana, sans-serif;\"><span style=\"font-size: large;\">Questa mattina mi concedo pi\u00f9 tempo, per fortuna non devo andare a lavorare, e decido di disporre sulla tavola un bicchiere di succo di frutta, una tisana, qualche fetta biscottata con la marmellata e un pugno di mandorle.<\/span><\/span><\/p>\n<p align=\"JUSTIFY\"><span style=\"font-family: Verdana, sans-serif;\"><span style=\"font-size: large;\">Ho bisogno di energie per affrontare questo nuovo giorno, quantomeno per arrivare fino a sera e rituffarmi nel letto.<\/span><\/span><\/p>\n<p align=\"JUSTIFY\"><span style=\"font-family: Verdana, sans-serif;\"><span style=\"font-size: large;\">Gli impegni di oggi sono pochi ma serrati: portare il cane gi\u00f9 nel bosco a fare pip\u00ec, non prima di averlo cosparso di un intruglio all&#8217;olio di Neem che lo protegga da zanzare, pappataci ed ogni altro insetto sconosciuto ai pi\u00f9 e mai in via di estinzione, fare il bucato e contemporaneamente azionare il robottino raccogli polvere facendo attenzione che non si ostini ad incastrarsi sempre sotto lo stesso mobile del salotto, preparare le schede di grammatica per i miei quaranta alunni, giocare a tiramolla con il cane che nel frattempo si \u00e8 rotto le scatole di guardarmi vorticare in giro per la casa (senza per\u00f2 esagerare, perch\u00e9 poi va in sovra eccitazione e non si sa pi\u00f9 regolare), pensare al pranzo e possibilmente cucinare, telefonare agli anziani genitori offesi perch\u00e9 non li chiami mai anche se lo hai fatto la sera prima, riportare gi\u00f9 il cane dato che qualsiasi vescica ha un massimo di tolleranza, infine riuscire a fare una doccia e rilassarmi.<\/span><\/span><\/p>\n<p align=\"JUSTIFY\"><span style=\"font-family: Verdana, sans-serif;\"><span style=\"font-size: large;\">In tutto questo trambusto mi sono ricordata che nel pomeriggio vorrei andare a trovare la mia amica Liliana, una di quelle amiche con le quali giuri e spergiuri che \u201c&#8230;ci dobbiamo vedere al pi\u00f9 presto prima che l&#8217; alzheimer ci colga e ci impedisca di riconoscerci\u201d.<\/span><\/span><\/p>\n<p align=\"JUSTIFY\"><span style=\"font-family: Verdana, sans-serif;\"><span style=\"font-size: large;\">Siccome per quanto mi riguarda l&#8217;alzheimer \u00e8 ormai dietro l&#8217;angolo, decido che questa volta nulla potr\u00e0 fermarmi, nemmeno l&#8217;ansia da separazione del mio cane che, quando \u00e8 solo in casa, ulula ed allena le sue mascelle impegnandole sapientemente in un rosicchiamento certosino di tutto il perimetro del tavolo e dei profili in legno della porta d&#8217;ingresso.<\/span><\/span><\/p>\n<p align=\"JUSTIFY\"><span style=\"font-family: Verdana, sans-serif;\"><span style=\"font-size: large;\">Nonostante integratori, omeopatia, fiori di bach, comportamentalista e istruttori cinofili, il dolore della solitudine \u00e8 per lui lacerante e insopportabile.<\/span><\/span><\/p>\n<p align=\"JUSTIFY\"><span style=\"font-family: Verdana, sans-serif;\"><span style=\"font-size: large;\">La sfida ogni giorno, ma ce l&#8217;ha nel profondo del cuore.<\/span><\/span><\/p>\n<p align=\"JUSTIFY\"><span style=\"font-family: Verdana, sans-serif;\"><span style=\"font-size: large;\">Sar\u00e0 questo ad avere cementato l&#8217;intimo legame con me?<\/span><\/span><\/p>\n<p align=\"JUSTIFY\"><span style=\"font-family: Verdana, sans-serif;\"><span style=\"font-size: large;\">Dopo aver svolto tutte le mansioni succitate ma non esattamente nell&#8217;ordine descritto, giunto il primo pomeriggio, mi infilo in auto e mi dirigo verso casa di Liliana.<\/span><\/span><\/p>\n<p align=\"JUSTIFY\"><span style=\"font-family: Verdana, sans-serif;\"><span style=\"font-size: large;\">Mi accoglie con gli occhioni azzurri e i capelli raccolti in una coda un po&#8217; scompigliata, ma \u00e8 bella lo stesso.<\/span><\/span><\/p>\n<p align=\"JUSTIFY\"><span style=\"font-family: Verdana, sans-serif;\"><span style=\"font-size: large;\">Liliana \u00e8 sempre bella anche quando pensa di non esserlo affatto.<\/span><\/span><\/p>\n<p align=\"JUSTIFY\"><span style=\"font-family: Verdana, sans-serif;\"><span style=\"font-size: large;\">Con lei c&#8217;\u00e8 la sua primogenita Bice, una goccia d&#8217;acqua con la madre e, poco pi\u00f9 in l\u00e0 nella culla, la piccola Emma Margherita nata da quindici giorni.<\/span><\/span><\/p>\n<p align=\"JUSTIFY\"><span style=\"font-family: Verdana, sans-serif;\"><span style=\"font-size: large;\">Liliana la prende in braccio, si accomoda sul divano, sistema il cuscino ed inizia ad allattarla.<\/span><\/span><\/p>\n<p align=\"JUSTIFY\"><span style=\"font-family: Verdana, sans-serif;\"><span style=\"font-size: large;\">E&#8217; radiosa come sempre, nessun segno di stanchezza, di inquietudine, di depressione post partum.<\/span><\/span><\/p>\n<p align=\"JUSTIFY\"><span style=\"font-family: Verdana, sans-serif;\"><span style=\"font-size: large;\">Eppure ha partorito solo due settimane fa, \u00e8 in casa con due bambine piccole, noncurante del disordine che invade le stanze e che io trovo gioiosamente vitale.<\/span><\/span><\/p>\n<p align=\"JUSTIFY\"><span style=\"font-family: Verdana, sans-serif;\"><span style=\"font-size: large;\">Penso che la invidio, non la sua maternit\u00e0, ma la calma, la serenit\u00e0 con cui riesce a gestire i primi capricci di gelosia di Bice verso la sorellina, il modo di cullare la piccola cos\u00ec attento e accudente, la capacit\u00e0 di farmi sentire accolta e integrata in un microclima familiare come se ne facessi parte da sempre.<\/span><\/span><\/p>\n<p align=\"JUSTIFY\"><span style=\"font-family: Verdana, sans-serif;\"><span style=\"font-size: large;\">Sento che in questo momento le voglio un bene dell&#8217;anima.<\/span><\/span><\/p>\n<p align=\"JUSTIFY\"><span style=\"font-family: Verdana, sans-serif;\"><span style=\"font-size: large;\">Le avvolgerei tutte e tre in un unico abbraccio forte e caloroso.<\/span><\/span><\/p>\n<p align=\"JUSTIFY\"><span style=\"font-family: Verdana, sans-serif;\"><span style=\"font-size: large;\">Sono balsamo per le mie ferite.<\/span><\/span><\/p>\n<p align=\"JUSTIFY\"><span style=\"font-family: Verdana, sans-serif;\"><span style=\"font-size: large;\">Intanto Bice diventa sempre pi\u00f9 richiedente nei confronti di Liliana, cos\u00ec decido di attirare la sua attenzione chiedendole di farmi vedere la casetta delle bambole che ha costruito con uno scatolone dell&#8217; Ikea.<\/span><\/span><\/p>\n<p align=\"JUSTIFY\"><span style=\"font-family: Verdana, sans-serif;\"><span style=\"font-size: large;\">Dentro c&#8217;\u00e8 di tutto, le bambole, i disegni, un sacchetto appeso che funge da armadio, piattini di plastica, straccetti e oggetti \u201cciapa puer\u201d cio\u00e8 prendi polvere, come si dice dalle mie parti e, in un angolino semi coperto da una figurina della Barbie, il dorso di una fotografia.<\/span><\/span><\/p>\n<p align=\"JUSTIFY\"><span style=\"font-family: Verdana, sans-serif;\"><span style=\"font-size: large;\">Le foto mi incuriosiscono da sempre cos\u00ec la raccolgo, la giro e scopro il ritratto in bianco e nero di una donna dall&#8217;aria elegante, con un cappello a pois a larghe tese che ne nasconde quasi completamente il viso, lasciando scoperte solo le labbra carnose, un collo sottile e un ciuffo di capelli a contornarlo.<\/span><\/span><\/p>\n<p align=\"JUSTIFY\"><span style=\"font-family: Verdana, sans-serif;\"><span style=\"font-size: large;\">Liliana deve essersi accorta del mio stupore cos\u00ec mi dice che quella foto ritrae sua nonna Elide, una gran bella femmina, che rimase vedova molto giovane di un uomo speciale, pilota di aerei e conosciuto durante una festa nella piazza del paese dove era nata.<\/span><\/span><\/p>\n<p align=\"JUSTIFY\"><span style=\"font-family: Verdana, sans-serif;\"><span style=\"font-size: large;\">Non si dissero nulla, si guardarono e decisero subito di sposarsi perch\u00e9, come le ricorda sempre sua mamma \u201cNon c&#8217;\u00e8 bisogno di parole se senti che chi hai davanti \u00e8 la persona giusta per te\u201d.<\/span><\/span><\/p>\n<p align=\"JUSTIFY\"><span style=\"font-family: Verdana, sans-serif;\"><span style=\"font-size: large;\">Questa \u00e8 la frase che si tramandano, di generazione in generazione, le donne della sua famiglia ed \u00e8 presumibile che anche Liliana, che fa solo figlie femmine, far\u00e0 altrettanto.<\/span><\/span><\/p>\n<p align=\"JUSTIFY\"><span style=\"font-family: Verdana, sans-serif;\"><span style=\"font-size: large;\">Il tempo vola in un lampo ed \u00e8 ora di tornare a casa, mi congedo dalle tre piccole grandi donne e mi rimetto in cammino.<\/span><\/span><\/p>\n<p align=\"JUSTIFY\"><span style=\"font-family: Verdana, sans-serif;\"><span style=\"font-size: large;\">In auto non posso fare altro che godermi il senso di benessere che mi ha accompagnato per tutto il tempo della visita al punto da farmi dimenticare \u201cle tristi ambasce\u201d, come spesso ama declamare mia madre.<\/span><\/span><\/p>\n<p align=\"JUSTIFY\"><span style=\"font-family: Verdana, sans-serif;\"><span style=\"font-size: large;\">Al rientro per\u00f2, mi coglie inaspettatamente uno stato di agitazione, un&#8217; apprensione improvvisa, come se qualcosa mi si fosse appiccicato addosso, come una seconda veste incollata a caldo e che fatica a staccarsi.<\/span><\/span><\/p>\n<p align=\"JUSTIFY\"><span style=\"font-family: Verdana, sans-serif;\"><span style=\"font-size: large;\">Non riesco bene a definirla n\u00e9 a controllarla, sento solo il bisogno forte di lavarmi, di lasciarmi scivolare questa cosa di dosso sotto un getto d&#8217; acqua.<\/span><\/span><\/p>\n<p align=\"JUSTIFY\"><span style=\"font-family: Verdana, sans-serif;\"><span style=\"font-size: large;\">Corro nella doccia, la pelle comincia a bruciare, sembra acido che divora la pelle.<\/span><\/span><\/p>\n<p align=\"JUSTIFY\"><span style=\"font-family: Verdana, sans-serif;\"><span style=\"font-size: large;\">Sollevo la manopola e finalmente l&#8217;acqua scorre sul mio corpo che si placa e ritorna quieto.<\/span><\/span><\/p>\n<p align=\"JUSTIFY\"><span style=\"font-family: Verdana, sans-serif;\"><span style=\"font-size: large;\">Il vapore riempie immediatamente la piccola stanza da bagno e, complice l&#8217;umidit\u00e0 e la calura, la mia mente comincia a vaneggiare.<\/span><\/span><\/p>\n<p align=\"JUSTIFY\"><span style=\"font-family: Verdana, sans-serif;\"><span style=\"font-size: large;\">Mi accovaccio perch\u00e9 ho paura di perdere i sensi o forse li ho gi\u00e0 persi.<\/span><\/span><\/p>\n<p align=\"JUSTIFY\"><span style=\"font-family: Verdana, sans-serif;\"><span style=\"font-size: large;\">Non so pi\u00f9 dove sono, intorno a me \u00e8 tutto bianco e nero, non ci sono altri colori n\u00e9 suoni.<\/span><\/span><\/p>\n<p align=\"JUSTIFY\"><span style=\"font-family: Verdana, sans-serif;\"><span style=\"font-size: large;\">Vedo persone vestite in modo elegante, le loro labbra si muovono ma non riesco a percepirne le parole.<\/span><\/span><\/p>\n<p align=\"JUSTIFY\"><span style=\"font-family: Verdana, sans-serif;\"><span style=\"font-size: large;\">Scorgo avanzare dallo sfondo un alone chiaro che non incute timore anzi, induce in me una sensazione di beatitudine.<\/span><\/span><\/p>\n<p align=\"JUSTIFY\"><span style=\"font-family: Verdana, sans-serif;\"><span style=\"font-size: large;\">Man mano che si avvicina, la familiarit\u00e0 aumenta.<\/span><\/span><\/p>\n<p align=\"JUSTIFY\"><span style=\"font-family: Verdana, sans-serif;\"><span style=\"font-size: large;\">Si tratta di una donna, con un cappello in testa, morbida e sinuosa nell&#8217;incedere.<\/span><\/span><\/p>\n<p align=\"JUSTIFY\"><span style=\"font-family: Verdana, sans-serif;\"><span style=\"font-size: large;\">E&#8217; la donna della foto di Liliana che mi viene incontro con decisione e sicurezza.<\/span><\/span><\/p>\n<p align=\"JUSTIFY\"><span style=\"font-family: Verdana, sans-serif;\"><span style=\"font-size: large;\">Il suo volto \u00e8 semicoperto come nella foto, si intravede solo la sua bocca sensuale, il collo magro e delicato, il ciuffo di capelli che vezzosamente accarezza la pelle vellutata.<\/span><\/span><\/p>\n<p align=\"JUSTIFY\"><span style=\"font-family: Verdana, sans-serif;\"><span style=\"font-size: large;\">Intorno a lei non c&#8217;\u00e8 pi\u00f9 nulla, cose o persone, tutto \u00e8 sparito misteriosamente, solo un&#8217;unica immagine quasi divina, che si compiace di s\u00e9 e della propria bellezza.<\/span><\/span><\/p>\n<p align=\"JUSTIFY\"><span style=\"font-family: Verdana, sans-serif;\"><span style=\"font-size: large;\">D&#8217;un tratto la donna avvicina alle sue labbra l&#8217;indice della mano destra invitandomi al silenzio.<\/span><\/span><\/p>\n<p align=\"JUSTIFY\"><span style=\"font-family: Verdana, sans-serif;\"><span style=\"font-size: large;\">Il mio corpo \u00e8 caldo e fluttua all&#8217; unisono con l&#8217;immagine luminosa.<\/span><\/span><\/p>\n<p align=\"JUSTIFY\"><span style=\"font-family: Verdana, sans-serif;\"><span style=\"font-size: large;\">Continua a mantenere l&#8217;indice premuto sulle labbra, ma non sembra minacciosa, questa volta abbozza anche un sorriso rassicurante.<\/span><\/span><\/p>\n<p align=\"JUSTIFY\"><span style=\"font-family: Verdana, sans-serif;\"><span style=\"font-size: large;\">Mi sento bene, come non sono mai stata, mi sciolgo dentro, i pezzi di me si mescolano e si ricompongono in una nuova amorevole forma. Ancora mi esorta al silenzio ma sento che c&#8217;\u00e8 dell&#8217;altro, intuisco che nel suo gesto si nasconde qualcosa di antico, lontano seppure mi appartenga molto da vicino, forse un segreto da mantenere.<\/span><\/span><\/p>\n<p align=\"JUSTIFY\"><span style=\"font-family: Verdana, sans-serif;\"><span style=\"font-size: large;\">Lentamente inizia ad abbandonarmi, a confondersi con lo sfondo di un film visionario che mi ha vista spettatrice appassionata.<\/span><\/span><\/p>\n<p align=\"JUSTIFY\"><span style=\"font-family: Verdana, sans-serif;\"><span style=\"font-size: large;\">Mentre ancora assaporo questa dimensione, sento in lontananza un suono che mi irrita, mi distoglie dal piacere che sto provando, mi costringe a rientrare in ci\u00f2 che sono. Qui, adesso.<\/span><\/span><\/p>\n<p align=\"JUSTIFY\"><span style=\"font-family: Verdana, sans-serif;\"><span style=\"font-size: large;\">Il telefono sta squillando. Esco dalla doccia ancora frastornata e mi precipito a rispondere. E&#8217; mia madre che si lamenta perch\u00e9 \u00e8 da un po&#8217; che mi sta chiamando e si \u00e8 preoccupata non sentendomi rispondere.<\/span><\/span><\/p>\n<p align=\"JUSTIFY\">\u201c<span style=\"font-family: Verdana, sans-serif;\"><span style=\"font-size: large;\">Ero sotto la doccia\u201d la rassicuro<\/span><\/span><\/p>\n<p align=\"JUSTIFY\">\u201c<span style=\"font-family: Verdana, sans-serif;\"><span style=\"font-size: large;\">Va bene, va bene. Volevo solo sapere come stai\u201d<\/span><\/span><\/p>\n<p align=\"JUSTIFY\">\u201c<span style=\"font-family: Verdana, sans-serif;\"><span style=\"font-size: large;\">Sto bene grazie, perch\u00e9 non dovrei?\u201d<\/span><\/span><\/p>\n<p align=\"JUSTIFY\">\u201c<span style=\"font-family: Verdana, sans-serif;\"><span style=\"font-size: large;\">Lo sai il perch\u00e9. Da quando lui se n&#8217;\u00e8 andato, mi si spezza il cuore saperti sola in quella casa. Se avessi saputo, non mi sarei trasferita lontano da te\u201d<\/span><\/span><\/p>\n<p align=\"JUSTIFY\">\u201c<span style=\"font-family: Verdana, sans-serif;\"><span style=\"font-size: large;\">Come potevi immaginarlo? Nemmeno io me lo sarei mai aspettato\u201d<\/span><\/span><\/p>\n<p align=\"JUSTIFY\">\u201c<span style=\"font-family: Verdana, sans-serif;\"><span style=\"font-size: large;\">Lo so tesoro, ma non andava bene per te\u201d<\/span><\/span><\/p>\n<p align=\"JUSTIFY\">\u201c<span style=\"font-family: Verdana, sans-serif;\"><span style=\"font-size: large;\">Come lo sai mamma?\u201d<\/span><\/span><\/p>\n<p align=\"JUSTIFY\">\u201c<span style=\"font-family: Verdana, sans-serif;\"><span style=\"font-size: large;\">Perch\u00e9 \u00e8 cos\u00ec\u201d<\/span><\/span><\/p>\n<p align=\"JUSTIFY\">\u201c<span style=\"font-family: Verdana, sans-serif;\"><span style=\"font-size: large;\">Ma noi parlavamo tanto, ci dicevamo tutto. Non doveva succedere\u201d<\/span><\/span><\/p>\n<p align=\"JUSTIFY\"><span style=\"font-family: Verdana, sans-serif;\"><span style=\"font-size: large;\">No, non doveva succedere e soprattutto non me lo meritavo.<\/span><\/span><\/p>\n<p align=\"JUSTIFY\"><span style=\"font-family: Verdana, sans-serif;\"><span style=\"font-size: large;\">Tutti quei discorsi sulla correttezza e il rispetto, sulla libert\u00e0 da ogni condizionamento esterno.<\/span><\/span><\/p>\n<p align=\"JUSTIFY\"><span style=\"font-family: Verdana, sans-serif;\"><span style=\"font-size: large;\">Eravamo convinti che nulla ci avrebbe separato, che nessuno sarebbe mai riuscito ad intaccare la nostra integrit\u00e0, il nostro essere Noi.<\/span><\/span><\/p>\n<p align=\"JUSTIFY\"><span style=\"font-family: Verdana, sans-serif;\"><span style=\"font-size: large;\">Guardavamo il cielo e giocavamo alle forme delle nuvole, come fanno i bambini.<\/span><\/span><\/p>\n<p align=\"JUSTIFY\"><span style=\"font-family: Verdana, sans-serif;\"><span style=\"font-size: large;\">Adesso le nuvole sono il mio rifugio, le uniche cose che mi separano da una realt\u00e0 che non mi piace.<\/span><\/span><\/p>\n<p align=\"JUSTIFY\">\u201c<span style=\"font-family: Verdana, sans-serif;\"><span style=\"font-size: large;\">Il tempo cura le ferite\u201d mi dice <\/span><\/span><\/p>\n<p align=\"JUSTIFY\"><span style=\"font-family: Verdana, sans-serif;\"><span style=\"font-size: large;\">Mia madre ama chiosare, ogni sua affermazione diventa un salmo, un versetto, spesso una metafora che solo lei comprende.<\/span><\/span><\/p>\n<p align=\"JUSTIFY\"><span style=\"font-family: Verdana, sans-serif;\"><span style=\"font-size: large;\">Sono infastidita, non ho voglia di ascoltarla, vorrei interrompere questa telefonata indesiderata e urlarle tutta la mia rabbia.<\/span><\/span><\/p>\n<p align=\"JUSTIFY\">\u201c<span style=\"font-family: Verdana, sans-serif;\"><span style=\"font-size: large;\">Tesoro, lo so che sei arrabbiata con me\u201d<\/span><\/span><\/p>\n<p align=\"JUSTIFY\">\u201c<span style=\"font-family: Verdana, sans-serif;\"><span style=\"font-size: large;\">Non sono arrabbiata con te\u201d<\/span><\/span><\/p>\n<p align=\"JUSTIFY\">\u201c<span style=\"font-family: Verdana, sans-serif;\"><span style=\"font-size: large;\">S\u00ec che lo sei\u201d<\/span><\/span><\/p>\n<p align=\"JUSTIFY\">\u201c<span style=\"font-family: Verdana, sans-serif;\"><span style=\"font-size: large;\">E va bene, se preferisci lo sono. Contenta adesso?\u201d<\/span><\/span><\/p>\n<p align=\"JUSTIFY\">\u201c<span style=\"font-family: Verdana, sans-serif;\"><span style=\"font-size: large;\">Piccola mia, c&#8217; \u00e8 un unico grande segreto nella vita\u201d<\/span><\/span><\/p>\n<p align=\"JUSTIFY\">\u201c<span style=\"font-family: Verdana, sans-serif;\"><span style=\"font-size: large;\">No ti prego mamma, adesso no. Non farmi la morale, non la sopporterei\u201d<\/span><\/span><\/p>\n<p align=\"JUSTIFY\"><span style=\"font-family: Verdana, sans-serif;\"><span style=\"font-size: large;\">Mi viene in mente la fotografia di nonna Elide con tutto il mistero che l&#8217;avvolge, il suo bel cappello, le labbra sode che tutto dicono ma che mi invitano al silenzio.<\/span><\/span><\/p>\n<p align=\"JUSTIFY\"><span style=\"font-family: Verdana, sans-serif;\"><span style=\"font-size: large;\">E se accettasi il suo consiglio? Se fosse un segno?<\/span><\/span><\/p>\n<p align=\"JUSTIFY\">\u201c<span style=\"font-family: Verdana, sans-serif;\"><span style=\"font-size: large;\">Scusa mamma, non volevo essere scortese, sono solo molto stanca. Dimmi il tuo segreto, forse trover\u00f2 un po&#8217; di pace\u201d<\/span><\/span><\/p>\n<p align=\"JUSTIFY\">\u201c<span style=\"font-family: Verdana, sans-serif;\"><span style=\"font-size: large;\">Figlia mia, dal silenzio si possono imparare tante cose, il tuo amore si \u00e8 rotto per le troppe parole ma non c&#8217;\u00e8 bisogno di parole se senti che chi hai davanti \u00e8 la persona giusta per te\u201d.<\/span><\/span><\/p>\n<p align=\"JUSTIFY\"><span style=\"font-family: Verdana, sans-serif;\"><span style=\"font-size: large;\">\u00a0<\/span><\/span><\/p>\n<div class=\"pvc_clear\"><\/div>\n<p id=\"pvc_stats_35742\" class=\"pvc_stats all  \" data-element-id=\"35742\" style=\"\"><i class=\"pvc-stats-icon medium\" aria-hidden=\"true\"><svg aria-hidden=\"true\" focusable=\"false\" data-prefix=\"far\" data-icon=\"chart-bar\" role=\"img\" xmlns=\"http:\/\/www.w3.org\/2000\/svg\" viewBox=\"0 0 512 512\" class=\"svg-inline--fa fa-chart-bar fa-w-16 fa-2x\"><path fill=\"currentColor\" d=\"M396.8 352h22.4c6.4 0 12.8-6.4 12.8-12.8V108.8c0-6.4-6.4-12.8-12.8-12.8h-22.4c-6.4 0-12.8 6.4-12.8 12.8v230.4c0 6.4 6.4 12.8 12.8 12.8zm-192 0h22.4c6.4 0 12.8-6.4 12.8-12.8V140.8c0-6.4-6.4-12.8-12.8-12.8h-22.4c-6.4 0-12.8 6.4-12.8 12.8v198.4c0 6.4 6.4 12.8 12.8 12.8zm96 0h22.4c6.4 0 12.8-6.4 12.8-12.8V204.8c0-6.4-6.4-12.8-12.8-12.8h-22.4c-6.4 0-12.8 6.4-12.8 12.8v134.4c0 6.4 6.4 12.8 12.8 12.8zM496 400H48V80c0-8.84-7.16-16-16-16H16C7.16 64 0 71.16 0 80v336c0 17.67 14.33 32 32 32h464c8.84 0 16-7.16 16-16v-16c0-8.84-7.16-16-16-16zm-387.2-48h22.4c6.4 0 12.8-6.4 12.8-12.8v-70.4c0-6.4-6.4-12.8-12.8-12.8h-22.4c-6.4 0-12.8 6.4-12.8 12.8v70.4c0 6.4 6.4 12.8 12.8 12.8z\" class=\"\"><\/path><\/svg><\/i> <img loading=\"lazy\" decoding=\"async\" width=\"16\" height=\"16\" alt=\"Loading\" src=\"https:\/\/www.raccontinellarete.it\/301\/wp-content\/plugins\/page-views-count\/ajax-loader-2x.gif\" border=0 \/><\/p>\n<div class=\"pvc_clear\"><\/div>\n","protected":false},"excerpt":{"rendered":"<p>\u00a0 \u00a0 \u00a0 \u00a0 \u00a0 \u00a0 \u00a0 \u00a0 \u00a0 \u00a0 \u00a0 \u00a0 \u00a0 \u00a0 \u00a0 \u00a0 \u00a0 \u00a0 \u00a0 \u00a0 \u00a0 \u00a0 \u00a0 \u00a0 \u00a0Le foto in bianco e nero mi sono sempre piaciute \u00a0 \u00a0 \u00a0 \u00a0 \u00a0 \u00a0 \u00a0 \u00a0 \u00a0 \u00a0 \u00a0 \u00a0 \u00a0 \u00a0 \u00a0 \u00a0 \u00a0 \u00a0 \u00a0 \u00a0 \u00a0 [&hellip;]<\/p>\n<div class=\"pvc_clear\"><\/div>\n<p id=\"pvc_stats_35742\" class=\"pvc_stats all  \" data-element-id=\"35742\" style=\"\"><i class=\"pvc-stats-icon medium\" aria-hidden=\"true\"><svg aria-hidden=\"true\" focusable=\"false\" data-prefix=\"far\" data-icon=\"chart-bar\" role=\"img\" xmlns=\"http:\/\/www.w3.org\/2000\/svg\" viewBox=\"0 0 512 512\" class=\"svg-inline--fa fa-chart-bar fa-w-16 fa-2x\"><path fill=\"currentColor\" d=\"M396.8 352h22.4c6.4 0 12.8-6.4 12.8-12.8V108.8c0-6.4-6.4-12.8-12.8-12.8h-22.4c-6.4 0-12.8 6.4-12.8 12.8v230.4c0 6.4 6.4 12.8 12.8 12.8zm-192 0h22.4c6.4 0 12.8-6.4 12.8-12.8V140.8c0-6.4-6.4-12.8-12.8-12.8h-22.4c-6.4 0-12.8 6.4-12.8 12.8v198.4c0 6.4 6.4 12.8 12.8 12.8zm96 0h22.4c6.4 0 12.8-6.4 12.8-12.8V204.8c0-6.4-6.4-12.8-12.8-12.8h-22.4c-6.4 0-12.8 6.4-12.8 12.8v134.4c0 6.4 6.4 12.8 12.8 12.8zM496 400H48V80c0-8.84-7.16-16-16-16H16C7.16 64 0 71.16 0 80v336c0 17.67 14.33 32 32 32h464c8.84 0 16-7.16 16-16v-16c0-8.84-7.16-16-16-16zm-387.2-48h22.4c6.4 0 12.8-6.4 12.8-12.8v-70.4c0-6.4-6.4-12.8-12.8-12.8h-22.4c-6.4 0-12.8 6.4-12.8 12.8v70.4c0 6.4 6.4 12.8 12.8 12.8z\" class=\"\"><\/path><\/svg><\/i> <img loading=\"lazy\" decoding=\"async\" width=\"16\" height=\"16\" alt=\"Loading\" src=\"https:\/\/www.raccontinellarete.it\/301\/wp-content\/plugins\/page-views-count\/ajax-loader-2x.gif\" border=0 \/><\/p>\n<div class=\"pvc_clear\"><\/div>\n","protected":false},"author":16201,"featured_media":0,"comment_status":"open","ping_status":"closed","sticky":false,"template":"","format":"standard","meta":{"footnotes":""},"categories":[483],"tags":[],"class_list":["post-35742","post","type-post","status-publish","format-standard","hentry","category-premio-racconti-nella-rete-2018"],"_links":{"self":[{"href":"https:\/\/www.raccontinellarete.it\/index.php?rest_route=\/wp\/v2\/posts\/35742"}],"collection":[{"href":"https:\/\/www.raccontinellarete.it\/index.php?rest_route=\/wp\/v2\/posts"}],"about":[{"href":"https:\/\/www.raccontinellarete.it\/index.php?rest_route=\/wp\/v2\/types\/post"}],"author":[{"embeddable":true,"href":"https:\/\/www.raccontinellarete.it\/index.php?rest_route=\/wp\/v2\/users\/16201"}],"replies":[{"embeddable":true,"href":"https:\/\/www.raccontinellarete.it\/index.php?rest_route=%2Fwp%2Fv2%2Fcomments&post=35742"}],"version-history":[{"count":4,"href":"https:\/\/www.raccontinellarete.it\/index.php?rest_route=\/wp\/v2\/posts\/35742\/revisions"}],"predecessor-version":[{"id":35846,"href":"https:\/\/www.raccontinellarete.it\/index.php?rest_route=\/wp\/v2\/posts\/35742\/revisions\/35846"}],"wp:attachment":[{"href":"https:\/\/www.raccontinellarete.it\/index.php?rest_route=%2Fwp%2Fv2%2Fmedia&parent=35742"}],"wp:term":[{"taxonomy":"category","embeddable":true,"href":"https:\/\/www.raccontinellarete.it\/index.php?rest_route=%2Fwp%2Fv2%2Fcategories&post=35742"},{"taxonomy":"post_tag","embeddable":true,"href":"https:\/\/www.raccontinellarete.it\/index.php?rest_route=%2Fwp%2Fv2%2Ftags&post=35742"}],"curies":[{"name":"wp","href":"https:\/\/api.w.org\/{rel}","templated":true}]}}