{"id":35303,"date":"2018-05-20T18:06:31","date_gmt":"2018-05-20T17:06:31","guid":{"rendered":"http:\/\/www.raccontinellarete.it\/?p=35303"},"modified":"2018-05-20T18:06:31","modified_gmt":"2018-05-20T17:06:31","slug":"premio-racconti-nella-rete-2018-cuore-semplice-di-luca-farina","status":"publish","type":"post","link":"https:\/\/www.raccontinellarete.it\/?p=35303","title":{"rendered":"Premio Racconti nella Rete 2018 &#8220;Cuore semplice&#8221; di Luca Farina"},"content":{"rendered":"<p><span style=\"color: #000000; font-family: Calibri;\">Sono giorni che mi trascino per le strade, senza meta, cercando solo di trovare qualcosa di commestibile da mandare gi\u00f9. Di solito, nei vicoli scuri che serpeggiano sul retro dei ristoranti, qualcosa si trova, rovistando tra i rifiuti. Ma anche gli avanzi scarseggiano, di questi tempi. Sono giorni duri. Il cielo \u00e8 grigio e pesante di pioggia. Il freddo non ti abbandona mai. Silenzioso, cala ogni notte attraverso il mio misero rifugio di cartone; e io lo sento entrare, come una lama, e farsi strada dolorosamente nella poca carne che ormai riveste le mie ossa, incidendole con la sua punta sottile. In questi anni, una cosa l\u2019ho capita: questo mondo non \u00e8 un posto dove le cose vanno via facili. Quando non \u00e8 il freddo o la fame, \u00e8 la ruvida cicatrice che chiude da sempre il mio occhio sinistro a ricordarmelo. Il mondo \u00e8 strano, visto da un solo lato, e quello che vedo io \u00e8 quasi sempre il lato sbagliato.<\/span><\/p>\n<p><span style=\"color: #000000; font-family: Calibri;\">Oggi, per\u00f2, \u00e8 un giorno speciale: proprio quando ero ormai allo stremo delle forze, qualcuno \u00e8 venuto a trovarmi. Nessuno prima di oggi si era mai interessato a me, per quanto mi sforzi di ricordare. All\u2019inizio, ho avuto paura: mi hanno insegnato \u2013 beh non ricordo esattamente chi \u2013 che bisogna sempre tenere un basso profilo, quando non si capisce cosa succede. E cos\u00ec sono rimasto immobile, in silenzio, rannicchiato nei miei quattro stracci bagnati, a fissarli. Anche loro, in piedi davanti a me, mi scrutavano, senza rivolgermi una parola. Per un po\u2019 ho pensato che potessero leggermi dentro, e che attraverso il mio unico occhio appannato vedessero tutte le note stridenti che affollano lo spartito della mia vita. Io stavo l\u00ec, incapace di rialzarmi, nella mia scomoda e pesante coperta di fango. Alla fine si sono avvicinati, e si sono chinati su di me; uno di loro mi ha teso la mano, e mi ha tirato delicatamente su. Solo in quel momento ho capito che tutto sarebbe andato per il meglio. Mi hanno fatto salire in macchina, dietro, come le persone importanti. Ho visto scorrere dal finestrino le strade piene di gente, le insegne al neon fiammeggianti sotto la pioggia, le lunghe file di taxi gialli, incolonnati nel traffico di Natale. Ora sono qui, al caldo. Non \u00e8 facile spiegare quanto questo evento sia eccezionale, per me. Di solito, nei posti caldi, non mi fanno mai restare. Mi guardano chi con disgusto, chi con disprezzo; qualcuno, magari, con piet\u00e0. Mi tollerano, se va bene, per un po\u2019, ma prima o poi \u2013 beh, spesso molto velocemente \u2013 mi cacciano via.<\/span><\/p>\n<p><span style=\"color: #000000; font-family: Calibri;\">Questa volta, per\u00f2, \u00e8 diverso. Sono venuti a prendermi, gi\u00f9 nel parco, dove i bambini corrono con gli occhi spalancati quando \u00e8 primavera e talvolta si accorgono della mia presenza, e sembra quasi che vogliano avvicinarsi e toccarmi, prima che mani di mamme premurose li trascinino via, lontano dal mio odore di erba marcia e di peccato. Si, ma ora le cose sono cambiate. Questo posto non \u00e8 certo un palazzo reale, ma almeno ho un tetto sopra la testa. Un posto asciutto dove dormire, e un brodo caldo dal profumo invitante di carne bollita. Una donna mi si \u00e8 avvicinata, prima, e mi ha parlato, con tenerezza. Mi ha guardato mentre mangiavo avidamente, e mi ha sorriso. Quando ho finito ho alzato lo sguardo, ma lei non c\u2019era pi\u00f9. Che villano sono stato, spero proprio che ritorni, devo sdebitarmi con lei in qualche modo. Si, e da domani voglio cambiare vita. Basta scappare, basta aver paura del frastuono del traffico e delle folle che la mattina si riversano nelle strade e scompaiono nei buchi neri dei metr\u00f2. Da domani sar\u00e0 tutto diverso. Adesso, per\u00f2, sono stanco, voglio dormire. Hanno spento le luci, e una confortevole penombra circonda me e gli altri vagabondi che in questa grande stanza condividono lo stesso destino. Come state fratelli? C\u2019\u00e8 qualcosa che non va? Il vostro sguardo \u00e8 spento, sembrate tristi. Forse sono le sbarre strette di questa stanza a non piacervi, ma se aveste dormito sul cemento freddo, senza mangiare per giorni, come ho fatto io, non ci dareste poi tanta importanza. O forse nessuno vi ha accolti qui con un sorriso, come \u00e8 successo a me. Un sorriso cos\u00ec accende il cuore. Buonanotte, sfortunati fratelli, mi auguro che domani sia un giorno meraviglioso per tutti noi.<\/span><\/p>\n<p><span style=\"color: #000000; font-family: Calibri;\">Ha smesso di piovere. La luna \u00e8 un disco giallo stampato a rilevo su un cielo di glassa nera; una lunga serie di latrati la accompagna nel suo lento moto attraverso la notte di Natale. <\/span><span style=\"color: #000000; font-family: Calibri;\">Alla fredda luce di un neon, oltre le sbarre, un uomo in camice bianco spunta la breve lista delle adozioni. Sul tavolo in acciaio davanti a lui, letali, sono allineate le siringhe per quelli che invece nessuno sceglier\u00e0 mai.\u00a0 <\/span><span style=\"color: #000000; font-family: Calibri;\">Un cane guercio, dal pelo arruffato e lo sguardo dolce, si acciambella nella sua coperta di feltro, sognando il paradiso.<\/span><\/p>\n<div class=\"pvc_clear\"><\/div>\n<p id=\"pvc_stats_35303\" class=\"pvc_stats all  \" data-element-id=\"35303\" style=\"\"><i class=\"pvc-stats-icon medium\" aria-hidden=\"true\"><svg aria-hidden=\"true\" focusable=\"false\" data-prefix=\"far\" data-icon=\"chart-bar\" role=\"img\" xmlns=\"http:\/\/www.w3.org\/2000\/svg\" viewBox=\"0 0 512 512\" class=\"svg-inline--fa fa-chart-bar fa-w-16 fa-2x\"><path fill=\"currentColor\" d=\"M396.8 352h22.4c6.4 0 12.8-6.4 12.8-12.8V108.8c0-6.4-6.4-12.8-12.8-12.8h-22.4c-6.4 0-12.8 6.4-12.8 12.8v230.4c0 6.4 6.4 12.8 12.8 12.8zm-192 0h22.4c6.4 0 12.8-6.4 12.8-12.8V140.8c0-6.4-6.4-12.8-12.8-12.8h-22.4c-6.4 0-12.8 6.4-12.8 12.8v198.4c0 6.4 6.4 12.8 12.8 12.8zm96 0h22.4c6.4 0 12.8-6.4 12.8-12.8V204.8c0-6.4-6.4-12.8-12.8-12.8h-22.4c-6.4 0-12.8 6.4-12.8 12.8v134.4c0 6.4 6.4 12.8 12.8 12.8zM496 400H48V80c0-8.84-7.16-16-16-16H16C7.16 64 0 71.16 0 80v336c0 17.67 14.33 32 32 32h464c8.84 0 16-7.16 16-16v-16c0-8.84-7.16-16-16-16zm-387.2-48h22.4c6.4 0 12.8-6.4 12.8-12.8v-70.4c0-6.4-6.4-12.8-12.8-12.8h-22.4c-6.4 0-12.8 6.4-12.8 12.8v70.4c0 6.4 6.4 12.8 12.8 12.8z\" class=\"\"><\/path><\/svg><\/i> <img loading=\"lazy\" decoding=\"async\" width=\"16\" height=\"16\" alt=\"Loading\" src=\"https:\/\/www.raccontinellarete.it\/301\/wp-content\/plugins\/page-views-count\/ajax-loader-2x.gif\" border=0 \/><\/p>\n<div class=\"pvc_clear\"><\/div>\n","protected":false},"excerpt":{"rendered":"<p>Sono giorni che mi trascino per le strade, senza meta, cercando solo di trovare qualcosa di commestibile da mandare gi\u00f9. Di solito, nei vicoli scuri che serpeggiano sul retro dei ristoranti, qualcosa si trova, rovistando tra i rifiuti. Ma anche gli avanzi scarseggiano, di questi tempi. Sono giorni duri. Il cielo \u00e8 grigio e pesante [&hellip;]<\/p>\n<div class=\"pvc_clear\"><\/div>\n<p id=\"pvc_stats_35303\" class=\"pvc_stats all  \" data-element-id=\"35303\" style=\"\"><i class=\"pvc-stats-icon medium\" aria-hidden=\"true\"><svg aria-hidden=\"true\" focusable=\"false\" data-prefix=\"far\" data-icon=\"chart-bar\" role=\"img\" xmlns=\"http:\/\/www.w3.org\/2000\/svg\" viewBox=\"0 0 512 512\" class=\"svg-inline--fa fa-chart-bar fa-w-16 fa-2x\"><path fill=\"currentColor\" d=\"M396.8 352h22.4c6.4 0 12.8-6.4 12.8-12.8V108.8c0-6.4-6.4-12.8-12.8-12.8h-22.4c-6.4 0-12.8 6.4-12.8 12.8v230.4c0 6.4 6.4 12.8 12.8 12.8zm-192 0h22.4c6.4 0 12.8-6.4 12.8-12.8V140.8c0-6.4-6.4-12.8-12.8-12.8h-22.4c-6.4 0-12.8 6.4-12.8 12.8v198.4c0 6.4 6.4 12.8 12.8 12.8zm96 0h22.4c6.4 0 12.8-6.4 12.8-12.8V204.8c0-6.4-6.4-12.8-12.8-12.8h-22.4c-6.4 0-12.8 6.4-12.8 12.8v134.4c0 6.4 6.4 12.8 12.8 12.8zM496 400H48V80c0-8.84-7.16-16-16-16H16C7.16 64 0 71.16 0 80v336c0 17.67 14.33 32 32 32h464c8.84 0 16-7.16 16-16v-16c0-8.84-7.16-16-16-16zm-387.2-48h22.4c6.4 0 12.8-6.4 12.8-12.8v-70.4c0-6.4-6.4-12.8-12.8-12.8h-22.4c-6.4 0-12.8 6.4-12.8 12.8v70.4c0 6.4 6.4 12.8 12.8 12.8z\" class=\"\"><\/path><\/svg><\/i> <img loading=\"lazy\" decoding=\"async\" width=\"16\" height=\"16\" alt=\"Loading\" src=\"https:\/\/www.raccontinellarete.it\/301\/wp-content\/plugins\/page-views-count\/ajax-loader-2x.gif\" border=0 \/><\/p>\n<div class=\"pvc_clear\"><\/div>\n","protected":false},"author":16123,"featured_media":0,"comment_status":"open","ping_status":"closed","sticky":false,"template":"","format":"standard","meta":{"footnotes":""},"categories":[483],"tags":[],"class_list":["post-35303","post","type-post","status-publish","format-standard","hentry","category-premio-racconti-nella-rete-2018"],"_links":{"self":[{"href":"https:\/\/www.raccontinellarete.it\/index.php?rest_route=\/wp\/v2\/posts\/35303"}],"collection":[{"href":"https:\/\/www.raccontinellarete.it\/index.php?rest_route=\/wp\/v2\/posts"}],"about":[{"href":"https:\/\/www.raccontinellarete.it\/index.php?rest_route=\/wp\/v2\/types\/post"}],"author":[{"embeddable":true,"href":"https:\/\/www.raccontinellarete.it\/index.php?rest_route=\/wp\/v2\/users\/16123"}],"replies":[{"embeddable":true,"href":"https:\/\/www.raccontinellarete.it\/index.php?rest_route=%2Fwp%2Fv2%2Fcomments&post=35303"}],"version-history":[{"count":3,"href":"https:\/\/www.raccontinellarete.it\/index.php?rest_route=\/wp\/v2\/posts\/35303\/revisions"}],"predecessor-version":[{"id":35359,"href":"https:\/\/www.raccontinellarete.it\/index.php?rest_route=\/wp\/v2\/posts\/35303\/revisions\/35359"}],"wp:attachment":[{"href":"https:\/\/www.raccontinellarete.it\/index.php?rest_route=%2Fwp%2Fv2%2Fmedia&parent=35303"}],"wp:term":[{"taxonomy":"category","embeddable":true,"href":"https:\/\/www.raccontinellarete.it\/index.php?rest_route=%2Fwp%2Fv2%2Fcategories&post=35303"},{"taxonomy":"post_tag","embeddable":true,"href":"https:\/\/www.raccontinellarete.it\/index.php?rest_route=%2Fwp%2Fv2%2Ftags&post=35303"}],"curies":[{"name":"wp","href":"https:\/\/api.w.org\/{rel}","templated":true}]}}