{"id":35266,"date":"2018-05-18T10:46:19","date_gmt":"2018-05-18T09:46:19","guid":{"rendered":"http:\/\/www.raccontinellarete.it\/?p=35266"},"modified":"2018-05-18T10:46:54","modified_gmt":"2018-05-18T09:46:54","slug":"premio-racconti-nella-rete-2018-concerto-di-primavera-di-maria-rosaria-belfi-sezione-racconti-per-bambini","status":"publish","type":"post","link":"https:\/\/www.raccontinellarete.it\/?p=35266","title":{"rendered":"Premio Racconti nella Rete 2018 &#8220;Concerto di primavera&#8221; di Maria Rosaria Belfi (sezione racconti per bambini)"},"content":{"rendered":"<p>Nel prato di Floralia la primavera \u00e8 esplosa ma una nota di tristezza serpeggia fra tutti gli abitanti! La scomparsa della chiocciola Mirtilla ha creato un senso di vuoto generando ansia ed inquietudine.<\/p>\n<p>\u201cManca da un mese!\u201d ripeteva Mietta, la cavalletta. \u201cDove sar\u00e0?\u201d chiedeva disperato Pistillo Artista, il grillo musicista. Mirtilla era sparita all\u2019alba di una promettente giornata di primavera e di lei nessuna traccia. Gli abitanti del prato la cercarono dappertutto, in ogni crepa e sotto ogni pianta ma invano. Mietta e Pistillo, provetti musicisti, avevano in programma un concerto il cui ricavato sarebbe stato devoluto per una nobile causa: il recupero degli animali feriti, durante la caccia o in altri frangenti.<\/p>\n<p>Rimandarono il loro spettacolo e organizzarono una ricerca nel prato. Ma come trovarla? E dove? A Mirtilla piaceva la musica e, a volte, provava a muoversi sull\u2019onda delle note. Pistillo pens\u00f2 che il richiamo della musica potesse essere una buona possibilit\u00e0 e rispolver\u00f2 un vecchio successo \u201cThe rock of flowers\u201d. Mietta cominci\u00f2 subito ad esercitarsi nell\u2019arte del gorgheggio e non vedeva l\u2019ora di mettersi alla ricerca. Le note si diffusero nell\u2019aria limpida smossa dal volo delle farfalle che in modo sincronico incrociavano forme e colori. Il sole stava per tramontare ma di Mirtilla nessuna traccia! Le prime ombre della sera avvolgevano il prato e il buio avrebbe reso la ricerca pi\u00f9 difficile.<\/p>\n<p>Mietta e Pistillo decisero di passare la notte nell\u2019incavo di un grande e vetusto castagno. All\u2019alba ripresero la ricerca intonando la loro canzone quando videro Mirtilla uscire dall\u2019ombra di un cavolo cavaliere, seguita dalle neonate chioccioline. Mirtilla era raggiante e fu felice di rivedere i suoi amici. Anche le piccole chiocciole sembravano muoversi al ritmo delle note di quella musica. E festa fu!<\/p>\n<p>\u201cUna sola rosa pu\u00f2 essere il mio giardino\u2026un solo amico il mio mondo\u201d (Leo Buscaglia)<\/p>\n<div class=\"pvc_clear\"><\/div>\n<p id=\"pvc_stats_35266\" class=\"pvc_stats all  \" data-element-id=\"35266\" style=\"\"><i class=\"pvc-stats-icon medium\" aria-hidden=\"true\"><svg aria-hidden=\"true\" focusable=\"false\" data-prefix=\"far\" data-icon=\"chart-bar\" role=\"img\" xmlns=\"http:\/\/www.w3.org\/2000\/svg\" viewBox=\"0 0 512 512\" class=\"svg-inline--fa fa-chart-bar fa-w-16 fa-2x\"><path fill=\"currentColor\" d=\"M396.8 352h22.4c6.4 0 12.8-6.4 12.8-12.8V108.8c0-6.4-6.4-12.8-12.8-12.8h-22.4c-6.4 0-12.8 6.4-12.8 12.8v230.4c0 6.4 6.4 12.8 12.8 12.8zm-192 0h22.4c6.4 0 12.8-6.4 12.8-12.8V140.8c0-6.4-6.4-12.8-12.8-12.8h-22.4c-6.4 0-12.8 6.4-12.8 12.8v198.4c0 6.4 6.4 12.8 12.8 12.8zm96 0h22.4c6.4 0 12.8-6.4 12.8-12.8V204.8c0-6.4-6.4-12.8-12.8-12.8h-22.4c-6.4 0-12.8 6.4-12.8 12.8v134.4c0 6.4 6.4 12.8 12.8 12.8zM496 400H48V80c0-8.84-7.16-16-16-16H16C7.16 64 0 71.16 0 80v336c0 17.67 14.33 32 32 32h464c8.84 0 16-7.16 16-16v-16c0-8.84-7.16-16-16-16zm-387.2-48h22.4c6.4 0 12.8-6.4 12.8-12.8v-70.4c0-6.4-6.4-12.8-12.8-12.8h-22.4c-6.4 0-12.8 6.4-12.8 12.8v70.4c0 6.4 6.4 12.8 12.8 12.8z\" class=\"\"><\/path><\/svg><\/i> <img loading=\"lazy\" decoding=\"async\" width=\"16\" height=\"16\" alt=\"Loading\" src=\"https:\/\/www.raccontinellarete.it\/301\/wp-content\/plugins\/page-views-count\/ajax-loader-2x.gif\" border=0 \/><\/p>\n<div class=\"pvc_clear\"><\/div>\n","protected":false},"excerpt":{"rendered":"<p>Nel prato di Floralia la primavera \u00e8 esplosa ma una nota di tristezza serpeggia fra tutti gli abitanti! La scomparsa della chiocciola Mirtilla ha creato un senso di vuoto generando ansia ed inquietudine. \u201cManca da un mese!\u201d ripeteva Mietta, la cavalletta. \u201cDove sar\u00e0?\u201d chiedeva disperato Pistillo Artista, il grillo musicista. Mirtilla era sparita all\u2019alba di [&hellip;]<\/p>\n<div class=\"pvc_clear\"><\/div>\n<p id=\"pvc_stats_35266\" class=\"pvc_stats all  \" data-element-id=\"35266\" style=\"\"><i class=\"pvc-stats-icon medium\" aria-hidden=\"true\"><svg aria-hidden=\"true\" focusable=\"false\" data-prefix=\"far\" data-icon=\"chart-bar\" role=\"img\" xmlns=\"http:\/\/www.w3.org\/2000\/svg\" viewBox=\"0 0 512 512\" class=\"svg-inline--fa fa-chart-bar fa-w-16 fa-2x\"><path fill=\"currentColor\" d=\"M396.8 352h22.4c6.4 0 12.8-6.4 12.8-12.8V108.8c0-6.4-6.4-12.8-12.8-12.8h-22.4c-6.4 0-12.8 6.4-12.8 12.8v230.4c0 6.4 6.4 12.8 12.8 12.8zm-192 0h22.4c6.4 0 12.8-6.4 12.8-12.8V140.8c0-6.4-6.4-12.8-12.8-12.8h-22.4c-6.4 0-12.8 6.4-12.8 12.8v198.4c0 6.4 6.4 12.8 12.8 12.8zm96 0h22.4c6.4 0 12.8-6.4 12.8-12.8V204.8c0-6.4-6.4-12.8-12.8-12.8h-22.4c-6.4 0-12.8 6.4-12.8 12.8v134.4c0 6.4 6.4 12.8 12.8 12.8zM496 400H48V80c0-8.84-7.16-16-16-16H16C7.16 64 0 71.16 0 80v336c0 17.67 14.33 32 32 32h464c8.84 0 16-7.16 16-16v-16c0-8.84-7.16-16-16-16zm-387.2-48h22.4c6.4 0 12.8-6.4 12.8-12.8v-70.4c0-6.4-6.4-12.8-12.8-12.8h-22.4c-6.4 0-12.8 6.4-12.8 12.8v70.4c0 6.4 6.4 12.8 12.8 12.8z\" class=\"\"><\/path><\/svg><\/i> <img loading=\"lazy\" decoding=\"async\" width=\"16\" height=\"16\" alt=\"Loading\" src=\"https:\/\/www.raccontinellarete.it\/301\/wp-content\/plugins\/page-views-count\/ajax-loader-2x.gif\" border=0 \/><\/p>\n<div class=\"pvc_clear\"><\/div>\n","protected":false},"author":8404,"featured_media":0,"comment_status":"open","ping_status":"closed","sticky":false,"template":"","format":"standard","meta":{"footnotes":""},"categories":[483],"tags":[],"class_list":["post-35266","post","type-post","status-publish","format-standard","hentry","category-premio-racconti-nella-rete-2018"],"_links":{"self":[{"href":"https:\/\/www.raccontinellarete.it\/index.php?rest_route=\/wp\/v2\/posts\/35266"}],"collection":[{"href":"https:\/\/www.raccontinellarete.it\/index.php?rest_route=\/wp\/v2\/posts"}],"about":[{"href":"https:\/\/www.raccontinellarete.it\/index.php?rest_route=\/wp\/v2\/types\/post"}],"author":[{"embeddable":true,"href":"https:\/\/www.raccontinellarete.it\/index.php?rest_route=\/wp\/v2\/users\/8404"}],"replies":[{"embeddable":true,"href":"https:\/\/www.raccontinellarete.it\/index.php?rest_route=%2Fwp%2Fv2%2Fcomments&post=35266"}],"version-history":[{"count":1,"href":"https:\/\/www.raccontinellarete.it\/index.php?rest_route=\/wp\/v2\/posts\/35266\/revisions"}],"predecessor-version":[{"id":35267,"href":"https:\/\/www.raccontinellarete.it\/index.php?rest_route=\/wp\/v2\/posts\/35266\/revisions\/35267"}],"wp:attachment":[{"href":"https:\/\/www.raccontinellarete.it\/index.php?rest_route=%2Fwp%2Fv2%2Fmedia&parent=35266"}],"wp:term":[{"taxonomy":"category","embeddable":true,"href":"https:\/\/www.raccontinellarete.it\/index.php?rest_route=%2Fwp%2Fv2%2Fcategories&post=35266"},{"taxonomy":"post_tag","embeddable":true,"href":"https:\/\/www.raccontinellarete.it\/index.php?rest_route=%2Fwp%2Fv2%2Ftags&post=35266"}],"curies":[{"name":"wp","href":"https:\/\/api.w.org\/{rel}","templated":true}]}}