{"id":35264,"date":"2018-05-18T18:10:53","date_gmt":"2018-05-18T17:10:53","guid":{"rendered":"http:\/\/www.raccontinellarete.it\/?p=35264"},"modified":"2018-05-18T18:10:53","modified_gmt":"2018-05-18T17:10:53","slug":"premio-racconti-nella-rete-2018-la-viola-il-fiore-del-ricordo-di-jessica-mantovani","status":"publish","type":"post","link":"https:\/\/www.raccontinellarete.it\/?p=35264","title":{"rendered":"Premio Racconti nella Rete 2018 &#8220;LA VIOLA il fiore del ricordo&#8221; di Jessica Mantovani"},"content":{"rendered":"<p style=\"text-align: left;\">Lo aveva appena raccolto quel fiorellino: lo osservava con curiosit\u00e0 come solo un bimbo pu\u00f2 fare soffermandosi su dettagli. Rigirava il verde peduncolo tra pollice e indice e sorridente le correva incontro.<\/p>\n<p style=\"text-align: left;\">-Mamma, mamma, \u00e8 per te!<\/p>\n<p style=\"text-align: left;\">Due mani morbide, tenere, ben disegnate, la sfioravano con carezze e trasmettevano in un solo gesto tutto l\u2019amore di cui abbisognava. Occhi grandi, scuri e vivaci, facevano tutt\u2019uno con l\u2019espressione di gioia raccontate da quelle fossette, da quel sorriso dolce e spontaneo che appartiene solo a una certa et\u00e0 della vita.<\/p>\n<p style=\"text-align: left;\">Braccia esili, un corpo minuto a chiedere protezione, gambette veloci a rincorrere il divenire. Il tempo di una stretta per sentirsi al sicuro tra le braccia di sua madre: un gesto semplice come il vivere di un\u2019anima di cinque anni.<\/p>\n<p style=\"text-align: left;\">Un attimo soltanto per assaporare lei quella serenit\u00e0 che la pervadeva quando i cuori si toccavano; lui, piccolo uomo alla scoperta del mondo, era gi\u00e0 lontano su quell\u2019immenso prato tutt\u2019intorno.<\/p>\n<p style=\"text-align: left;\">Le passeggiate all\u2019aria aperta a calpestare quel verde speranza esteso sotto i suoi piedi: momento tanto atteso per ritrovare il suo essere naturale. Reggeva in mano quel piccolo dono profumato con fare nostalgico, rivisitando in quei petali i primi anni della sua infanzia.<\/p>\n<p style=\"text-align: left;\">A testa china, le punte di lunghi capelli castani sfioravano la corolla; occhi grandi e profondi lumeggiavano lasciando trasparire la malinconia dei ricordi. In quel fanciullo giocherellante tra fili d\u2019erba, riviveva tutta la sua felicit\u00e0 di bambina di un tempo.<\/p>\n<p style=\"text-align: left;\">Le riecheggiavano alla mente\u00a0 mattine di primavera inoltrata con il sole gi\u00e0 alto e il sottobosco dietro casa dipinto di un viola acceso. Petali delicati sfumati al centro di un giallo intenso facevano da tappeto a un frutteto. Viole. Un vasto campo di viole. Fiori di frutti, foglie verdi, arbusti e boccioli apostrofati da un mix di tinte e di essenze raccontavano all\u2019unisono la rinascita della bella stagione.<\/p>\n<p style=\"text-align: left;\">A dominare lo sfondo un sistema di fortificazione risalente alla seconda Guerra Mondiale segnava un limite alla distanza che ella poteva percorrere e lasciava calare un\u2019atmosfera quasi misteriosa sui racconti dei vecchi saggi intorno alle punizioni inflitte ai nemici; un pezzo di storia per quella giovane et\u00e0 ancora sconosciuta.<\/p>\n<p style=\"text-align: left;\">L\u2019orizzonte tracciato con una matita blu, fissato da distante, pareva quasi a portata di mano ma se con l\u2019indice allungato lo si voleva toccare, si manifestava in tutto il suo infinito.<\/p>\n<p style=\"text-align: left;\">Viveva la spensieratezza ricercando il fiore pi\u00f9 colorato, il petalo pi\u00f9 grande, lo stelo pi\u00f9 lungo, saltando in qua e in l\u00e0, perdendosi ai piedi di maestose chiome, cadendo stesa a terra contemplando l\u2019azzurro sopra di s\u00e9. Morbidi capelli di bambina le accarezzavano le spalle e la avvolgevano quando giocava a rotolarsi su se stessa.<\/p>\n<p style=\"text-align: left;\">Un mazzolino di viole era la compagnia delle giornate; si potevano contare, riunire, dividere, lanciare e raccogliere di nuovo. Una voce bianca che cantava ritornelli inventati e la convinzione di aver gi\u00e0 smascherato tutta la bellezza del mondo.<\/p>\n<p style=\"text-align: left;\">Un quadro in armonia con il suo tempo.<\/p>\n<p style=\"text-align: left;\">Con il passare degli anni quella fragranza alla viola, che si era impossessata di lei fin dalla tenera et\u00e0, non era mai riuscita ad archiviarla. Si era fatta donna e ancor le bastava un nonnulla per riconoscerla fra le tante. Un effluvio leggero come il fiore che lo produceva, uno spirito fresco pari al suo temperamento, un odore intenso e vellutato che marchiava il carattere e l\u2019animo che indossava. Portava confinato dentro un passato nostalgico in cui rifugiarsi.<\/p>\n<p style=\"text-align: left;\">-Mamma, corri! E lo sentiva ridere.<\/p>\n<p style=\"text-align: left;\">Era piena di lui, ribella creatura innocente di cui contava i respiri.<\/p>\n<p style=\"text-align: left;\">Desiderava crescerlo nella semplicit\u00e0 delle azioni offrendogli il potere di cogliere la purezza di ogni particolare.<\/p>\n<p style=\"text-align: left;\">Avrebbe voluto costruirgli attorno un repertorio di memorie da poter rispolverare in ogni momento, un baule di flashback in cui ripararsi ogni qualvolta percepiva il bisogno di sentirsi a casa.<\/p>\n<p style=\"text-align: left;\">Mentre lo raggiungeva con il cuore che le scoppiava di gioia era certa che il momento era quello giusto, il tempo di lasciare le tracce.<\/p>\n<div class=\"pvc_clear\"><\/div>\n<p id=\"pvc_stats_35264\" class=\"pvc_stats all  \" data-element-id=\"35264\" style=\"\"><i class=\"pvc-stats-icon medium\" aria-hidden=\"true\"><svg aria-hidden=\"true\" focusable=\"false\" data-prefix=\"far\" data-icon=\"chart-bar\" role=\"img\" xmlns=\"http:\/\/www.w3.org\/2000\/svg\" viewBox=\"0 0 512 512\" class=\"svg-inline--fa fa-chart-bar fa-w-16 fa-2x\"><path fill=\"currentColor\" d=\"M396.8 352h22.4c6.4 0 12.8-6.4 12.8-12.8V108.8c0-6.4-6.4-12.8-12.8-12.8h-22.4c-6.4 0-12.8 6.4-12.8 12.8v230.4c0 6.4 6.4 12.8 12.8 12.8zm-192 0h22.4c6.4 0 12.8-6.4 12.8-12.8V140.8c0-6.4-6.4-12.8-12.8-12.8h-22.4c-6.4 0-12.8 6.4-12.8 12.8v198.4c0 6.4 6.4 12.8 12.8 12.8zm96 0h22.4c6.4 0 12.8-6.4 12.8-12.8V204.8c0-6.4-6.4-12.8-12.8-12.8h-22.4c-6.4 0-12.8 6.4-12.8 12.8v134.4c0 6.4 6.4 12.8 12.8 12.8zM496 400H48V80c0-8.84-7.16-16-16-16H16C7.16 64 0 71.16 0 80v336c0 17.67 14.33 32 32 32h464c8.84 0 16-7.16 16-16v-16c0-8.84-7.16-16-16-16zm-387.2-48h22.4c6.4 0 12.8-6.4 12.8-12.8v-70.4c0-6.4-6.4-12.8-12.8-12.8h-22.4c-6.4 0-12.8 6.4-12.8 12.8v70.4c0 6.4 6.4 12.8 12.8 12.8z\" class=\"\"><\/path><\/svg><\/i> <img loading=\"lazy\" decoding=\"async\" width=\"16\" height=\"16\" alt=\"Loading\" src=\"https:\/\/www.raccontinellarete.it\/301\/wp-content\/plugins\/page-views-count\/ajax-loader-2x.gif\" border=0 \/><\/p>\n<div class=\"pvc_clear\"><\/div>\n","protected":false},"excerpt":{"rendered":"<p>Lo aveva appena raccolto quel fiorellino: lo osservava con curiosit\u00e0 come solo un bimbo pu\u00f2 fare soffermandosi su dettagli. Rigirava il verde peduncolo tra pollice e indice e sorridente le correva incontro. -Mamma, mamma, \u00e8 per te! Due mani morbide, tenere, ben disegnate, la sfioravano con carezze e trasmettevano in un solo gesto tutto l\u2019amore [&hellip;]<\/p>\n<div class=\"pvc_clear\"><\/div>\n<p id=\"pvc_stats_35264\" class=\"pvc_stats all  \" data-element-id=\"35264\" style=\"\"><i class=\"pvc-stats-icon medium\" aria-hidden=\"true\"><svg aria-hidden=\"true\" focusable=\"false\" data-prefix=\"far\" data-icon=\"chart-bar\" role=\"img\" xmlns=\"http:\/\/www.w3.org\/2000\/svg\" viewBox=\"0 0 512 512\" class=\"svg-inline--fa fa-chart-bar fa-w-16 fa-2x\"><path fill=\"currentColor\" d=\"M396.8 352h22.4c6.4 0 12.8-6.4 12.8-12.8V108.8c0-6.4-6.4-12.8-12.8-12.8h-22.4c-6.4 0-12.8 6.4-12.8 12.8v230.4c0 6.4 6.4 12.8 12.8 12.8zm-192 0h22.4c6.4 0 12.8-6.4 12.8-12.8V140.8c0-6.4-6.4-12.8-12.8-12.8h-22.4c-6.4 0-12.8 6.4-12.8 12.8v198.4c0 6.4 6.4 12.8 12.8 12.8zm96 0h22.4c6.4 0 12.8-6.4 12.8-12.8V204.8c0-6.4-6.4-12.8-12.8-12.8h-22.4c-6.4 0-12.8 6.4-12.8 12.8v134.4c0 6.4 6.4 12.8 12.8 12.8zM496 400H48V80c0-8.84-7.16-16-16-16H16C7.16 64 0 71.16 0 80v336c0 17.67 14.33 32 32 32h464c8.84 0 16-7.16 16-16v-16c0-8.84-7.16-16-16-16zm-387.2-48h22.4c6.4 0 12.8-6.4 12.8-12.8v-70.4c0-6.4-6.4-12.8-12.8-12.8h-22.4c-6.4 0-12.8 6.4-12.8 12.8v70.4c0 6.4 6.4 12.8 12.8 12.8z\" class=\"\"><\/path><\/svg><\/i> <img loading=\"lazy\" decoding=\"async\" width=\"16\" height=\"16\" alt=\"Loading\" src=\"https:\/\/www.raccontinellarete.it\/301\/wp-content\/plugins\/page-views-count\/ajax-loader-2x.gif\" border=0 \/><\/p>\n<div class=\"pvc_clear\"><\/div>\n","protected":false},"author":16079,"featured_media":0,"comment_status":"open","ping_status":"closed","sticky":false,"template":"","format":"standard","meta":{"footnotes":""},"categories":[483],"tags":[],"class_list":["post-35264","post","type-post","status-publish","format-standard","hentry","category-premio-racconti-nella-rete-2018"],"_links":{"self":[{"href":"https:\/\/www.raccontinellarete.it\/index.php?rest_route=\/wp\/v2\/posts\/35264"}],"collection":[{"href":"https:\/\/www.raccontinellarete.it\/index.php?rest_route=\/wp\/v2\/posts"}],"about":[{"href":"https:\/\/www.raccontinellarete.it\/index.php?rest_route=\/wp\/v2\/types\/post"}],"author":[{"embeddable":true,"href":"https:\/\/www.raccontinellarete.it\/index.php?rest_route=\/wp\/v2\/users\/16079"}],"replies":[{"embeddable":true,"href":"https:\/\/www.raccontinellarete.it\/index.php?rest_route=%2Fwp%2Fv2%2Fcomments&post=35264"}],"version-history":[{"count":2,"href":"https:\/\/www.raccontinellarete.it\/index.php?rest_route=\/wp\/v2\/posts\/35264\/revisions"}],"predecessor-version":[{"id":35284,"href":"https:\/\/www.raccontinellarete.it\/index.php?rest_route=\/wp\/v2\/posts\/35264\/revisions\/35284"}],"wp:attachment":[{"href":"https:\/\/www.raccontinellarete.it\/index.php?rest_route=%2Fwp%2Fv2%2Fmedia&parent=35264"}],"wp:term":[{"taxonomy":"category","embeddable":true,"href":"https:\/\/www.raccontinellarete.it\/index.php?rest_route=%2Fwp%2Fv2%2Fcategories&post=35264"},{"taxonomy":"post_tag","embeddable":true,"href":"https:\/\/www.raccontinellarete.it\/index.php?rest_route=%2Fwp%2Fv2%2Ftags&post=35264"}],"curies":[{"name":"wp","href":"https:\/\/api.w.org\/{rel}","templated":true}]}}