{"id":34900,"date":"2018-05-07T18:21:20","date_gmt":"2018-05-07T17:21:20","guid":{"rendered":"http:\/\/www.raccontinellarete.it\/?p=34900"},"modified":"2018-05-07T22:54:13","modified_gmt":"2018-05-07T21:54:13","slug":"premio-racconti-nella-rete-2018-barbie-e-il-perfezionismo-di-margherita-sezione-racconti-per-bambini-di-silvia-mauri","status":"publish","type":"post","link":"https:\/\/www.raccontinellarete.it\/?p=34900","title":{"rendered":"Premio Racconti nella Rete 2018 &#8220;Barbie e&#8230; il perfezionismo di Margherita&#8221; di Silvia Mauri"},"content":{"rendered":"<p align=\"left\">\u201c<span style=\"font-family: Euphemia, sans-serif;\"><span style=\"font-size: medium;\">Guardi, a dire il vero, le bambole non mi piacciono e forse non mi sono mai piaciute! Sono dubbiosa su questo approccio, ma visto che sulla mia amica ha funzionato, vorrei provare&#8230;\u201d<\/span><\/span><\/p>\n<p align=\"left\"><span style=\"font-family: Euphemia, sans-serif;\"><span style=\"font-size: medium;\">E\u2019 con queste parole che sento per la prima volta la voce di Margherita: una voce dal tono secco, di chi vuol mettere subito in chiaro la propria posizione.<\/span><\/span><\/p>\n<p align=\"left\"><span style=\"font-family: Euphemia, sans-serif;\"><span style=\"font-size: medium;\">Incontro Margherita in una giornata autunnale, un po\u2019 fredda, come la sua voce\u2026<\/span><\/span><\/p>\n<p align=\"left\"><span style=\"font-family: Euphemia, sans-serif;\"><span style=\"font-size: medium;\">Lei \u00e8 una giovane donna in carriera, molto curata, ben vestita, attenta ai minimi dettagli, superorganizzata. Si racconta come abituata ad essere efficiente, a pianificare e monitorare ogni aspetto della sua vita; non ammette imprevisti o deviazioni al suo rigoroso ed impeccabile vivere.<\/span><\/span><\/p>\n<p align=\"left\"><span style=\"font-family: Euphemia, sans-serif;\"><span style=\"font-size: medium;\">Cos\u00ec come non pu\u00f2 ammettere ed accettare la sua iniziale gravidanza, che considera un \u201cerrore\u201d della sua programmazione.<\/span><\/span><\/p>\n<p align=\"left\"><span style=\"font-family: Euphemia, sans-serif;\"><span style=\"font-size: medium;\">La sola idea di non essere stata in grado di evitare questo \u201cinconveniente\u201d, unita alla realt\u00e0 che il suo corpo perfetto possa \u201cguastarsi\u201d, la mandano in ansia e la fanno sentire inadeguata e in colpa perch\u00e9 il suo controllo ha fallito!<\/span><\/span><\/p>\n<p align=\"left\"><span style=\"font-family: Euphemia, sans-serif;\"><span style=\"font-size: medium;\">Non prende in considerazione un\u2019interruzione volontaria della gravidanza, in quanto appartiene ad una famiglia religiosa e praticante che mai approverebbe una decisione di questo tipo. <\/span><\/span><\/p>\n<p align=\"left\"><span style=\"font-family: Euphemia, sans-serif;\"><span style=\"font-size: medium;\">E lei, cosa vorrebbe in cuor suo? Se Margherita potesse scegliere liberamente che farebbe: si libererebbe in fretta di questo \u201cinconveniente\u201d o prenderebbe in considerazione un cambiamento di rotta nella sua vita? <\/span><\/span><\/p>\n<p align=\"left\"><span style=\"font-family: Euphemia, sans-serif;\"><span style=\"font-size: medium;\">Le domande sorgono in me e orientano ci\u00f2 che le chiedo: \u201cMargherita, ma lei cosa vorrebbe per s\u00e9 stessa, aldil\u00e0 di cosa gli altri si aspettano? Si \u00e8 mai pensata come mamma?\u201d<\/span><\/span><\/p>\n<p align=\"left\"><span style=\"font-family: Euphemia, sans-serif;\"><span style=\"font-size: medium;\">Rimane in silenzio a lungo, comprendo che sta elaborando una risposta che potrebbe essere logica, coerente con il suo paradigma mentale, forse perfino prevedibile\u2026 Invece: \u201cNo, non ci ho mai pensato, ma ora che so di essere incinta\u2026 Beh, ecco, certo che lo vorrei un bambino, ma senza la gravidanza! Sono terrorizzata all\u2019idea di avere la pancia, di cambiare la forma del mio corpo&#8230;\u201d<\/span><\/span><\/p>\n<p align=\"left\"><span style=\"font-family: Euphemia, sans-serif;\"><span style=\"font-size: medium;\">Bene, avevamo un punto da cui partire: potevamo lavorare sull\u2019immagine corporea che Margherita aveva di s\u00e9, cristallizzata in un\u2019 icona di perfezione immobile. <\/span><\/span><\/p>\n<p align=\"left\"><span style=\"font-family: Euphemia, sans-serif;\"><span style=\"font-size: medium;\">E potevo proporle una bambola, s\u00ec, ma quale?<\/span><\/span><\/p>\n<p align=\"left\"><span style=\"font-family: Euphemia, sans-serif;\"><span style=\"font-size: medium;\">In un nuovo incontro dispongo nella stanza un po\u2019 di bambole, diverse per tipologia e dimensioni e le chiedo di sceglierne una che la rappresenti.<\/span><\/span><\/p>\n<p align=\"left\"><span style=\"font-family: Euphemia, sans-serif;\"><span style=\"font-size: medium;\">Si avvicina ad una Corinne, la prende, la valuta: \u201cQuesta potrei essere io, ma non incinta\u2026 Vede, nessuna bambola mi pu\u00f2 corrispondere ora, perch\u00e9 loro sono tutte belle e perfette e cos\u00ec restano\u2026\u201d<\/span><\/span><\/p>\n<p align=\"left\"><span style=\"font-family: Euphemia, sans-serif;\"><span style=\"font-size: medium;\">Ci sono alcune Barbie e similari e un guizzo le attraversa il bel volto: \u201cAh, ne avevo tre da bambina, sono le uniche bambole con cui ho giocato: mi piacevano proprio per i vestiti e perch\u00e9 erano come avrei voluto essere io!\u201d \u201cDirei che si \u00e8 avvicinata molto\u2026\u201d le dico, mentre le cingo le spalle e ci riflettiamo nel grande specchio di fronte a noi. <\/span><\/span><\/p>\n<p align=\"left\">\u201c<span style=\"font-family: Euphemia, sans-serif;\"><span style=\"font-size: medium;\">Sa che anche Barbie \u00e8 diventata mamma?\u201d <\/span><\/span><\/p>\n<p align=\"left\">\u201c<span style=\"font-family: Euphemia, sans-serif;\"><span style=\"font-size: medium;\">S\u00ec, ma lei senza pancia!\u201d<\/span><\/span><\/p>\n<p align=\"left\">\u201c<span style=\"font-family: Euphemia, sans-serif;\"><span style=\"font-size: medium;\">Guardi\u2026\u201d le dico, mostrandole un clone di Barbie incinta e la mitica Midge, anche lei col pancione\u2026<\/span><\/span><\/p>\n<p align=\"left\"><span style=\"font-family: Euphemia, sans-serif;\"><span style=\"font-size: medium;\">Le prende, solleva il vestito premaman e verifica che la pancia ci sia davvero: qualcosa accade in quel momento, anche se ancor oggi mi chiedo cosa abbia mai fatto di straordinario una semplice Barbie incinta\u2026 <\/span><\/span><\/p>\n<p align=\"left\"><span style=\"font-family: Euphemia, sans-serif;\"><span style=\"font-size: medium;\">Di certo, ha permesso a Margherita di considerare la possibilit\u00e0 di un percorso e di una relazione d\u2019aiuto attraverso cui potesse accettare il cambiamento, nel suo corpo, ma non solo.<\/span><\/span><\/p>\n<p align=\"left\"><span style=\"font-family: Euphemia, sans-serif;\"><span style=\"font-size: medium;\"><i>Non \u00e8 stato breve, n\u00e9 facile il lavoro che insieme abbiamo compiuto per affrontare la paura di perdere il controllo e la minaccia di perdere parti della propria immagine di s\u00e9: man mano sono emersi \u201cnodi\u201d di cui prendersi cura e ferite dolorose per cui il cammino si \u00e8 prolungato anche dopo il parto. Ma, ancora una volta, \u00e8 stata una bambola la chiave di accesso al mondo di Margherita, una Barbie che ha segnato l\u2019inizio di un cambiamento importante.<\/i><\/span><\/span><\/p>\n<p align=\"left\"><span style=\"font-family: Euphemia, sans-serif;\"><span style=\"font-size: medium;\">Ricordo con autentica gioia il giorno in cui Margherita, guardandosi nel grande specchio della stanza, si accarezz\u00f2 la pancia dicendomi con un sorriso: \u201cNon avrei mai immaginato di piacermi cos\u00ec, con questo bel pancione!\u201d<\/span><\/span><\/p>\n<div class=\"pvc_clear\"><\/div>\n<p id=\"pvc_stats_34900\" class=\"pvc_stats all  \" data-element-id=\"34900\" style=\"\"><i class=\"pvc-stats-icon medium\" aria-hidden=\"true\"><svg aria-hidden=\"true\" focusable=\"false\" data-prefix=\"far\" data-icon=\"chart-bar\" role=\"img\" xmlns=\"http:\/\/www.w3.org\/2000\/svg\" viewBox=\"0 0 512 512\" class=\"svg-inline--fa fa-chart-bar fa-w-16 fa-2x\"><path fill=\"currentColor\" d=\"M396.8 352h22.4c6.4 0 12.8-6.4 12.8-12.8V108.8c0-6.4-6.4-12.8-12.8-12.8h-22.4c-6.4 0-12.8 6.4-12.8 12.8v230.4c0 6.4 6.4 12.8 12.8 12.8zm-192 0h22.4c6.4 0 12.8-6.4 12.8-12.8V140.8c0-6.4-6.4-12.8-12.8-12.8h-22.4c-6.4 0-12.8 6.4-12.8 12.8v198.4c0 6.4 6.4 12.8 12.8 12.8zm96 0h22.4c6.4 0 12.8-6.4 12.8-12.8V204.8c0-6.4-6.4-12.8-12.8-12.8h-22.4c-6.4 0-12.8 6.4-12.8 12.8v134.4c0 6.4 6.4 12.8 12.8 12.8zM496 400H48V80c0-8.84-7.16-16-16-16H16C7.16 64 0 71.16 0 80v336c0 17.67 14.33 32 32 32h464c8.84 0 16-7.16 16-16v-16c0-8.84-7.16-16-16-16zm-387.2-48h22.4c6.4 0 12.8-6.4 12.8-12.8v-70.4c0-6.4-6.4-12.8-12.8-12.8h-22.4c-6.4 0-12.8 6.4-12.8 12.8v70.4c0 6.4 6.4 12.8 12.8 12.8z\" class=\"\"><\/path><\/svg><\/i> <img loading=\"lazy\" decoding=\"async\" width=\"16\" height=\"16\" alt=\"Loading\" src=\"https:\/\/www.raccontinellarete.it\/301\/wp-content\/plugins\/page-views-count\/ajax-loader-2x.gif\" border=0 \/><\/p>\n<div class=\"pvc_clear\"><\/div>\n","protected":false},"excerpt":{"rendered":"<p>\u201cGuardi, a dire il vero, le bambole non mi piacciono e forse non mi sono mai piaciute! Sono dubbiosa su questo approccio, ma visto che sulla mia amica ha funzionato, vorrei provare&#8230;\u201d E\u2019 con queste parole che sento per la prima volta la voce di Margherita: una voce dal tono secco, di chi vuol mettere [&hellip;]<\/p>\n<div class=\"pvc_clear\"><\/div>\n<p id=\"pvc_stats_34900\" class=\"pvc_stats all  \" data-element-id=\"34900\" style=\"\"><i class=\"pvc-stats-icon medium\" aria-hidden=\"true\"><svg aria-hidden=\"true\" focusable=\"false\" data-prefix=\"far\" data-icon=\"chart-bar\" role=\"img\" xmlns=\"http:\/\/www.w3.org\/2000\/svg\" viewBox=\"0 0 512 512\" class=\"svg-inline--fa fa-chart-bar fa-w-16 fa-2x\"><path fill=\"currentColor\" d=\"M396.8 352h22.4c6.4 0 12.8-6.4 12.8-12.8V108.8c0-6.4-6.4-12.8-12.8-12.8h-22.4c-6.4 0-12.8 6.4-12.8 12.8v230.4c0 6.4 6.4 12.8 12.8 12.8zm-192 0h22.4c6.4 0 12.8-6.4 12.8-12.8V140.8c0-6.4-6.4-12.8-12.8-12.8h-22.4c-6.4 0-12.8 6.4-12.8 12.8v198.4c0 6.4 6.4 12.8 12.8 12.8zm96 0h22.4c6.4 0 12.8-6.4 12.8-12.8V204.8c0-6.4-6.4-12.8-12.8-12.8h-22.4c-6.4 0-12.8 6.4-12.8 12.8v134.4c0 6.4 6.4 12.8 12.8 12.8zM496 400H48V80c0-8.84-7.16-16-16-16H16C7.16 64 0 71.16 0 80v336c0 17.67 14.33 32 32 32h464c8.84 0 16-7.16 16-16v-16c0-8.84-7.16-16-16-16zm-387.2-48h22.4c6.4 0 12.8-6.4 12.8-12.8v-70.4c0-6.4-6.4-12.8-12.8-12.8h-22.4c-6.4 0-12.8 6.4-12.8 12.8v70.4c0 6.4 6.4 12.8 12.8 12.8z\" class=\"\"><\/path><\/svg><\/i> <img loading=\"lazy\" decoding=\"async\" width=\"16\" height=\"16\" alt=\"Loading\" src=\"https:\/\/www.raccontinellarete.it\/301\/wp-content\/plugins\/page-views-count\/ajax-loader-2x.gif\" border=0 \/><\/p>\n<div class=\"pvc_clear\"><\/div>\n","protected":false},"author":15967,"featured_media":0,"comment_status":"open","ping_status":"closed","sticky":false,"template":"","format":"standard","meta":{"footnotes":""},"categories":[483],"tags":[],"class_list":["post-34900","post","type-post","status-publish","format-standard","hentry","category-premio-racconti-nella-rete-2018"],"_links":{"self":[{"href":"https:\/\/www.raccontinellarete.it\/index.php?rest_route=\/wp\/v2\/posts\/34900"}],"collection":[{"href":"https:\/\/www.raccontinellarete.it\/index.php?rest_route=\/wp\/v2\/posts"}],"about":[{"href":"https:\/\/www.raccontinellarete.it\/index.php?rest_route=\/wp\/v2\/types\/post"}],"author":[{"embeddable":true,"href":"https:\/\/www.raccontinellarete.it\/index.php?rest_route=\/wp\/v2\/users\/15967"}],"replies":[{"embeddable":true,"href":"https:\/\/www.raccontinellarete.it\/index.php?rest_route=%2Fwp%2Fv2%2Fcomments&post=34900"}],"version-history":[{"count":5,"href":"https:\/\/www.raccontinellarete.it\/index.php?rest_route=\/wp\/v2\/posts\/34900\/revisions"}],"predecessor-version":[{"id":34986,"href":"https:\/\/www.raccontinellarete.it\/index.php?rest_route=\/wp\/v2\/posts\/34900\/revisions\/34986"}],"wp:attachment":[{"href":"https:\/\/www.raccontinellarete.it\/index.php?rest_route=%2Fwp%2Fv2%2Fmedia&parent=34900"}],"wp:term":[{"taxonomy":"category","embeddable":true,"href":"https:\/\/www.raccontinellarete.it\/index.php?rest_route=%2Fwp%2Fv2%2Fcategories&post=34900"},{"taxonomy":"post_tag","embeddable":true,"href":"https:\/\/www.raccontinellarete.it\/index.php?rest_route=%2Fwp%2Fv2%2Ftags&post=34900"}],"curies":[{"name":"wp","href":"https:\/\/api.w.org\/{rel}","templated":true}]}}