{"id":33131,"date":"2017-08-01T18:49:43","date_gmt":"2017-08-01T17:49:43","guid":{"rendered":"http:\/\/www.raccontinellarete.it\/?p=33131"},"modified":"2017-08-01T18:55:43","modified_gmt":"2017-08-01T17:55:43","slug":"premio-buduar-2017","status":"publish","type":"post","link":"https:\/\/www.raccontinellarete.it\/?p=33131","title":{"rendered":"Premio Budu\u00e0r 2017"},"content":{"rendered":"<p><a href=\"https:\/\/www.raccontinellarete.it\/?attachment_id=33133\" rel=\"attachment wp-att-33133\"><img loading=\"lazy\" decoding=\"async\" class=\"alignleft size-medium wp-image-33133\" src=\"https:\/\/www.raccontinellarete.it\/301\/wp-content\/uploads\/2017\/08\/premio-buduar-a-marco-rinali-344x229.jpg\" alt=\"\" width=\"344\" height=\"229\" srcset=\"https:\/\/www.raccontinellarete.it\/301\/wp-content\/uploads\/2017\/08\/premio-buduar-a-marco-rinali-344x229.jpg 344w, https:\/\/www.raccontinellarete.it\/301\/wp-content\/uploads\/2017\/08\/premio-buduar-a-marco-rinali-768x512.jpg 768w, https:\/\/www.raccontinellarete.it\/301\/wp-content\/uploads\/2017\/08\/premio-buduar-a-marco-rinali.jpg 900w\" sizes=\"(max-width: 344px) 100vw, 344px\" \/><\/a><\/p>\n<p>Il &#8220;Premio Budu\u00e0r&#8221; ritorna protagonista del premio letterario &#8220;Racconti nella Rete&#8221;, con l\u2019intento di stimolare e incentivare nuovi autori umoristici. Il premio viene infatti assegnato dalla rivista online &#8220;Budu\u00e0r, Almanacco dell&#8217;Arte leggera&#8221; all&#8217;autore che, tra quelli in concorso, abbia scritto il migliore racconto umoristico.\u00a0 Per l&#8217;edizione 2017 di &#8220;Racconti nella Rete&#8221; il &#8220;Premio Budu\u00e0r&#8221; sar\u00e0 assegnato a<strong> Alessia Chiappini<\/strong>\u00a0 autrice del racconto <strong>&#8220;Buca&#8221;<\/strong>.<\/p>\n<p>Non pochi, in questa edizione, erano i racconti che si evidenziavano per un taglio surreale, grottesco o autenticamente umoristico e\u00a0 quello di Alessia Chiappini si \u00e8 rivelato, per il Comitato centrale di Budu\u00e0r, come il pi\u00f9 divertente e ben impostato tra i brani che rispondevano a questi requisiti.\u00a0 L&#8217;autrice di \u201cBuca\u201d ha il coraggio di ridere in modo dissacrante di uno psicopatico assassino che pu\u00f2 realizzare i suoi turpi propositi (ma magari con le sue buone ragioni&#8230;) grazie alle istruzioni trovate sul web, come per la fabbricazione di bombe o veleni, e che pensa anche di proseguire\u2026 Un buon humour nero sfacciato e liberatorio, scritto con il giusto ritmo narrativo.<\/p>\n<p>La premiazione dei vincitori di Racconti nella Rete \u00e8 in programma sabato 7 ottobre alle 18 presso Villa Bottini di Lucca in occasione della XXIII edizione del festival LuccAutori.\u00a0 Il premio ad Alessia Chiappini sar\u00e0 consegnato dai giornalisti Alessandro Prevosto, Dino Aloi e Marco De Angelis.\u00a0 Il &#8220;Premio Budu\u00e0r&#8221;,\u00a0 \u00e8 una scultura appositamente ideata e realizzata dall&#8217;artista <strong>Laura Lapis<\/strong>. L&#8217;opera rappresenta il divano, simbolo della rivista &#8220;Budu\u00e0r, Almanacco dell&#8217;Arte leggera&#8221; interpretato ed adattato per &#8220;Racconti nella Rete&#8221;.\u00a0 Per realizzare la scultura la scelta \u00e8 ricaduta sull&#8217;ardesia, pietra estratta in Liguria e tipica dell&#8217;architettura ligure medievale (portali, stemmi, meridiane) e familiare per l&#8217;utilizzo nelle scuole nella fabbricazione delle comuni lavagne.<\/p>\n<p><strong>Laura Lapis<\/strong>, umbra di adozione ligure, nasce come grafica e diventa illustratrice umoristica. Ha realizzato il biglietto d&#8217;auguri pi\u00f9 lungo del mondo(5mt x 32mt) che \u00e8 presente sul Guinness dei Primati. Ha una lunga esperienza nel settore dei gadgets. Ha curato vari eventi di settore tra cui Il Premio Salemi Disegnatori Umoristi Non Professionisti (1991\/93), Mondografico (Lingotto, Torino, 1994), weekend degli umoristi (1994\/96), Comic Work Shop (Viterbo, 1995), e altre mostre del settore in Fiera di Milano. Inoltre ha seguito il lancio e lo sviluppo per il primo anno della \u201cStrip pi\u00f9 lunga del mondo\u201d (1996).\u00a0 Dagli anni 2000 ha iniziato a sperimentare la lavorazione della pietra.<\/p>\n<p><a href=\"https:\/\/www.raccontinellarete.it\/?attachment_id=33135\" rel=\"attachment wp-att-33135\"><img loading=\"lazy\" decoding=\"async\" class=\"alignleft size-full wp-image-33135\" src=\"https:\/\/www.raccontinellarete.it\/301\/wp-content\/uploads\/2017\/08\/FirmaEmail.jpg\" alt=\"\" width=\"300\" height=\"91\" \/><\/a><\/p>\n<div class=\"pvc_clear\"><\/div>\n<p id=\"pvc_stats_33131\" class=\"pvc_stats all  \" data-element-id=\"33131\" style=\"\"><i class=\"pvc-stats-icon medium\" aria-hidden=\"true\"><svg aria-hidden=\"true\" focusable=\"false\" data-prefix=\"far\" data-icon=\"chart-bar\" role=\"img\" xmlns=\"http:\/\/www.w3.org\/2000\/svg\" viewBox=\"0 0 512 512\" class=\"svg-inline--fa fa-chart-bar fa-w-16 fa-2x\"><path fill=\"currentColor\" d=\"M396.8 352h22.4c6.4 0 12.8-6.4 12.8-12.8V108.8c0-6.4-6.4-12.8-12.8-12.8h-22.4c-6.4 0-12.8 6.4-12.8 12.8v230.4c0 6.4 6.4 12.8 12.8 12.8zm-192 0h22.4c6.4 0 12.8-6.4 12.8-12.8V140.8c0-6.4-6.4-12.8-12.8-12.8h-22.4c-6.4 0-12.8 6.4-12.8 12.8v198.4c0 6.4 6.4 12.8 12.8 12.8zm96 0h22.4c6.4 0 12.8-6.4 12.8-12.8V204.8c0-6.4-6.4-12.8-12.8-12.8h-22.4c-6.4 0-12.8 6.4-12.8 12.8v134.4c0 6.4 6.4 12.8 12.8 12.8zM496 400H48V80c0-8.84-7.16-16-16-16H16C7.16 64 0 71.16 0 80v336c0 17.67 14.33 32 32 32h464c8.84 0 16-7.16 16-16v-16c0-8.84-7.16-16-16-16zm-387.2-48h22.4c6.4 0 12.8-6.4 12.8-12.8v-70.4c0-6.4-6.4-12.8-12.8-12.8h-22.4c-6.4 0-12.8 6.4-12.8 12.8v70.4c0 6.4 6.4 12.8 12.8 12.8z\" class=\"\"><\/path><\/svg><\/i> <img loading=\"lazy\" decoding=\"async\" width=\"16\" height=\"16\" alt=\"Loading\" src=\"https:\/\/www.raccontinellarete.it\/301\/wp-content\/plugins\/page-views-count\/ajax-loader-2x.gif\" border=0 \/><\/p>\n<div class=\"pvc_clear\"><\/div>\n","protected":false},"excerpt":{"rendered":"<p>Il &#8220;Premio Budu\u00e0r&#8221; ritorna protagonista del premio letterario &#8220;Racconti nella Rete&#8221;, con l\u2019intento di stimolare e incentivare nuovi autori umoristici. Il premio viene infatti assegnato dalla rivista online &#8220;Budu\u00e0r, Almanacco dell&#8217;Arte leggera&#8221; all&#8217;autore che, tra quelli in concorso, abbia scritto il migliore racconto umoristico.\u00a0 Per l&#8217;edizione 2017 di &#8220;Racconti nella Rete&#8221; il &#8220;Premio Budu\u00e0r&#8221; sar\u00e0 [&hellip;]<\/p>\n<div class=\"pvc_clear\"><\/div>\n<p id=\"pvc_stats_33131\" class=\"pvc_stats all  \" data-element-id=\"33131\" style=\"\"><i class=\"pvc-stats-icon medium\" aria-hidden=\"true\"><svg aria-hidden=\"true\" focusable=\"false\" data-prefix=\"far\" data-icon=\"chart-bar\" role=\"img\" xmlns=\"http:\/\/www.w3.org\/2000\/svg\" viewBox=\"0 0 512 512\" class=\"svg-inline--fa fa-chart-bar fa-w-16 fa-2x\"><path fill=\"currentColor\" d=\"M396.8 352h22.4c6.4 0 12.8-6.4 12.8-12.8V108.8c0-6.4-6.4-12.8-12.8-12.8h-22.4c-6.4 0-12.8 6.4-12.8 12.8v230.4c0 6.4 6.4 12.8 12.8 12.8zm-192 0h22.4c6.4 0 12.8-6.4 12.8-12.8V140.8c0-6.4-6.4-12.8-12.8-12.8h-22.4c-6.4 0-12.8 6.4-12.8 12.8v198.4c0 6.4 6.4 12.8 12.8 12.8zm96 0h22.4c6.4 0 12.8-6.4 12.8-12.8V204.8c0-6.4-6.4-12.8-12.8-12.8h-22.4c-6.4 0-12.8 6.4-12.8 12.8v134.4c0 6.4 6.4 12.8 12.8 12.8zM496 400H48V80c0-8.84-7.16-16-16-16H16C7.16 64 0 71.16 0 80v336c0 17.67 14.33 32 32 32h464c8.84 0 16-7.16 16-16v-16c0-8.84-7.16-16-16-16zm-387.2-48h22.4c6.4 0 12.8-6.4 12.8-12.8v-70.4c0-6.4-6.4-12.8-12.8-12.8h-22.4c-6.4 0-12.8 6.4-12.8 12.8v70.4c0 6.4 6.4 12.8 12.8 12.8z\" class=\"\"><\/path><\/svg><\/i> <img loading=\"lazy\" decoding=\"async\" width=\"16\" height=\"16\" alt=\"Loading\" src=\"https:\/\/www.raccontinellarete.it\/301\/wp-content\/plugins\/page-views-count\/ajax-loader-2x.gif\" border=0 \/><\/p>\n<div class=\"pvc_clear\"><\/div>\n","protected":false},"author":3,"featured_media":33132,"comment_status":"open","ping_status":"closed","sticky":false,"template":"","format":"standard","meta":{"footnotes":""},"categories":[87,413,5],"tags":[],"class_list":["post-33131","post","type-post","status-publish","format-standard","has-post-thumbnail","hentry","category-comunicato-stampa","category-in-concorso","category-racconti-nella-rete"],"_links":{"self":[{"href":"https:\/\/www.raccontinellarete.it\/index.php?rest_route=\/wp\/v2\/posts\/33131"}],"collection":[{"href":"https:\/\/www.raccontinellarete.it\/index.php?rest_route=\/wp\/v2\/posts"}],"about":[{"href":"https:\/\/www.raccontinellarete.it\/index.php?rest_route=\/wp\/v2\/types\/post"}],"author":[{"embeddable":true,"href":"https:\/\/www.raccontinellarete.it\/index.php?rest_route=\/wp\/v2\/users\/3"}],"replies":[{"embeddable":true,"href":"https:\/\/www.raccontinellarete.it\/index.php?rest_route=%2Fwp%2Fv2%2Fcomments&post=33131"}],"version-history":[{"count":2,"href":"https:\/\/www.raccontinellarete.it\/index.php?rest_route=\/wp\/v2\/posts\/33131\/revisions"}],"predecessor-version":[{"id":33136,"href":"https:\/\/www.raccontinellarete.it\/index.php?rest_route=\/wp\/v2\/posts\/33131\/revisions\/33136"}],"wp:featuredmedia":[{"embeddable":true,"href":"https:\/\/www.raccontinellarete.it\/index.php?rest_route=\/wp\/v2\/media\/33132"}],"wp:attachment":[{"href":"https:\/\/www.raccontinellarete.it\/index.php?rest_route=%2Fwp%2Fv2%2Fmedia&parent=33131"}],"wp:term":[{"taxonomy":"category","embeddable":true,"href":"https:\/\/www.raccontinellarete.it\/index.php?rest_route=%2Fwp%2Fv2%2Fcategories&post=33131"},{"taxonomy":"post_tag","embeddable":true,"href":"https:\/\/www.raccontinellarete.it\/index.php?rest_route=%2Fwp%2Fv2%2Ftags&post=33131"}],"curies":[{"name":"wp","href":"https:\/\/api.w.org\/{rel}","templated":true}]}}