{"id":32990,"date":"2017-06-02T23:35:56","date_gmt":"2017-06-02T22:35:56","guid":{"rendered":"http:\/\/www.raccontinellarete.it\/?p=32990"},"modified":"2017-06-03T17:56:25","modified_gmt":"2017-06-03T16:56:25","slug":"a-luglio-conosceremo-i-vincitori-della-xvi-edizione-del-premio-racconti-nella-rete","status":"publish","type":"post","link":"https:\/\/www.raccontinellarete.it\/?p=32990","title":{"rendered":"A luglio conosceremo i vincitori della XVI edizione del premio Racconti nella Rete"},"content":{"rendered":"<p><a href=\"https:\/\/www.raccontinellarete.it\/?attachment_id=18178\" rel=\"attachment wp-att-18178\"><img loading=\"lazy\" decoding=\"async\" class=\"alignleft size-medium wp-image-18178\" src=\"https:\/\/www.raccontinellarete.it\/301\/wp-content\/uploads\/2014\/03\/logo-racconti-nella-rete-249x250.jpg\" alt=\"\" width=\"249\" height=\"250\" srcset=\"https:\/\/www.raccontinellarete.it\/301\/wp-content\/uploads\/2014\/03\/logo-racconti-nella-rete-249x250.jpg 249w, https:\/\/www.raccontinellarete.it\/301\/wp-content\/uploads\/2014\/03\/logo-racconti-nella-rete-1024x1024.jpg 1024w, https:\/\/www.raccontinellarete.it\/301\/wp-content\/uploads\/2014\/03\/logo-racconti-nella-rete-144x144.jpg 144w, https:\/\/www.raccontinellarete.it\/301\/wp-content\/uploads\/2014\/03\/logo-racconti-nella-rete-900x900.jpg 900w, https:\/\/www.raccontinellarete.it\/301\/wp-content\/uploads\/2014\/03\/logo-racconti-nella-rete.jpg 1902w\" sizes=\"(max-width: 249px) 100vw, 249px\" \/><br \/>\n<\/a><\/p>\n<p>La giuria \u00e8 al lavoro per selezionare i vincitori del premio Racconti nella Rete 2017.<\/p>\n<p>Tra tutti i racconti inseriti nel sito, la giuria, a fine giugno, sceglier\u00e0 i 25 vincitori che saranno inseriti nell&#8217;antologia 2017 edita da Nottetempo.<\/p>\n<p>Tra tutti i soggetti in concorso nella sezione corti, la giuria ne sceglier\u00e0 uno dal quale sar\u00e0 tratto un cortometraggio che sar\u00e0 girato dalla Scuola di cinema Immagina diretta da Giuseppe Ferlito.<\/p>\n<p>Ricordiamo che verr\u00e0 \u00a0assegnato\u00a0il premio Budu\u00e0r al miglior racconto umoristico.<\/p>\n<p>Ringraziamo tutti\u00a0gli autori\u00a0che si sono messi in gioco partecipando al premio letterario \u00a0e i lettori che\u00a0 hanno letto e commentato\u00a0 i racconti e soggetti\u00a0in concorso.<\/p>\n<div class=\"pvc_clear\"><\/div>\n<p id=\"pvc_stats_32990\" class=\"pvc_stats all  \" data-element-id=\"32990\" style=\"\"><i class=\"pvc-stats-icon medium\" aria-hidden=\"true\"><svg aria-hidden=\"true\" focusable=\"false\" data-prefix=\"far\" data-icon=\"chart-bar\" role=\"img\" xmlns=\"http:\/\/www.w3.org\/2000\/svg\" viewBox=\"0 0 512 512\" class=\"svg-inline--fa fa-chart-bar fa-w-16 fa-2x\"><path fill=\"currentColor\" d=\"M396.8 352h22.4c6.4 0 12.8-6.4 12.8-12.8V108.8c0-6.4-6.4-12.8-12.8-12.8h-22.4c-6.4 0-12.8 6.4-12.8 12.8v230.4c0 6.4 6.4 12.8 12.8 12.8zm-192 0h22.4c6.4 0 12.8-6.4 12.8-12.8V140.8c0-6.4-6.4-12.8-12.8-12.8h-22.4c-6.4 0-12.8 6.4-12.8 12.8v198.4c0 6.4 6.4 12.8 12.8 12.8zm96 0h22.4c6.4 0 12.8-6.4 12.8-12.8V204.8c0-6.4-6.4-12.8-12.8-12.8h-22.4c-6.4 0-12.8 6.4-12.8 12.8v134.4c0 6.4 6.4 12.8 12.8 12.8zM496 400H48V80c0-8.84-7.16-16-16-16H16C7.16 64 0 71.16 0 80v336c0 17.67 14.33 32 32 32h464c8.84 0 16-7.16 16-16v-16c0-8.84-7.16-16-16-16zm-387.2-48h22.4c6.4 0 12.8-6.4 12.8-12.8v-70.4c0-6.4-6.4-12.8-12.8-12.8h-22.4c-6.4 0-12.8 6.4-12.8 12.8v70.4c0 6.4 6.4 12.8 12.8 12.8z\" class=\"\"><\/path><\/svg><\/i> <img loading=\"lazy\" decoding=\"async\" width=\"16\" height=\"16\" alt=\"Loading\" src=\"https:\/\/www.raccontinellarete.it\/301\/wp-content\/plugins\/page-views-count\/ajax-loader-2x.gif\" border=0 \/><\/p>\n<div class=\"pvc_clear\"><\/div>\n","protected":false},"excerpt":{"rendered":"<p>La giuria \u00e8 al lavoro per selezionare i vincitori del premio Racconti nella Rete 2017. Tra tutti i racconti inseriti nel sito, la giuria, a fine giugno, sceglier\u00e0 i 25 vincitori che saranno inseriti nell&#8217;antologia 2017 edita da Nottetempo. Tra tutti i soggetti in concorso nella sezione corti, la giuria ne sceglier\u00e0 uno dal quale [&hellip;]<\/p>\n<div class=\"pvc_clear\"><\/div>\n<p id=\"pvc_stats_32990\" class=\"pvc_stats all  \" data-element-id=\"32990\" style=\"\"><i class=\"pvc-stats-icon medium\" aria-hidden=\"true\"><svg aria-hidden=\"true\" focusable=\"false\" data-prefix=\"far\" data-icon=\"chart-bar\" role=\"img\" xmlns=\"http:\/\/www.w3.org\/2000\/svg\" viewBox=\"0 0 512 512\" class=\"svg-inline--fa fa-chart-bar fa-w-16 fa-2x\"><path fill=\"currentColor\" d=\"M396.8 352h22.4c6.4 0 12.8-6.4 12.8-12.8V108.8c0-6.4-6.4-12.8-12.8-12.8h-22.4c-6.4 0-12.8 6.4-12.8 12.8v230.4c0 6.4 6.4 12.8 12.8 12.8zm-192 0h22.4c6.4 0 12.8-6.4 12.8-12.8V140.8c0-6.4-6.4-12.8-12.8-12.8h-22.4c-6.4 0-12.8 6.4-12.8 12.8v198.4c0 6.4 6.4 12.8 12.8 12.8zm96 0h22.4c6.4 0 12.8-6.4 12.8-12.8V204.8c0-6.4-6.4-12.8-12.8-12.8h-22.4c-6.4 0-12.8 6.4-12.8 12.8v134.4c0 6.4 6.4 12.8 12.8 12.8zM496 400H48V80c0-8.84-7.16-16-16-16H16C7.16 64 0 71.16 0 80v336c0 17.67 14.33 32 32 32h464c8.84 0 16-7.16 16-16v-16c0-8.84-7.16-16-16-16zm-387.2-48h22.4c6.4 0 12.8-6.4 12.8-12.8v-70.4c0-6.4-6.4-12.8-12.8-12.8h-22.4c-6.4 0-12.8 6.4-12.8 12.8v70.4c0 6.4 6.4 12.8 12.8 12.8z\" class=\"\"><\/path><\/svg><\/i> <img loading=\"lazy\" decoding=\"async\" width=\"16\" height=\"16\" alt=\"Loading\" src=\"https:\/\/www.raccontinellarete.it\/301\/wp-content\/plugins\/page-views-count\/ajax-loader-2x.gif\" border=0 \/><\/p>\n<div class=\"pvc_clear\"><\/div>\n","protected":false},"author":3,"featured_media":0,"comment_status":"closed","ping_status":"closed","sticky":false,"template":"","format":"standard","meta":{"footnotes":""},"categories":[87,5,4],"tags":[],"class_list":["post-32990","post","type-post","status-publish","format-standard","hentry","category-comunicato-stampa","category-racconti-nella-rete","category-news"],"_links":{"self":[{"href":"https:\/\/www.raccontinellarete.it\/index.php?rest_route=\/wp\/v2\/posts\/32990"}],"collection":[{"href":"https:\/\/www.raccontinellarete.it\/index.php?rest_route=\/wp\/v2\/posts"}],"about":[{"href":"https:\/\/www.raccontinellarete.it\/index.php?rest_route=\/wp\/v2\/types\/post"}],"author":[{"embeddable":true,"href":"https:\/\/www.raccontinellarete.it\/index.php?rest_route=\/wp\/v2\/users\/3"}],"replies":[{"embeddable":true,"href":"https:\/\/www.raccontinellarete.it\/index.php?rest_route=%2Fwp%2Fv2%2Fcomments&post=32990"}],"version-history":[{"count":2,"href":"https:\/\/www.raccontinellarete.it\/index.php?rest_route=\/wp\/v2\/posts\/32990\/revisions"}],"predecessor-version":[{"id":32996,"href":"https:\/\/www.raccontinellarete.it\/index.php?rest_route=\/wp\/v2\/posts\/32990\/revisions\/32996"}],"wp:attachment":[{"href":"https:\/\/www.raccontinellarete.it\/index.php?rest_route=%2Fwp%2Fv2%2Fmedia&parent=32990"}],"wp:term":[{"taxonomy":"category","embeddable":true,"href":"https:\/\/www.raccontinellarete.it\/index.php?rest_route=%2Fwp%2Fv2%2Fcategories&post=32990"},{"taxonomy":"post_tag","embeddable":true,"href":"https:\/\/www.raccontinellarete.it\/index.php?rest_route=%2Fwp%2Fv2%2Ftags&post=32990"}],"curies":[{"name":"wp","href":"https:\/\/api.w.org\/{rel}","templated":true}]}}