{"id":31406,"date":"2017-05-17T16:25:24","date_gmt":"2017-05-17T15:25:24","guid":{"rendered":"http:\/\/www.raccontinellarete.it\/?p=31406"},"modified":"2017-05-17T16:25:24","modified_gmt":"2017-05-17T15:25:24","slug":"premio-racconti-nella-rete-2017-una-cosa-bella-di-piera-giordano","status":"publish","type":"post","link":"https:\/\/www.raccontinellarete.it\/?p=31406","title":{"rendered":"Premio Racconti nella Rete 2017 &#8220;Una cosa bella&#8221; di Piera Giordano"},"content":{"rendered":"<p><!-- @page { margin: 2cm } P { margin-bottom: 0.21cm } --><\/p>\n<p align=\"RIGHT\"><span style=\"font-family: 'Lucida Sans Unicode', sans-serif;\"><span style=\"font-size: small;\">There is a crack in everything.<\/span><\/span><\/p>\n<p align=\"RIGHT\"><span style=\"font-family: 'Lucida Sans Unicode', sans-serif;\"><span style=\"font-size: small;\">That&#8217;s how the light gets in.<\/span><\/span><\/p>\n<p align=\"RIGHT\"><span style=\"font-family: 'Lucida Sans Unicode', sans-serif;\"><span style=\"font-size: small;\">LEONARD COHEN<\/span><\/span><\/p>\n<p align=\"JUSTIFY\">\n<p align=\"JUSTIFY\"><span style=\"font-family: 'Lucida Sans Unicode', sans-serif;\"><span style=\"font-size: medium;\">Luned\u00ec, 18 maggio 2009<\/span><\/span><\/p>\n<p align=\"JUSTIFY\"><span style=\"font-family: 'Lucida Sans Unicode', sans-serif;\"><span style=\"font-size: medium;\">Michele ha quattordici anni, la mia et\u00e0.\u00a0<\/span><\/span><span style=\"font-family: 'Lucida Sans Unicode', sans-serif;\"><span style=\"font-size: medium;\">Ti ricordi? Li ho compiuti il quattro marzo, segno pesci, intuizione e ordine le qualit\u00e0 principali.<\/span><\/span><\/p>\n<p align=\"JUSTIFY\"><span style=\"font-size: medium; font-family: 'Lucida Sans Unicode', sans-serif;\">Michele \u00e8 autistico. La psicologa, che \u00e8 venuta in classe per chiarirci il problema, ci ha detto che presenta solamente alcuni tratti dell&#8217;autismo perch\u00e9 a volte, quando gli parli con frasi brevi, ti d\u00e0 retta e ti risponde sissignore. Invece i veri autistici non ti rispondono, \u00e8 come se fossero sempre assenti.\u00a0<\/span><span style=\"font-family: 'Lucida Sans Unicode', sans-serif;\"><span style=\"font-size: medium;\">Lo chiamiamo Sissignore. Stiamo all&#8217;erta a non farci sentire dai prof che non capirebbero e ci accuserebbero di prenderlo in giro. <\/span><\/span><\/p>\n<p align=\"JUSTIFY\"><span style=\"font-family: 'Lucida Sans Unicode', sans-serif;\"><span style=\"font-size: medium;\">I primi tempi avevo paura di lui. Quando si arrabbia, urla e sbatte sul banco qualsiasi cosa gli capiti tra le mani. Due giorni fa ha lanciato un tagliacarte che \u00e8 volato in aria e caduto a terra. La prof di mate dice che \u00e8 pericoloso, ma lui non voleva colpire nessuno. <\/span><\/span><\/p>\n<p align=\"JUSTIFY\"><span style=\"font-family: 'Lucida Sans Unicode', sans-serif;\"><span style=\"font-size: medium;\">La psicologa ci ha consigliato di evitargli i momenti di frustrazione. Sono d&#8217;accordo.\u00a0<\/span><\/span><span style=\"font-size: medium; font-family: 'Lucida Sans Unicode', sans-serif;\">Secondo Luca, \u00e8 colpa di Michele se si trova in questa\u00a0<\/span><span style=\"font-family: 'Lucida Sans Unicode', sans-serif;\"><span style=\"font-size: medium;\">situazione come i barboni, gli zingari, i drogati e gli immigrati. Luca se ne frega, non cerca di capire perch\u00e9 uno finisce cos\u00ec. Lui ha sempre la coscienza a posto.<\/span><\/span><\/p>\n<p align=\"JUSTIFY\"><span style=\"font-family: 'Lucida Sans Unicode', sans-serif;\"><span style=\"font-size: medium;\">Michele vive chiuso nel suo mondo. La gente che non lo conosce lo guarda con sospetto perch\u00e9 si muove sulle punte dei piedi, come un ballerino alle prime armi, e parla ad alta voce tra s\u00e9 e s\u00e9, cambiando il tono con esclamazioni e gridolini, un doppiatore di talento. Si crede dentro ai cartoni animati che gli piacciono moltissimo. <\/span><\/span><\/p>\n<p align=\"JUSTIFY\"><span style=\"font-family: 'Lucida Sans Unicode', sans-serif;\"><span style=\"font-size: medium;\">La psicologa ci ha spiegato che non riesce a sopportare i cambiamenti improvvisi.\u00a0<\/span><\/span><span style=\"font-family: 'Lucida Sans Unicode', sans-serif;\"><span style=\"font-size: medium;\">Una mattina era assente il prof di chimica che doveva essere sostituito da quella d&#8217;italiano. Michele si \u00e8 arrabbiato, tu non entri, urlava all&#8217;insegnante, questa non \u00e8 la tua lezione. Non c&#8217;era verso di calmarlo, non ascoltava le nostre parole. Quando sono a letto e sento pap\u00e0 e mamma litigare, le voci sovrapporsi sempre pi\u00f9 forti e pap\u00e0 minacciare che se ne andr\u00e0, anche a me viene voglia di urlare e tapparmi le orecchie.<\/span><\/span><\/p>\n<p align=\"JUSTIFY\"><span style=\"font-family: 'Lucida Sans Unicode', sans-serif;\"><span style=\"font-size: medium;\">Nell&#8217;intervallo tutti gli stanno alla larga.\u00a0<\/span><\/span><span style=\"font-size: medium; font-family: 'Lucida Sans Unicode', sans-serif;\">Michele cammina avanti indietro nel cortile della scuola, un orso rinchiuso nel recinto dello zoo, e parla con il panino che agita in aria, tormentandolo con frasi senza senso.\u00a0<\/span><span style=\"font-family: 'Lucida Sans Unicode', sans-serif;\"><span style=\"font-size: medium;\">Sa di essere strano e che per questo lo sbirciamo di nascosto. Al suono della campanella, \u00e8 il primo a filare in classe nello stretto del banco. Si dondola sulla sedia, poi fa ruotare in continuazione un pennarello rosso come per dimenticare la pena di prima. La sua presenza\u00a0<\/span><\/span><span style=\"font-family: 'Lucida Sans Unicode', sans-serif;\"><span style=\"font-size: medium;\">\u00e8 intensa, persino quando non lo guardi sai che c&#8217;\u00e8 e ti senti pure tu diverso. <\/span><\/span><\/p>\n<p align=\"JUSTIFY\"><span style=\"font-family: 'Lucida Sans Unicode', sans-serif;\"><span style=\"font-size: medium;\">Con la psicologa ci siamo impegnati ad aiutarlo per via dell&#8217;educazione tra pari.\u00a0<\/span><\/span><span style=\"font-size: medium; font-family: 'Lucida Sans Unicode', sans-serif;\">Gli ho detto: ciao Michele, buono il panino? E lui: sissignore. Mi \u00e8 sembrato contento. Basta un saluto o una frase gentile e si comunica con lui. L&#8217;importante \u00e8 dire cose semplici e corte. Dovrebbero impararlo anche i prof. Entrano e parlano parlano per sei ore di seguito. Noi facciamo casino. Ci accusano di essere infantili, maleducati, poco partecipativi e d&#8217;intervenire a sproposito. Non siamo capaci di ascoltare e di comunicare. Se siamo come Michele ci sar\u00e0 un motivo?\u00a0<\/span><span style=\"font-family: 'Lucida Sans Unicode', sans-serif;\"><span style=\"font-size: medium;\">\u00c8 che nuotiamo ognuno nel proprio mare, genitori e prof compresi, sbattendo braccia e gambe, facendo tanti spruzzi e schiuma, e non ci accorgiamo della bellezza dell&#8217;acqua e degli altri. <\/span><\/span><\/p>\n<p align=\"JUSTIFY\"><span style=\"font-family: 'Lucida Sans Unicode', sans-serif;\"><span style=\"font-size: medium;\">Oggi \u00e8 capitata una cosa bella, per caso.\u00a0<\/span><\/span><span style=\"font-family: 'Lucida Sans Unicode', sans-serif;\"><span style=\"font-size: medium;\">Eravamo in cortile durante l&#8217;intervallo. Dall&#8217;unico tiglio malaticcio \u00e8 caduto un piccolo di passero. Michele l&#8217;ha raccolto e lo teneva nel palmo della mano sinistra che era fasciata. Me l&#8217;ha mostrato. <\/span><\/span><\/p>\n<p align=\"JUSTIFY\">\u201c<span style=\"font-family: 'Lucida Sans Unicode', sans-serif;\"><span style=\"font-size: medium;\">Un uccellino\u201d, mi ha detto.<\/span><\/span><\/p>\n<p align=\"JUSTIFY\"><span style=\"font-family: 'Lucida Sans Unicode', sans-serif;\"><span style=\"font-size: medium;\">E io: \u201cCiao Michele, sono caduto dal ramo\u201d.<\/span><\/span><\/p>\n<p align=\"JUSTIFY\">\u201c<span style=\"font-family: 'Lucida Sans Unicode', sans-serif;\"><span style=\"font-size: medium;\">Perch\u00e9?\u201d <\/span><\/span><\/p>\n<p align=\"JUSTIFY\">\u201c<span style=\"font-family: 'Lucida Sans Unicode', sans-serif;\"><span style=\"font-size: medium;\">Sto imparando a volare, ma \u00e8 difficile\u201d ho risposto come se fossi il passerotto.<\/span><\/span><\/p>\n<p align=\"JUSTIFY\">\u201c<span style=\"font-family: 'Lucida Sans Unicode', sans-serif;\"><span style=\"font-size: medium;\">Anch&#8217;io non ci riesco\u201d.<\/span><\/span><\/p>\n<p align=\"JUSTIFY\">\u201c<span style=\"font-family: 'Lucida Sans Unicode', sans-serif;\"><span style=\"font-size: medium;\">Bisogna evitare di fare cose difficili perch\u00e9 si rischia di farsi male\u201d.<\/span><\/span><\/p>\n<p align=\"JUSTIFY\">\u201c<span style=\"font-family: 'Lucida Sans Unicode', sans-serif;\"><span style=\"font-size: medium;\">Ieri mi sono tagliato perch\u00e9 ho potato la siepe con le cesoie grandi. Volevo aiutare pap\u00e0\u201d e ha oscillato la testa.<\/span><\/span><\/p>\n<p align=\"JUSTIFY\">\u201c<span style=\"font-family: 'Lucida Sans Unicode', sans-serif;\"><span style=\"font-size: medium;\">Cosa sai fare bene?\u201d<\/span><\/span><\/p>\n<p align=\"JUSTIFY\">\u201c<span style=\"font-family: 'Lucida Sans Unicode', sans-serif;\"><span style=\"font-size: medium;\">So accendere il computer, andare su internet e aprire il sito di Tom e Jerry.\u201d Mi ha guardato in silenzio e poi mi ha chiesto: \u201c E tu?\u201d<\/span><\/span><\/p>\n<p align=\"JUSTIFY\">\u201c<span style=\"font-family: 'Lucida Sans Unicode', sans-serif;\"><span style=\"font-size: medium;\">So costruire il nido con paglia e fango\u201d.<\/span><\/span><\/p>\n<p align=\"JUSTIFY\"><span style=\"font-family: 'Lucida Sans Unicode', sans-serif;\"><span style=\"font-size: medium;\">Si \u00e8 bloccato per qualche istante. Dopo, con uno scatto del corpo in avanti, mi ha detto: \u201cNel laboratorio ho fatto un vaso d&#8217;argilla\u201d.<\/span><\/span><\/p>\n<p align=\"JUSTIFY\">\u201c<span style=\"font-family: 'Lucida Sans Unicode', sans-serif;\"><span style=\"font-size: medium;\">Ti ho visto\u201d.<\/span><\/span><\/p>\n<p align=\"JUSTIFY\">\u201c<span style=\"font-family: 'Lucida Sans Unicode', sans-serif;\"><span style=\"font-size: medium;\">Sei mia amica?\u201d<\/span><\/span><\/p>\n<p align=\"JUSTIFY\">\u201c<span style=\"font-family: 'Lucida Sans Unicode', sans-serif;\"><span style=\"font-size: medium;\">S\u00ec\u201d.<\/span><\/span><\/p>\n<p align=\"JUSTIFY\">\u201c<span style=\"font-family: 'Lucida Sans Unicode', sans-serif;\"><span style=\"font-size: medium;\">La campanella\u201d. Ha posato il passerotto sul muretto e si \u00e8 tappato le orecchie con le mani. <\/span><\/span><\/p>\n<p align=\"JUSTIFY\">\u201c<span style=\"font-family: 'Lucida Sans Unicode', sans-serif;\"><span style=\"font-size: medium;\">Andiamo dentro.\u201d<\/span><\/span><\/p>\n<p align=\"JUSTIFY\">\u201c<span style=\"font-family: 'Lucida Sans Unicode', sans-serif;\"><span style=\"font-size: medium;\">Sissignore\u201d.<\/span><\/span><\/p>\n<p align=\"JUSTIFY\"><span style=\"font-family: 'Lucida Sans Unicode', sans-serif;\"><span style=\"font-size: medium;\">In classe Luca m&#8217;indicava con il dito e se la rideva in un delirio solo suo. \u201cSonia \u00e8 fuori pure lei, se la fa con il matto e il passero!\u201d\u00a0<\/span><\/span><span style=\"font-family: 'Lucida Sans Unicode', sans-serif;\"><span style=\"font-size: medium;\">Mi faceva rabbia la sua stupidit\u00e0, per\u00f2, adesso, diario mio, me ne frego perch\u00e9 ho scoperto che c&#8217;\u00e8 una fessura, forse per tutti, e da l\u00ec che escono ed entrano le parole vere. Basta trovarla.<\/span><\/span><\/p>\n<p align=\"JUSTIFY\"><span style=\"font-family: 'Lucida Sans Unicode', sans-serif;\"><span style=\"font-size: medium;\">A domani, Sonia.<\/span><\/span><\/p>\n<div class=\"pvc_clear\"><\/div>\n<p id=\"pvc_stats_31406\" class=\"pvc_stats all  \" data-element-id=\"31406\" style=\"\"><i class=\"pvc-stats-icon medium\" aria-hidden=\"true\"><svg aria-hidden=\"true\" focusable=\"false\" data-prefix=\"far\" data-icon=\"chart-bar\" role=\"img\" xmlns=\"http:\/\/www.w3.org\/2000\/svg\" viewBox=\"0 0 512 512\" class=\"svg-inline--fa fa-chart-bar fa-w-16 fa-2x\"><path fill=\"currentColor\" d=\"M396.8 352h22.4c6.4 0 12.8-6.4 12.8-12.8V108.8c0-6.4-6.4-12.8-12.8-12.8h-22.4c-6.4 0-12.8 6.4-12.8 12.8v230.4c0 6.4 6.4 12.8 12.8 12.8zm-192 0h22.4c6.4 0 12.8-6.4 12.8-12.8V140.8c0-6.4-6.4-12.8-12.8-12.8h-22.4c-6.4 0-12.8 6.4-12.8 12.8v198.4c0 6.4 6.4 12.8 12.8 12.8zm96 0h22.4c6.4 0 12.8-6.4 12.8-12.8V204.8c0-6.4-6.4-12.8-12.8-12.8h-22.4c-6.4 0-12.8 6.4-12.8 12.8v134.4c0 6.4 6.4 12.8 12.8 12.8zM496 400H48V80c0-8.84-7.16-16-16-16H16C7.16 64 0 71.16 0 80v336c0 17.67 14.33 32 32 32h464c8.84 0 16-7.16 16-16v-16c0-8.84-7.16-16-16-16zm-387.2-48h22.4c6.4 0 12.8-6.4 12.8-12.8v-70.4c0-6.4-6.4-12.8-12.8-12.8h-22.4c-6.4 0-12.8 6.4-12.8 12.8v70.4c0 6.4 6.4 12.8 12.8 12.8z\" class=\"\"><\/path><\/svg><\/i> <img loading=\"lazy\" decoding=\"async\" width=\"16\" height=\"16\" alt=\"Loading\" src=\"https:\/\/www.raccontinellarete.it\/301\/wp-content\/plugins\/page-views-count\/ajax-loader-2x.gif\" border=0 \/><\/p>\n<div class=\"pvc_clear\"><\/div>\n","protected":false},"excerpt":{"rendered":"<p>There is a crack in everything. That&#8217;s how the light gets in. LEONARD COHEN Luned\u00ec, 18 maggio 2009 Michele ha quattordici anni, la mia et\u00e0.\u00a0Ti ricordi? Li ho compiuti il quattro marzo, segno pesci, intuizione e ordine le qualit\u00e0 principali. Michele \u00e8 autistico. La psicologa, che \u00e8 venuta in classe per chiarirci il problema, ci [&hellip;]<\/p>\n<div class=\"pvc_clear\"><\/div>\n<p id=\"pvc_stats_31406\" class=\"pvc_stats all  \" data-element-id=\"31406\" style=\"\"><i class=\"pvc-stats-icon medium\" aria-hidden=\"true\"><svg aria-hidden=\"true\" focusable=\"false\" data-prefix=\"far\" data-icon=\"chart-bar\" role=\"img\" xmlns=\"http:\/\/www.w3.org\/2000\/svg\" viewBox=\"0 0 512 512\" class=\"svg-inline--fa fa-chart-bar fa-w-16 fa-2x\"><path fill=\"currentColor\" d=\"M396.8 352h22.4c6.4 0 12.8-6.4 12.8-12.8V108.8c0-6.4-6.4-12.8-12.8-12.8h-22.4c-6.4 0-12.8 6.4-12.8 12.8v230.4c0 6.4 6.4 12.8 12.8 12.8zm-192 0h22.4c6.4 0 12.8-6.4 12.8-12.8V140.8c0-6.4-6.4-12.8-12.8-12.8h-22.4c-6.4 0-12.8 6.4-12.8 12.8v198.4c0 6.4 6.4 12.8 12.8 12.8zm96 0h22.4c6.4 0 12.8-6.4 12.8-12.8V204.8c0-6.4-6.4-12.8-12.8-12.8h-22.4c-6.4 0-12.8 6.4-12.8 12.8v134.4c0 6.4 6.4 12.8 12.8 12.8zM496 400H48V80c0-8.84-7.16-16-16-16H16C7.16 64 0 71.16 0 80v336c0 17.67 14.33 32 32 32h464c8.84 0 16-7.16 16-16v-16c0-8.84-7.16-16-16-16zm-387.2-48h22.4c6.4 0 12.8-6.4 12.8-12.8v-70.4c0-6.4-6.4-12.8-12.8-12.8h-22.4c-6.4 0-12.8 6.4-12.8 12.8v70.4c0 6.4 6.4 12.8 12.8 12.8z\" class=\"\"><\/path><\/svg><\/i> <img loading=\"lazy\" decoding=\"async\" width=\"16\" height=\"16\" alt=\"Loading\" src=\"https:\/\/www.raccontinellarete.it\/301\/wp-content\/plugins\/page-views-count\/ajax-loader-2x.gif\" border=0 \/><\/p>\n<div class=\"pvc_clear\"><\/div>\n","protected":false},"author":8933,"featured_media":0,"comment_status":"open","ping_status":"closed","sticky":false,"template":"","format":"standard","meta":{"footnotes":""},"categories":[398],"tags":[],"class_list":["post-31406","post","type-post","status-publish","format-standard","hentry","category-premio-racconti-nella-rete-2017"],"_links":{"self":[{"href":"https:\/\/www.raccontinellarete.it\/index.php?rest_route=\/wp\/v2\/posts\/31406"}],"collection":[{"href":"https:\/\/www.raccontinellarete.it\/index.php?rest_route=\/wp\/v2\/posts"}],"about":[{"href":"https:\/\/www.raccontinellarete.it\/index.php?rest_route=\/wp\/v2\/types\/post"}],"author":[{"embeddable":true,"href":"https:\/\/www.raccontinellarete.it\/index.php?rest_route=\/wp\/v2\/users\/8933"}],"replies":[{"embeddable":true,"href":"https:\/\/www.raccontinellarete.it\/index.php?rest_route=%2Fwp%2Fv2%2Fcomments&post=31406"}],"version-history":[{"count":4,"href":"https:\/\/www.raccontinellarete.it\/index.php?rest_route=\/wp\/v2\/posts\/31406\/revisions"}],"predecessor-version":[{"id":31550,"href":"https:\/\/www.raccontinellarete.it\/index.php?rest_route=\/wp\/v2\/posts\/31406\/revisions\/31550"}],"wp:attachment":[{"href":"https:\/\/www.raccontinellarete.it\/index.php?rest_route=%2Fwp%2Fv2%2Fmedia&parent=31406"}],"wp:term":[{"taxonomy":"category","embeddable":true,"href":"https:\/\/www.raccontinellarete.it\/index.php?rest_route=%2Fwp%2Fv2%2Fcategories&post=31406"},{"taxonomy":"post_tag","embeddable":true,"href":"https:\/\/www.raccontinellarete.it\/index.php?rest_route=%2Fwp%2Fv2%2Ftags&post=31406"}],"curies":[{"name":"wp","href":"https:\/\/api.w.org\/{rel}","templated":true}]}}