{"id":31238,"date":"2017-05-12T18:16:37","date_gmt":"2017-05-12T17:16:37","guid":{"rendered":"http:\/\/www.raccontinellarete.it\/?p=31238"},"modified":"2017-05-12T18:16:37","modified_gmt":"2017-05-12T17:16:37","slug":"premio-racconti-nella-rete-2017-rose-tra-le-righe-di-maria-cristina-benetti","status":"publish","type":"post","link":"https:\/\/www.raccontinellarete.it\/?p=31238","title":{"rendered":"Premio Racconti nella Rete 2017 &#8220;Rose tra le righe&#8221; di Maria Cristina Benetti"},"content":{"rendered":"<p align=\"JUSTIFY\"><span style=\"color: #000000;\">\u201c<span style=\"font-family: Garamond,serif;\"><span style=\"font-size: large;\">Potresti regalarle dei fiori per San Valentino!\u201d <\/span><\/span><\/span><\/p>\n<p align=\"JUSTIFY\"><span style=\"color: #000000;\"><span style=\"font-family: Garamond,serif;\"><span style=\"font-size: large;\">Ancora una volta penso che le mie parole scivoleranno via come l&#8217;acqua di un ruscello di montagna. Sto cercando di catturare l&#8217;attenzione di mio padre ma di certo penser\u00e0 che io stia scherzando. Da mesi e mesi non esce di casa e il suo fisico sta cedendo al peso della malattia. Trascorre le giornate steso a letto e russa cos\u00ec forte da far tremare i vetri.<\/span><\/span><\/span><\/p>\n<p align=\"JUSTIFY\"><span style=\"color: #000000;\"><span style=\"font-family: Garamond,serif;\"><span style=\"font-size: large;\">La stanza \u00e8 trascurata, un po&#8217; come le abitazioni in cui manca l&#8217;uomo di casa. Quasi non si muove, di camminare non se ne parla e le sue gambe oramai sono come quelle di una bambola di pezza. Ha perso l&#8217;interesse delle cose, parla poco o niente e quando lo fa divaga nei ricordi e gli occhi si perdono nella memoria di quei tempi.<\/span><\/span><\/span><\/p>\n<p align=\"JUSTIFY\"><span style=\"color: #000000;\"><span style=\"font-family: Garamond,serif;\"><span style=\"font-size: large;\">Mio padre ha ottant&#8217;anni ma per me \u00e8 come fosse immortale, come quelle cose che dai per scontate perch\u00e9 sai che sono tue e niente e nessuno te le porter\u00e0 via.<\/span><\/span><\/span><\/p>\n<p align=\"JUSTIFY\"><span style=\"color: #000000;\">\u201c<span style=\"font-family: Garamond,serif;\"><span style=\"font-size: large;\">Allora \u00e8 deciso, saranno delle rose.\u201d<\/span><\/span><\/span><\/p>\n<p align=\"JUSTIFY\"><span style=\"color: #000000;\"><span style=\"font-family: Garamond,serif;\"><span style=\"font-size: large;\">A vederlo cos\u00ec attento quasi non mi par vero: mi sta osservando a capire se lo far\u00f2 veramente. \u201cTe le comprer\u00f2 e le nasconderemo sotto alle coperte.\u201d Da tempo non mostra interesse per qualcosa ma adesso nei suoi occhi scorgo la luce di chi sta per fare una sorpresa a qualcuno. Sono felice, questo sar\u00e0 il mio modo di dirgli \u201cTi voglio bene\u201d. Non gliel&#8217;ho mai detto, nemmeno lui a me. Facciamo parte di una generazione che non ha mai cullato o abbracciato un familiare, ed esprimere affetto diventa una sfida immane, come un principiante che si accinge a scalare una montagna. <\/span><\/span><\/span><\/p>\n<p align=\"JUSTIFY\"><span style=\"color: #000000;\"><span style=\"font-family: Garamond,serif;\"><span style=\"font-size: large;\">Ma non \u00e8 detto che non vogliamo scalarla quella montagna, \u00e8 che non siamo abituati a farlo.<\/span><\/span><\/span><\/p>\n<p align=\"JUSTIFY\"><span style=\"color: #000000;\"><span style=\"font-family: Garamond,serif;\"><span style=\"font-size: large;\">Il suo \u201cti voglio bene\u201d \u00e8 arrivato d&#8217;inverno. Ero andata a trovarlo controvoglia, mi sarei fermata solo qualche minuto; mia madre riposava nella stanza accanto. L&#8217;ho salutato con un: \u201cBrrr, oggi l\u00e0 fuori fa proprio freddo, ho le mani congelate.\u201d Sollevando la testa, occhi a fissare i miei ha risposto: \u201cMettile qui sotto, sentirai che calduccio.\u201d <\/span><\/span><\/span><\/p>\n<p align=\"JUSTIFY\"><span style=\"color: #000000;\"><span style=\"font-family: Garamond,serif;\"><span style=\"font-size: large;\">Con quel gesto \u00e8 riuscito ad abbattere le barriere che c&#8217;erano tra noi. Quando ci ripenso lo rivedo alzare le coperte e spostarsi in l\u00e0, come se in quel letto volesse che mi ci coricassi, come a riappropriarsi del ruolo di un padre che vuole coccolare la propria figlia. Portargli quelle rose sar\u00e0 come restituirgli il calore di quel momento che da l\u00ec a poco diventer\u00e0 il mio ricordo speciale di lui. <\/span><\/span><\/span><\/p>\n<p align=\"JUSTIFY\"><span style=\"color: #000000;\"><span style=\"font-family: Garamond,serif;\"><span style=\"font-size: large;\">Quella mattina nella camera da letto c&#8217;era solo un corpo, mio padre era gi\u00e0 andato via. Mamma era seduta al tavolo della cucina. In attesa del suo risveglio stava sfogliando un libro. Qualche istante ancora e l&#8217;avrebbe chiamata. <\/span><\/span><\/span><\/p>\n<p align=\"JUSTIFY\"><span style=\"color: #000000;\"><span style=\"font-family: Garamond,serif;\"><span style=\"font-size: large;\">Proprio come quel giorno di Febbraio, il loro ultimo San Valentino. <\/span><\/span><\/span><\/p>\n<p align=\"JUSTIFY\"><span style=\"color: #000000;\"><span style=\"font-family: Garamond,serif;\"><span style=\"font-size: large;\">Mia madre entr\u00f2 in camera, mio padre estrasse dalle coperte quel mazzolino di fiori e glielo porse come fosse la cosa pi\u00f9 preziosa al mondo. Per alcuni attimi in quella stanza non esistette nient&#8217;altro che la donna con cui aveva condiviso una vita intera. Non era un uomo da smancerie e mia madre lo guardava come se non lo vedesse da tempo, come condividessero lo stesso spazio-tempo, lontani da tutto e da tutti, in un luogo che conoscevano soltanto loro.<\/span><\/span><\/span><\/p>\n<p align=\"JUSTIFY\"><span style=\"color: #000000;\"><span style=\"font-family: Garamond,serif;\"><span style=\"font-size: large;\">&#8211; \u201cSenti che profumo, sono i fiori pi\u00f9 belli che tu mi abbia mai regalato.\u201d<\/span><\/span><\/span><\/p>\n<p align=\"JUSTIFY\"><span style=\"color: #000000;\"><span style=\"font-family: Garamond,serif;\"><span style=\"font-size: large;\">&#8211; \u201cLi ho raccolti nel nostro giardino, ho scelto le rose che profumano di te\u201d. <\/span><\/span><\/span><\/p>\n<p align=\"JUSTIFY\"><span style=\"color: #000000;\"><span style=\"font-family: Garamond,serif;\"><span style=\"font-size: large;\">Tre rose rosse sono state il suo ultimo \u201cTi voglio bene\u201d a una donna che gli era stata moglie ma anche madre. Quelle rose le ho riviste tra le pagine di un libro.<\/span><\/span><\/span><\/p>\n<p align=\"JUSTIFY\"><span style=\"color: #000000;\"><span style=\"font-family: Garamond,serif;\"><span style=\"font-size: large;\">Non so che titolo avesse, n\u00e9 di cosa trattasse.<\/span><\/span><\/span><\/p>\n<p align=\"JUSTIFY\"><span style=\"color: #000000;\"><span style=\"font-family: Garamond,serif;\"><span style=\"font-size: large;\">Forse parlava d&#8217;amore e di un gesto d&#8217;affetto <\/span><\/span><\/span><span style=\"color: #000000;\"><span style=\"font-family: Garamond,serif;\"><span style=\"font-size: large;\">condiviso<\/span><\/span><\/span><span style=\"color: #000000;\"><span style=\"font-family: Garamond,serif;\"><span style=\"font-size: large;\"> grazie al profumo di tre rose.<\/span><\/span><\/span><\/p>\n<p align=\"JUSTIFY\"><span style=\"color: #000000;\"><span style=\"font-family: Garamond,serif;\"><span style=\"font-size: large;\"><br \/>\n<\/span><\/span><\/span><\/p>\n<div class=\"pvc_clear\"><\/div>\n<p id=\"pvc_stats_31238\" class=\"pvc_stats all  \" data-element-id=\"31238\" style=\"\"><i class=\"pvc-stats-icon medium\" aria-hidden=\"true\"><svg aria-hidden=\"true\" focusable=\"false\" data-prefix=\"far\" data-icon=\"chart-bar\" role=\"img\" xmlns=\"http:\/\/www.w3.org\/2000\/svg\" viewBox=\"0 0 512 512\" class=\"svg-inline--fa fa-chart-bar fa-w-16 fa-2x\"><path fill=\"currentColor\" d=\"M396.8 352h22.4c6.4 0 12.8-6.4 12.8-12.8V108.8c0-6.4-6.4-12.8-12.8-12.8h-22.4c-6.4 0-12.8 6.4-12.8 12.8v230.4c0 6.4 6.4 12.8 12.8 12.8zm-192 0h22.4c6.4 0 12.8-6.4 12.8-12.8V140.8c0-6.4-6.4-12.8-12.8-12.8h-22.4c-6.4 0-12.8 6.4-12.8 12.8v198.4c0 6.4 6.4 12.8 12.8 12.8zm96 0h22.4c6.4 0 12.8-6.4 12.8-12.8V204.8c0-6.4-6.4-12.8-12.8-12.8h-22.4c-6.4 0-12.8 6.4-12.8 12.8v134.4c0 6.4 6.4 12.8 12.8 12.8zM496 400H48V80c0-8.84-7.16-16-16-16H16C7.16 64 0 71.16 0 80v336c0 17.67 14.33 32 32 32h464c8.84 0 16-7.16 16-16v-16c0-8.84-7.16-16-16-16zm-387.2-48h22.4c6.4 0 12.8-6.4 12.8-12.8v-70.4c0-6.4-6.4-12.8-12.8-12.8h-22.4c-6.4 0-12.8 6.4-12.8 12.8v70.4c0 6.4 6.4 12.8 12.8 12.8z\" class=\"\"><\/path><\/svg><\/i> <img loading=\"lazy\" decoding=\"async\" width=\"16\" height=\"16\" alt=\"Loading\" src=\"https:\/\/www.raccontinellarete.it\/301\/wp-content\/plugins\/page-views-count\/ajax-loader-2x.gif\" border=0 \/><\/p>\n<div class=\"pvc_clear\"><\/div>\n","protected":false},"excerpt":{"rendered":"<p>\u201cPotresti regalarle dei fiori per San Valentino!\u201d Ancora una volta penso che le mie parole scivoleranno via come l&#8217;acqua di un ruscello di montagna. Sto cercando di catturare l&#8217;attenzione di mio padre ma di certo penser\u00e0 che io stia scherzando. Da mesi e mesi non esce di casa e il suo fisico sta cedendo al [&hellip;]<\/p>\n<div class=\"pvc_clear\"><\/div>\n<p id=\"pvc_stats_31238\" class=\"pvc_stats all  \" data-element-id=\"31238\" style=\"\"><i class=\"pvc-stats-icon medium\" aria-hidden=\"true\"><svg aria-hidden=\"true\" focusable=\"false\" data-prefix=\"far\" data-icon=\"chart-bar\" role=\"img\" xmlns=\"http:\/\/www.w3.org\/2000\/svg\" viewBox=\"0 0 512 512\" class=\"svg-inline--fa fa-chart-bar fa-w-16 fa-2x\"><path fill=\"currentColor\" d=\"M396.8 352h22.4c6.4 0 12.8-6.4 12.8-12.8V108.8c0-6.4-6.4-12.8-12.8-12.8h-22.4c-6.4 0-12.8 6.4-12.8 12.8v230.4c0 6.4 6.4 12.8 12.8 12.8zm-192 0h22.4c6.4 0 12.8-6.4 12.8-12.8V140.8c0-6.4-6.4-12.8-12.8-12.8h-22.4c-6.4 0-12.8 6.4-12.8 12.8v198.4c0 6.4 6.4 12.8 12.8 12.8zm96 0h22.4c6.4 0 12.8-6.4 12.8-12.8V204.8c0-6.4-6.4-12.8-12.8-12.8h-22.4c-6.4 0-12.8 6.4-12.8 12.8v134.4c0 6.4 6.4 12.8 12.8 12.8zM496 400H48V80c0-8.84-7.16-16-16-16H16C7.16 64 0 71.16 0 80v336c0 17.67 14.33 32 32 32h464c8.84 0 16-7.16 16-16v-16c0-8.84-7.16-16-16-16zm-387.2-48h22.4c6.4 0 12.8-6.4 12.8-12.8v-70.4c0-6.4-6.4-12.8-12.8-12.8h-22.4c-6.4 0-12.8 6.4-12.8 12.8v70.4c0 6.4 6.4 12.8 12.8 12.8z\" class=\"\"><\/path><\/svg><\/i> <img loading=\"lazy\" decoding=\"async\" width=\"16\" height=\"16\" alt=\"Loading\" src=\"https:\/\/www.raccontinellarete.it\/301\/wp-content\/plugins\/page-views-count\/ajax-loader-2x.gif\" border=0 \/><\/p>\n<div class=\"pvc_clear\"><\/div>\n","protected":false},"author":12965,"featured_media":0,"comment_status":"open","ping_status":"closed","sticky":false,"template":"","format":"standard","meta":{"footnotes":""},"categories":[398],"tags":[355,446,452,456,453,449,450,27,445,455,454,451],"class_list":["post-31238","post","type-post","status-publish","format-standard","hentry","category-premio-racconti-nella-rete-2017","tag-raccontinellarete","tag-famiglia","tag-perdita-di-familiare","tag-profumo-delle-rose","tag-rapporti-conflittuali","tag-rapporti-familiari","tag-rapporto-padre-figlia","tag-ricordi","tag-ricordi-di-gioventu","tag-rosa","tag-sentimenti","tag-ultimo-san-valentino"],"_links":{"self":[{"href":"https:\/\/www.raccontinellarete.it\/index.php?rest_route=\/wp\/v2\/posts\/31238"}],"collection":[{"href":"https:\/\/www.raccontinellarete.it\/index.php?rest_route=\/wp\/v2\/posts"}],"about":[{"href":"https:\/\/www.raccontinellarete.it\/index.php?rest_route=\/wp\/v2\/types\/post"}],"author":[{"embeddable":true,"href":"https:\/\/www.raccontinellarete.it\/index.php?rest_route=\/wp\/v2\/users\/12965"}],"replies":[{"embeddable":true,"href":"https:\/\/www.raccontinellarete.it\/index.php?rest_route=%2Fwp%2Fv2%2Fcomments&post=31238"}],"version-history":[{"count":7,"href":"https:\/\/www.raccontinellarete.it\/index.php?rest_route=\/wp\/v2\/posts\/31238\/revisions"}],"predecessor-version":[{"id":31357,"href":"https:\/\/www.raccontinellarete.it\/index.php?rest_route=\/wp\/v2\/posts\/31238\/revisions\/31357"}],"wp:attachment":[{"href":"https:\/\/www.raccontinellarete.it\/index.php?rest_route=%2Fwp%2Fv2%2Fmedia&parent=31238"}],"wp:term":[{"taxonomy":"category","embeddable":true,"href":"https:\/\/www.raccontinellarete.it\/index.php?rest_route=%2Fwp%2Fv2%2Fcategories&post=31238"},{"taxonomy":"post_tag","embeddable":true,"href":"https:\/\/www.raccontinellarete.it\/index.php?rest_route=%2Fwp%2Fv2%2Ftags&post=31238"}],"curies":[{"name":"wp","href":"https:\/\/api.w.org\/{rel}","templated":true}]}}